{"id":3545,"date":"2018-06-24T00:27:21","date_gmt":"2018-06-24T00:27:21","guid":{"rendered":"http:\/\/corretoraideal.com.br\/blog\/index.php\/2018\/06\/24\/cca_title-4\/"},"modified":"2018-06-24T00:27:39","modified_gmt":"2018-06-24T00:27:39","slug":"a-decoracao-e-a-organizacao-do-edu","status":"publish","type":"post","link":"https:\/\/blog.corretoraideal.com.br\/index.php\/2018\/06\/24\/a-decoracao-e-a-organizacao-do-edu\/","title":{"rendered":"A decora\u00e7\u00e3o e a Organiza\u00e7\u00e3o Do Edu"},"content":{"rendered":"<p>AVISO: ESTE POST CONT&Eacute;M IMAGENS FORTES.<\/p>\n<p>Todo mundo sabe que eu gosto muito de decora&ccedil;&atilde;o e coisas visual, o que nem todos sabem &eacute; que, al&eacute;m de estabanado, eu sou um cara bem desorganizado. Quem sofre com isso &eacute; o meu pobre diarista, a santa Dona Arminda que, mesmo chegando aqui 3x de uma semana ainda cortar um dobrado para colocar a casa em ordem. Eu estou contando com isso obter a prop&oacute;sito deste post.<\/p>\n<p>Os caras da <a href=\"http:\/\/uatt.com.br\" target=\"_blank\"><strong>Uatt? <\/strong> <\/a>pediu-me para fazer um post indicando alguns dos produtos da linha casa da marca e eu pensei que eu iria concentrar-se sobre as op&ccedil;&otilde;es que voc&ecirc; memorizar e ainda dar uma organizada, ou seja, bem mesmo utilit&aacute;rio. Assim, a fim de ilustrar as situa&ccedil;&otilde;es, eu decidi tirar algumas fotos do lado escuro da minha resid&ecirc;ncia para mostrar a voc&ecirc; que aqui n&atilde;o &eacute; uma casa de revista, como algumas pessoas pensam. Como todos em casa, eu espero ser defendido por algumas coisas. Hehehe<\/p>\n<h3>1 &ndash; Poupan&ccedil;a de mantimentos<\/h3>\n<p>Mantimentos. Que palavra estranha hein? Mas vamos l&aacute;! Este &eacute; um cl&aacute;ssico para aqueles que n&atilde;o t&ecirc;m muita intimidade com a organiza&ccedil;&atilde;o. Feche o saco com um pregador de roupa deve ser proibida por lei. Quando me mudei para esta casa que eu tenho hoje, eu joguei um monte de pote de pl&aacute;stico para fora e disse, &#8220;casa nova, vida nova, eu vou comprar um monte de lata nova para salvar tudo&#8221;. Pobre D. Arminda me carregando at&eacute; hoje.<\/p>\n<p><img loading=\"lazy\" decoding=\"async\" class=\"aligncenter size-full wp-image-3547\" src=\"http:\/\/corretoraideal.com.br\/blog\/wp-content\/uploads\/2018\/06\/organizacao-37-1.jpeg\" alt=\"Organiza&ccedil;&atilde;o   37\" width=\"800\" height=\"400\" \/><\/img><\/p>\n<p>Voc&ecirc; pode encomendar na &aacute;rea, eu vi no <a href=\"http:\/\/uatt.com.br\" target=\"_blank\"><strong>Uatt? <\/strong><\/a> estes conjuntos de latas com uma pegada retr&ocirc;, que eu acho que rola muito para colocar tudo e ainda deixar expostos em alguma prateleira.<\/p>\n<p><img loading=\"lazy\" decoding=\"async\" class=\"aligncenter size-full wp-image-3548\" src=\"http:\/\/corretoraideal.com.br\/blog\/wp-content\/uploads\/2018\/06\/grande-cd98cc43c7d44a82839daa5c0e6251b0-1.jpeg\" alt=\"grande cd98cc43c7d44a82839daa5c0e6251b0\" width=\"800\" height=\"400\" \/><\/img><img loading=\"lazy\" decoding=\"async\" class=\"aligncenter size-full wp-image-3549\" src=\"http:\/\/corretoraideal.com.br\/blog\/wp-content\/uploads\/2018\/06\/grande-842fd8402e6970bb35e68c09b1824ffa-1.jpeg\" alt=\"grande 842fd8402e6970bb35e68c09b1824ffa\" width=\"800\" height=\"400\" \/><\/img><\/p>\n<p><strong><a href=\"http:\/\/uatt.com.br\/cozinha\/conjunto-4-latas-temperos-vintage\/?utm_source=BlogHomensDaCasa&amp;utm_medium=PubliPost&amp;utm_term=DiaDosPais&amp;utm_content=LatasVintage1&amp;utm_campaign=DiaDosPais\" target=\"_blank\">Conjunto de 4 latas de condimentos vintage<\/a> e <a href=\"http:\/\/uatt.com.br\/cozinha\/conjunto-4-latas-mantimentos-vintage\/?utm_source=BlogHomensDaCasa&amp;utm_medium=PubliPost&amp;utm_term=DiaDosPais&amp;utm_content=LatasVintage2&amp;utm_campaign=DiaDosPais\" target=\"_blank\">Conjunto de 4 latas de alimentos &#8211; vintage<\/a><\/strong><\/p>\n<h3>2 &#8211; Pendurar Roupas<\/h3>\n<p>Este &eacute; um cl&aacute;ssico e eu j&aacute; tirar de cena desde a adolesc&ecirc;ncia, quando ainda morava com a minha m&atilde;e. &Eacute; que &agrave;s vezes voc&ecirc; usar uma roupa, n&atilde;o suja e voc&ecirc; tem que deixar ela ali &agrave; m&atilde;o para usar novamente. Aquele momento que vem na ma&ccedil;aneta da porta. Rs. O problema &eacute; que eu acabo esquecendo-lo l&aacute;, quando me lembro, o profanado, n&atilde;o jogo em lugar da roupa suja (pr&oacute;ximo t&oacute;pico). #DonaArmindaIrada<\/p>\n<p><img loading=\"lazy\" decoding=\"async\" class=\"aligncenter size-full wp-image-3550\" src=\"http:\/\/corretoraideal.com.br\/blog\/wp-content\/uploads\/2018\/06\/organizacao-12-1.jpeg\" alt=\"Organiza&ccedil;&atilde;o   12\" width=\"800\" height=\"400\" \/><\/img><\/p>\n<p>Uma solu&ccedil;&atilde;o para isso &eacute; ter uma prateleira para colocar a ordem em roupas, bon&eacute;s, etc. Este modelo abaixo tem um design bem clean, ocupa pouco espa&ccedil;o e ainda resolve mais este pequeno problema dom&eacute;stico.<\/p>\n<p><img loading=\"lazy\" decoding=\"async\" class=\"aligncenter size-full wp-image-3551\" src=\"http:\/\/corretoraideal.com.br\/blog\/wp-content\/uploads\/2018\/06\/grande-997277e9a05ac519d06eb8b313608562-1.jpeg\" alt=\"grande 997277e9a05ac519d06eb8b313608562\" width=\"800\" height=\"400\" \/><\/img><img loading=\"lazy\" decoding=\"async\" class=\"aligncenter size-full wp-image-3552\" src=\"http:\/\/corretoraideal.com.br\/blog\/wp-content\/uploads\/2018\/06\/grande-892880a41be42c9dd1cce474be1d2ff9-1.jpeg\" alt=\"grande 892880a41be42c9dd1cce474be1d2ff9\" width=\"800\" height=\"400\" \/><\/img><\/p>\n<p><strong><a href=\"http:\/\/uatt.com.br\/mini-moveis\/cabideiro-faixa-color-branco-e-preto\/?utm_source=BlogHomensDaCasa&amp;utm_medium=PubliPost&amp;utm_term=DiaDosPais&amp;utm_content=Cabideiro&amp;utm_campaign=DiaDosPais\" target=\"_blank\">Rack Faixa De Cor<\/a><\/strong><\/p>\n<h3>3 &#8211; E a roupa suja?<\/h3>\n<p>Pois &eacute;, eu ainda n&atilde;o tenho um canto para colocar a roupa suja. &Eacute; que a &aacute;rea de servi&ccedil;o &eacute; no primeiro andar da casa, do lado de fora. Como eu s&oacute; me lembro que na hora de tirar a roupa, eu sou muito pregui&ccedil;oso para sair nu e ir at&eacute; l&aacute;. Em seguida, as roupas tendem a acabar sob a pia. Ok, &eacute; feio, eu sei, podem me julgar.<\/p>\n<p><img loading=\"lazy\" decoding=\"async\" class=\"aligncenter size-full wp-image-3553\" src=\"http:\/\/corretoraideal.com.br\/blog\/wp-content\/uploads\/2018\/06\/organizacao-8-1.jpeg\" alt=\"Organiza&ccedil;&atilde;o   8\" width=\"800\" height=\"400\" \/><\/img><img loading=\"lazy\" decoding=\"async\" class=\"aligncenter size-full wp-image-3554\" src=\"http:\/\/corretoraideal.com.br\/blog\/wp-content\/uploads\/2018\/06\/organizacao-6-1.jpeg\" alt=\"Organiza&ccedil;&atilde;o   6\" width=\"800\" height=\"400\" \/><\/img>Mas esses dias arrepilantes s&atilde;o numeradas, porque basta olhar para essas cestas! Muito a minha cara.<\/p>\n<p><img loading=\"lazy\" decoding=\"async\" class=\"aligncenter size-full wp-image-3555\" src=\"http:\/\/corretoraideal.com.br\/blog\/wp-content\/uploads\/2018\/06\/grande-dae1bcdfc7763f441b37ac160123213b-1.jpeg\" alt=\"grande dae1bcdfc7763f441b37ac160123213b\" width=\"800\" height=\"400\" \/><\/img><img loading=\"lazy\" decoding=\"async\" class=\"aligncenter size-full wp-image-3556\" src=\"http:\/\/corretoraideal.com.br\/blog\/wp-content\/uploads\/2018\/06\/grande-e349ad198c450d7cf9023c488c9fcda5-1.jpeg\" alt=\"grande e349ad198c450d7cf9023c488c9fcda5\" width=\"800\" height=\"400\" \/><\/img><img loading=\"lazy\" decoding=\"async\" class=\"aligncenter size-full wp-image-3557\" src=\"http:\/\/corretoraideal.com.br\/blog\/wp-content\/uploads\/2018\/06\/grande-830d30a974b1805df0dc10a36dda3c6c-1.jpeg\" alt=\"grande 830d30a974b1805df0dc10a36dda3c6c\" width=\"800\" height=\"400\" \/><\/img><\/p>\n<p><strong><a href=\"http:\/\/uatt.com.br\/produtos\/?busca=cesto+organizador&amp;utm_source=BlogHomensDaCasa&amp;utm_medium=PubliPost&amp;utm_term=DiaDosPais&amp;utm_content=CestoOrganizador&amp;utm_campaign=DiaDosPais\" target=\"_blank\">Cesto organizador<\/a> <\/strong>e<strong> <a href=\"http:\/\/uatt.com.br\/cesto\/cesto-de-roupa-azul\/?utm_source=BlogHomensDaCasa&amp;utm_medium=PubliPost&amp;utm_term=DiaDosPais&amp;utm_content=CestoRoupa&amp;utm_campaign=DiaDosPais\" target=\"_blank\">o Cesto de roupas azul<\/a><\/strong><\/p>\n<h3>4 &#8211; Bancada De Pia<\/h3>\n<p>Falando da casa de banho, isso &eacute; mais complicado. O escrit&oacute;rio &eacute; muito pequena e as gavetas tamb&eacute;m, acaba deixando e o que eu sempre usar o modo de exibi&ccedil;&atilde;o. Apesar de ser um pouco mais pr&aacute;tico, bem feio.<\/p>\n<p><img loading=\"lazy\" decoding=\"async\" class=\"aligncenter size-full wp-image-3558\" src=\"http:\/\/corretoraideal.com.br\/blog\/wp-content\/uploads\/2018\/06\/organizacao-17-1.jpeg\" alt=\"Organiza&ccedil;&atilde;o   17\" width=\"800\" height=\"400\" \/><\/img>Como voc&ecirc; n&atilde;o tem espa&ccedil;o na pia, pensei em colocar um m&oacute;vel pequeno na casa de banho e organizar tudo em cima. Este aparador &eacute; pequeno e desloca-se tamb&eacute;m:<\/p>\n<p><img loading=\"lazy\" decoding=\"async\" class=\"aligncenter size-full wp-image-3559\" src=\"http:\/\/corretoraideal.com.br\/blog\/wp-content\/uploads\/2018\/06\/grande-a314da054dea1806b96deffeaa434284-1.jpeg\" alt=\"grande a314da054dea1806b96deffeaa434284\" width=\"800\" height=\"400\" \/><\/img><img loading=\"lazy\" decoding=\"async\" class=\"aligncenter size-full wp-image-3560\" src=\"http:\/\/corretoraideal.com.br\/blog\/wp-content\/uploads\/2018\/06\/grande-2bc16f61719c604450e92d898ed19585-1.jpeg\" alt=\"grande 2bc16f61719c604450e92d898ed19585\" width=\"800\" height=\"400\" \/><\/img><\/p>\n<p><strong><a href=\"http:\/\/uatt.com.br\/produtos\/?busca=aparador+bandeja&amp;utm_source=BlogHomensDaCasa&amp;utm_medium=PubliPost&amp;utm_term=DiaDosPais&amp;utm_content=AparadorBandeja&amp;utm_campaign=DiaDosPais\" target=\"_blank\">Aparador De Bandeja<\/a><\/strong><\/p>\n<p>Bem, como voc&ecirc; pode ver, eu estou longe de ser um exemplo de organiza&ccedil;&atilde;o. Mas eu fiz quest&atilde;o de abordar isso com voc&ecirc; tamb&eacute;m se animar a fazer um acordo em acampar por l&aacute; e deixe o seu canto mais apresent&aacute;vel. Para ajudar voc&ecirc; com isso, l&aacute; no tt.com.br&#8221; target=&#8221;_blank&#8221;&gt;<strong>Uatt? <\/strong><\/a> tem um monte de op&ccedil;&otilde;es legal para decorar e organizar sua casa. Clique <a href=\"http:\/\/uatt.com.br\" target=\"_blank\"><strong>AQUI<\/strong><\/a> e visite a <a href=\"http:\/\/uatt.com.br\" target=\"_blank\"><strong>loja virtual<\/strong><\/a>.<\/p>\n<p>Eu prometo dar um trato em tudo e mostrar o resultado em breve. Dona Arminda amea&ccedil;ando a mostrar as fotos para minha m&atilde;e se eu n&atilde;o fizer. Ferrou&#8230; rsrs<\/p>\n<p><img loading=\"lazy\" decoding=\"async\" class=\"aligncenter size-full wp-image-3561\" src=\"http:\/\/corretoraideal.com.br\/blog\/wp-content\/uploads\/2018\/06\/publi-4-13.png\" alt=\"Publi 4\" width=\"800\" height=\"400\" \/><\/img><\/p>\n","protected":false},"excerpt":{"rendered":"<p>AVISO: ESTE POST CONT&Eacute;M IMAGENS FORTES. Todo mundo sabe que eu gosto muito de decora&ccedil;&atilde;o e coisas visual, o que nem todos sabem &eacute; que, al&eacute;m de estabanado, eu sou um cara bem desorganizado. Quem sofre com isso &eacute; o meu pobre diarista, a santa Dona Arminda que, mesmo chegando aqui 3x de uma semana [&hellip;]<\/p>\n","protected":false},"author":0,"featured_media":0,"comment_status":"open","ping_status":"open","sticky":false,"template":"","format":"standard","meta":{"footnotes":""},"categories":[],"tags":[],"class_list":["post-3545","post","type-post","status-publish","format-standard","hentry"],"_links":{"self":[{"href":"https:\/\/blog.corretoraideal.com.br\/index.php\/wp-json\/wp\/v2\/posts\/3545","targetHints":{"allow":["GET"]}}],"collection":[{"href":"https:\/\/blog.corretoraideal.com.br\/index.php\/wp-json\/wp\/v2\/posts"}],"about":[{"href":"https:\/\/blog.corretoraideal.com.br\/index.php\/wp-json\/wp\/v2\/types\/post"}],"replies":[{"embeddable":true,"href":"https:\/\/blog.corretoraideal.com.br\/index.php\/wp-json\/wp\/v2\/comments?post=3545"}],"version-history":[{"count":1,"href":"https:\/\/blog.corretoraideal.com.br\/index.php\/wp-json\/wp\/v2\/posts\/3545\/revisions"}],"predecessor-version":[{"id":3562,"href":"https:\/\/blog.corretoraideal.com.br\/index.php\/wp-json\/wp\/v2\/posts\/3545\/revisions\/3562"}],"wp:attachment":[{"href":"https:\/\/blog.corretoraideal.com.br\/index.php\/wp-json\/wp\/v2\/media?parent=3545"}],"wp:term":[{"taxonomy":"category","embeddable":true,"href":"https:\/\/blog.corretoraideal.com.br\/index.php\/wp-json\/wp\/v2\/categories?post=3545"},{"taxonomy":"post_tag","embeddable":true,"href":"https:\/\/blog.corretoraideal.com.br\/index.php\/wp-json\/wp\/v2\/tags?post=3545"}],"curies":[{"name":"wp","href":"https:\/\/api.w.org\/{rel}","templated":true}]}}