{"id":3963,"date":"2018-06-26T04:25:30","date_gmt":"2018-06-26T04:25:30","guid":{"rendered":"http:\/\/corretoraideal.com.br\/blog\/index.php\/2018\/06\/26\/cca_title-5\/"},"modified":"2018-06-26T04:25:42","modified_gmt":"2018-06-26T04:25:42","slug":"a-justica-entende-que-a-venda-de-itambe-no-lactalis-machucar-de-acordo-com-a-forca-exame","status":"publish","type":"post","link":"https:\/\/blog.corretoraideal.com.br\/index.php\/2018\/06\/26\/a-justica-entende-que-a-venda-de-itambe-no-lactalis-machucar-de-acordo-com-a-forca-exame\/","title":{"rendered":"A justi\u00e7a entende que a venda de Itamb\u00e9 no Lactalis machucar de acordo com a for\u00e7a | exame"},"content":{"rendered":"<p><\/img><\/p>\n<p>Itamb&eacute;: &#8220;a decis&atilde;o de hoje &eacute; o primeiro no m&eacute;rito do caso analisado pela Justi&ccedil;a. (ThinkStock\/Thinkstock)<\/p>\n<p>S&atilde;o Paulo &ndash; o Tribunal de Justi&ccedil;a do estado de S&atilde;o Paulo, publicada na noite de segunda-feira, 25, a decis&atilde;o de suspender a venda de Itamb&eacute; Alimentos cooperativa central dos produtores rurais de Minas Gerais (CCPR), uma multinacional francesa Lactalis. Com isso, a realiza&ccedil;&atilde;o de um dos mais controversos no pa&iacute;s distante. Com a compra, a Lactalis roubou Nestl&eacute; de lideran&ccedil;a no mercado nacional. A decis&atilde;o de hoje &eacute; o primeiro no m&eacute;rito do caso analisado pela Justi&ccedil;a.<\/p>\n<p>Juiz Luis Felipe Ferrari Bedendi viu evid&ecirc;ncias de que o CCPR violou um acordo de acionistas com for&ccedil;a em 2013, quando ela ainda estava segurando a metade das a&ccedil;&otilde;es da Itamb&eacute; j&aacute; concluiu a venda sem oferta de a&ccedil;&otilde;es para a for&ccedil;a. &#8220;Mesmo se a elimina&ccedil;&atilde;o da Itamb&eacute; para BSA ocorre apenas ap&oacute;s a rescis&atilde;o do acordo de acionistas, significa que o governo, h&aacute; uma probabilidade de infra&ccedil;&atilde;o, o fornecedor acima do item 12.1.(I), que prev&ecirc; o direito de prefer&ecirc;ncia&#8221;.<\/p>\n<p>A venda das a&ccedil;&otilde;es da Itamb&eacute; est&atilde;o suspensos at&eacute; que a disputa seja resolvida por meio de arbitragem da c&acirc;mara.<\/p>\n<p>Em Mar&ccedil;o, a C&acirc;mara de Com&eacute;rcio de direito do tribunal de Justi&ccedil;a de S&atilde;o Paulo<a href=\"https:\/\/exame.abril.com.br\/negocios\/justica-suspende-venda-da-itambe-a-lactalis\/\" target=\"_blank\" rel=\"noopener\"> j&aacute; decidiu<\/a> , por dois votos a um, que o carro sobre a <strong><a href=\"https:\/\/exame.abril.com.br\/noticias-sobre\/itambe\/\">Itamb&eacute;<\/a> <\/strong>n&atilde;o pode ser transferida a Lactalis. A resolu&ccedil;&atilde;o, no entanto, foi a natureza de uma liminar. <\/p>\n<p>A venda de Itamb&eacute; para Lactalis anunciado em 5 de dezembro do ano passado. Mas travada desde o dia 15 de dezembro, quando as for&ccedil;as levantadas contra o processo, alegando que o CCPR n&atilde;o pode vender 100% das a&ccedil;&otilde;es da empresa. <\/p>\n<p>Veja tamb&eacute;m<\/p>\n<ul>\n<li><a class=\"widget-news-thumb mini\" href=\"https:\/\/exame.abril.com.br\/revista-exame\/quem-mexeu-no-meu-leite\/\" rel=\"bookmark\"><img loading=\"lazy\" decoding=\"async\" class=\"aligncenter size-full wp-image-3965\" src=\"http:\/\/corretoraideal.com.br\/blog\/wp-content\/uploads\/2018\/06\/lactalis-1.png\" alt=\"LACTALIS 1\" width=\"800\" height=\"400\" \/><\/img><\/a><a href=\"\/revista-exame\" class=\"widget-news-item-category color-theme\">Di&aacute;rio de gratid&atilde;o<\/a><a href=\"https:\/\/exame.abril.com.br\/revista-exame\/quem-mexeu-no-meu-leite\/\" class=\"\">a compra da Itamb&eacute; por Lactalis rasgou atrav&eacute;s de uma batalha judicial<\/a><i>query_builder<\/i> 1 de fevereiro 2018 &#8211; 05h02<\/li>\n<li><\/li>\n<\/ul>\n","protected":false},"excerpt":{"rendered":"<p>Itamb&eacute;: &#8220;a decis&atilde;o de hoje &eacute; o primeiro no m&eacute;rito do caso analisado pela Justi&ccedil;a. (ThinkStock\/Thinkstock) S&atilde;o Paulo &ndash; o Tribunal de Justi&ccedil;a do estado de S&atilde;o Paulo, publicada na noite de segunda-feira, 25, a decis&atilde;o de suspender a venda de Itamb&eacute; Alimentos cooperativa central dos produtores rurais de Minas Gerais (CCPR), uma multinacional francesa [&hellip;]<\/p>\n","protected":false},"author":0,"featured_media":0,"comment_status":"open","ping_status":"open","sticky":false,"template":"","format":"standard","meta":{"footnotes":""},"categories":[],"tags":[],"class_list":["post-3963","post","type-post","status-publish","format-standard","hentry"],"_links":{"self":[{"href":"https:\/\/blog.corretoraideal.com.br\/index.php\/wp-json\/wp\/v2\/posts\/3963","targetHints":{"allow":["GET"]}}],"collection":[{"href":"https:\/\/blog.corretoraideal.com.br\/index.php\/wp-json\/wp\/v2\/posts"}],"about":[{"href":"https:\/\/blog.corretoraideal.com.br\/index.php\/wp-json\/wp\/v2\/types\/post"}],"replies":[{"embeddable":true,"href":"https:\/\/blog.corretoraideal.com.br\/index.php\/wp-json\/wp\/v2\/comments?post=3963"}],"version-history":[{"count":1,"href":"https:\/\/blog.corretoraideal.com.br\/index.php\/wp-json\/wp\/v2\/posts\/3963\/revisions"}],"predecessor-version":[{"id":3966,"href":"https:\/\/blog.corretoraideal.com.br\/index.php\/wp-json\/wp\/v2\/posts\/3963\/revisions\/3966"}],"wp:attachment":[{"href":"https:\/\/blog.corretoraideal.com.br\/index.php\/wp-json\/wp\/v2\/media?parent=3963"}],"wp:term":[{"taxonomy":"category","embeddable":true,"href":"https:\/\/blog.corretoraideal.com.br\/index.php\/wp-json\/wp\/v2\/categories?post=3963"},{"taxonomy":"post_tag","embeddable":true,"href":"https:\/\/blog.corretoraideal.com.br\/index.php\/wp-json\/wp\/v2\/tags?post=3963"}],"curies":[{"name":"wp","href":"https:\/\/api.w.org\/{rel}","templated":true}]}}