{"id":4008,"date":"2018-06-26T15:32:50","date_gmt":"2018-06-26T15:32:50","guid":{"rendered":"http:\/\/corretoraideal.com.br\/blog\/index.php\/2018\/06\/26\/cca_title-5\/"},"modified":"2018-06-26T15:33:22","modified_gmt":"2018-06-26T15:33:22","slug":"classe-2-do-stf-impoe-derrotas-fachin-relator-da-protecao-de-aviao-exame","status":"publish","type":"post","link":"https:\/\/blog.corretoraideal.com.br\/index.php\/2018\/06\/26\/classe-2-do-stf-impoe-derrotas-fachin-relator-da-protecao-de-aviao-exame\/","title":{"rendered":"Classe 2 do STF imp\u00f5e derrotas Fachin, Relator da prote\u00e7\u00e3o de avi\u00e3o | exame"},"content":{"rendered":"<p><\/img><\/p>\n<p>Sede da campanha de jet do Supremo Tribunal de justi&ccedil;a, Ministro Edson Fachin acumula uma s&eacute;rie de derrotas no segundo grau (Jos&eacute; Cruz\/Ag&ecirc;ncia Brasil\/Ag&ecirc;ncia Brasil)<\/p>\n<p>Bras&iacute;lia &ndash; a decis&atilde;o do lava jato no Supremo tribunal federal (<a href=\"https:\/\/exame.abril.com.br\/noticias-sobre\/stf\/\"><strong>STF<\/strong><\/a>), Ministro <strong><a href=\"https:\/\/exame.abril.com.br\/noticias-sobre\/edson-fachin\/\">Edson Fachin<\/a><\/strong> acumula uma s&eacute;rie de derrotas no segundo grupo, incluindo as quest&otilde;es cr&iacute;ticas do processo, tais como a convic&ccedil;&atilde;o de pol&iacute;ticos obter dinheiro de forma ilegal, atrav&eacute;s de caixa 2 do artigo doar eleitorais oficial. Uma pesquisa realizada pelo jornal o Estado de S. Paulo em 30 de votos mais importantes nas palavras a necessidade de prote&ccedil;&atilde;o de aeronave desenvolvimentos indicam que Fachin derrotados pelo menos 13 vezes desde que ele assumiu a Relatoria da opera&ccedil;&atilde;o, em fevereiro de 2017.<\/p>\n<p>Fachin sofreu retrocessos na an&aacute;lise de atos criminosos que envolvem o Presidente do PT, a Senadora Gleisi Hoffmann (PR), Deputado Federal Nelson Meurer (PP-Pr) &ndash; incluindo as quest&otilde;es levantadas nestes casos, tais como a perda autom&aacute;tica do seu post. Derrotado no julgamento de reclama&ccedil;&otilde;es pelo Procurador-Geral contra os parlamentares sobre a manuten&ccedil;&atilde;o ou n&atilde;o da pris&atilde;o em Um compartilhamento de reporting do segmento foi premiado com o juiz S&eacute;rgio Moro.<\/p>\n<p>Decis&atilde;o, Fachin de responder normalmente a pedido do Minist&eacute;rio p&uacute;blico. Suas derrotas refletem a divis&atilde;o do tribunal em rela&ccedil;&atilde;o ao fluxo de lava que j&aacute; causou discuss&otilde;es entre os Ministros, Gilmar Mendes e Luis Roberto Barroso.<\/p>\n<p>Diferentemente do que acontece no plen&aacute;rio, um conjunto que normalmente acompanha a Gilmar maioria na Classe II (al&eacute;m da Fachin e Gilmar, o grupo &eacute; composto de Ricardo Lewandowski, D. Toffoli e celso de Mello). Configure j&aacute; Fachin alterar a estrat&eacute;gia de escolha para tirar algumas quest&otilde;es diretamente para a assembleia geral, que foi capaz de reverter um resultado negativo no segundo grau.<\/p>\n<p>O caso de maior efeito, foi a apari&ccedil;&atilde;o no tribunal, o ex-presidente Luiz In&aacute;cio Lula da Silva, que estava no fundo da possibilidade de pris&atilde;o, depois de sua condena&ccedil;&atilde;o em segundo grau. Na ocasi&atilde;o, o Relator do fluxo de lava saiu vitorioso.<\/p>\n<p>Em setembro, a composi&ccedil;&atilde;o da segunda classe vai mudar. Toffoli esquerda, para assumir a presid&ecirc;ncia do Supremo Tribunal federal e Carmen L&uacute;cia, que deixou o Tribunal para retornar para o Conselho. A Troca deve alterar o status do segundo grupo, chamado de &#8220;Jardim do &Eacute;den&#8221; &eacute; considerado menos rigorosas do que as da primeira classe (mais informa&ccedil;&otilde;es nesta p&aacute;gina).<\/p>\n<h3><strong>Caixa 2<\/strong><\/h3>\n<p>O mais recente rev&eacute;s Fachin ocorreu na semana passada, quando a terceira turma, tem Gleisi por 3 votos a 2 de crime de caixa 2, contrariando a posi&ccedil;&atilde;o do Relator celso de Mello. De acordo com o Procurador-Geral da Rep&uacute;blica, fez quatro remessas de R $ 250 mil em dinheiro, que ser&aacute; usado na prote&ccedil;&atilde;o de Gleisi sem registro &ndash; Fachin, atos definir um quadro de como a Pra&ccedil;a 2, n&atilde;o a corrup&ccedil;&atilde;o passiva, tal como alegado pelo Minist&eacute;rio p&uacute;blico.<\/p>\n<p>Gleisi, no entanto, foi absolvido das acusa&ccedil;&otilde;es de caixa 2, Eles Toffoli, Lewandowski, Gilmar, que n&oacute;s n&atilde;o vi provas suficientes para condenar o petista. Tr&ecirc;s ministros que voc&ecirc; n&atilde;o pode punir o Senador exclusivamente na base de dados de informantes.<\/p>\n<p>Na segunda inst&acirc;ncia condenou Meurer, por unanimidade, de 13 anos, 9 meses e 10 dias de pris&atilde;o em um fechamento de base de infrac&ccedil;&otilde;es poder de corrup&ccedil;&atilde;o e lavagem de dinheiro, tornando-se o primeiro parlamentar condenado por um tribunal na sequ&ecirc;ncia de prote&ccedil;&atilde;o. O governo, no entanto, imp&ocirc;s derrotas a sede da opera&ccedil;&atilde;o. Por 3 a 2, os ministros n&atilde;o viram o crime, em que o oficial de doa&ccedil;&atilde;o de R$ 500 mil da construtora Queiroz galv&atilde;o.<\/p>\n<p>Cal Meurer sob a acusa&ccedil;&atilde;o de receber propinas desde volunt&aacute;ria eleitoral e leitura de cal Gleisi na Caixa 2 foi recebida com preocupa&ccedil;&atilde;o por parte dos pesquisadores, uma vez que muitos casos de o avi&atilde;o de campanha para lidar com os pol&iacute;ticos com queixas semelhantes.<\/p>\n<p>O mapeamento dos sons mostram que celso de Mello &eacute; um ministro que se conectam com Fachin, nos casos mais relevantes para a prote&ccedil;&atilde;o do Jato do governo na classe &ndash; fecham-em 92,6% do tempo. Gilmar, a maioria dos produtos no topo m&eacute;todos de investiga&ccedil;&atilde;o na sequ&ecirc;ncia de prote&ccedil;&atilde;o, &eacute; um dos mais varia de Fachin: eu concordo com o meu colega de 50% do tempo.<\/p>\n<p>Fachin descritos no Memorando que &#8220;o equivocado conceito de Derrota ou vit&oacute;ria o pr&oacute;ximo membro do c&atilde;o&#8221;. &#8220;O assassino n&atilde;o &eacute; sem raz&atilde;o, &eacute; de um partido ou de terceiros, que n&atilde;o o sucesso ou o fracasso no resultado de suas demandas&#8221;, disse ele.<\/p>\n<h3><strong>A mudan&ccedil;a pessoal<\/strong><\/h3>\n<p>O Ministro dias Toffoli, e o retorno da ministra C&aacute;rmen L&uacute;cia, a segunda camada do Supremo Tribunal Federal, em setembro, ir&aacute; alterar o status do Col&eacute;gio e tornar-se mais veemente na condena&ccedil;&atilde;o de pol&iacute;ticos investiga&ccedil;&atilde;o no processo de avi&atilde;o de campanha e fazer com Ministros, assessores e advogados, Criminologia ouvidos do jornal O estado de S&atilde;o Paulo.<\/p>\n<p>Carmen, acho dif&iacute;cil em casos de corrup&ccedil;&atilde;o e a capacidade de resposta para o clamor da opini&atilde;o p&uacute;blica. O atual Ministro Presidente do STF, e deix&aacute;-lo para o tribunal em setembro e retorno para o Conselho. J&aacute; Toffoli vai fazer o caminho inverso &ndash; a partir de segunda classe e a presid&ecirc;ncia do tribunal de justi&ccedil;a.<\/p>\n<p>Aposta nos bastidores &eacute; de que o atual presidente do STF tendem a votar em linha com o Ministro Edson Fachin, em segundo grau, e aumentar as chances de posi&ccedil;&atilde;o do avi&atilde;o de campanha para ganhar.<\/p>\n<p>Na reuni&atilde;o plen&aacute;ria do Supremo Tribunal federal, Carmen e Fachin concordou com a rejei&ccedil;&atilde;o de pedidos de liberdade do ex-presidente Luiz In&aacute;cio Lula da Silva e o ex-Ministro Antonio Palocci. Os dois ministros tamb&eacute;m favor&aacute;vel para a possibilidade de execu&ccedil;&atilde;o provis&oacute;ria san&ccedil;&otilde;es, tais como a pris&atilde;o depois de sua condena&ccedil;&atilde;o em segundo grau.<\/p>\n<p>&#8220;Sem d&uacute;vida alguma, pode haver um endurecimento na aplica&ccedil;&atilde;o das normas penais&#8221;, o Ministro Marco Aur&eacute;lio Mello, quando perguntado sobre a Troca de membros da Universidade.<\/p>\n<p>Marco Aur&eacute;lio, destr&oacute;i a primeira turma do tribunal, conhecido como &#8220;c&acirc;mara de g&aacute;s&#8221;, sendo mais grave a comparecer perante o tribunal de justi&ccedil;a na condena&ccedil;&atilde;o dos acusados. Medo de advogados, ouvi do setor privado por meio do relat&oacute;rio de que a segunda classe se transformar em outro, &#8220;c&acirc;maras de g&aacute;s&#8221;.<\/p>\n<p>O setor privado, o advogado admitiu que ele trabalha para que os casos de seus clientes para o governo, a corrente de energia e a troca de Toffoli de Carmen. As informa&ccedil;&otilde;es do jornal o estado de S&atilde;o Paulo.<\/p>\n","protected":false},"excerpt":{"rendered":"<p>Sede da campanha de jet do Supremo Tribunal de justi&ccedil;a, Ministro Edson Fachin acumula uma s&eacute;rie de derrotas no segundo grau (Jos&eacute; Cruz\/Ag&ecirc;ncia Brasil\/Ag&ecirc;ncia Brasil) Bras&iacute;lia &ndash; a decis&atilde;o do lava jato no Supremo tribunal federal (STF), Ministro Edson Fachin acumula uma s&eacute;rie de derrotas no segundo grupo, incluindo as quest&otilde;es cr&iacute;ticas do processo, tais [&hellip;]<\/p>\n","protected":false},"author":0,"featured_media":0,"comment_status":"open","ping_status":"open","sticky":false,"template":"","format":"standard","meta":{"footnotes":""},"categories":[],"tags":[],"class_list":["post-4008","post","type-post","status-publish","format-standard","hentry"],"_links":{"self":[{"href":"https:\/\/blog.corretoraideal.com.br\/index.php\/wp-json\/wp\/v2\/posts\/4008","targetHints":{"allow":["GET"]}}],"collection":[{"href":"https:\/\/blog.corretoraideal.com.br\/index.php\/wp-json\/wp\/v2\/posts"}],"about":[{"href":"https:\/\/blog.corretoraideal.com.br\/index.php\/wp-json\/wp\/v2\/types\/post"}],"replies":[{"embeddable":true,"href":"https:\/\/blog.corretoraideal.com.br\/index.php\/wp-json\/wp\/v2\/comments?post=4008"}],"version-history":[{"count":1,"href":"https:\/\/blog.corretoraideal.com.br\/index.php\/wp-json\/wp\/v2\/posts\/4008\/revisions"}],"predecessor-version":[{"id":4010,"href":"https:\/\/blog.corretoraideal.com.br\/index.php\/wp-json\/wp\/v2\/posts\/4008\/revisions\/4010"}],"wp:attachment":[{"href":"https:\/\/blog.corretoraideal.com.br\/index.php\/wp-json\/wp\/v2\/media?parent=4008"}],"wp:term":[{"taxonomy":"category","embeddable":true,"href":"https:\/\/blog.corretoraideal.com.br\/index.php\/wp-json\/wp\/v2\/categories?post=4008"},{"taxonomy":"post_tag","embeddable":true,"href":"https:\/\/blog.corretoraideal.com.br\/index.php\/wp-json\/wp\/v2\/tags?post=4008"}],"curies":[{"name":"wp","href":"https:\/\/api.w.org\/{rel}","templated":true}]}}