{"id":4723,"date":"2018-07-03T09:27:33","date_gmt":"2018-07-03T09:27:33","guid":{"rendered":"http:\/\/corretoraideal.com.br\/blog\/index.php\/2018\/07\/03\/cca_title\/"},"modified":"2018-07-03T09:28:13","modified_gmt":"2018-07-03T09:28:13","slug":"canada-emprega-500-pessoas-que-trabalham-la-os-brasileiros-tem-uma-preferencia-rastreio","status":"publish","type":"post","link":"https:\/\/blog.corretoraideal.com.br\/index.php\/2018\/07\/03\/canada-emprega-500-pessoas-que-trabalham-la-os-brasileiros-tem-uma-preferencia-rastreio\/","title":{"rendered":"Canad\u00e1 emprega 500 pessoas que trabalham l\u00e1, os Brasileiros t\u00eam uma prefer\u00eancia | rastreio"},"content":{"rendered":"<p><\/img><\/p>\n<p>Quebec: n&atilde;o fala franc&ecirc;s (GuiMesquita\/Thinkstock)<\/p>\n<p>S&atilde;o Paulo &ndash; &#8220;a paci&ecirc;ncia para come&ccedil;ar de novo a partir do zero e perceber que tudo tem seu tempo para acontecer&#8221;. Assim, o Brasil &eacute; Gabriel Silveira Plat analista programador .Uma rede de 38 anos, que &eacute; a parte mais dif&iacute;cil de deixar o Brasil para viver e trabalhar no estrangeiro.<\/p>\n<p>H&aacute; 10 meses morando na cidade de Quebec, no <strong><a href=\"https:\/\/exame.abril.com.br\/noticias-sobre\/canada\/\">Canad&aacute;<\/a><\/strong>, o Platte &eacute; de 300 Brasileiros j&aacute; contratados por empresas Canadenses no assim-chamado de miss&otilde;es <strong><a href=\"https:\/\/exame.abril.com.br\/noticias-sobre\/recrutamento\/\">de recrutamento<\/a><\/strong> organizada pela Quebec internacional, A Ag&ecirc;ncia de Desenvolvimento Econ&ocirc;mico para a cidade capital da prov&iacute;ncia Canadense em que l&iacute;ngua francesa.<\/p>\n<p>A tarefa deste ano, est&aacute; com inscri&ccedil;&otilde;es abertas e tem vagas nas &aacute;reas de Tecnologia da Informa&ccedil;&atilde;o, jogos, usinagem virtual, gerenciamento e servi&ccedil;os oferecidos por 22 empresas. Contratos tempor&aacute;rios para tr&ecirc;s anos, com possibilidade de renova&ccedil;&atilde;o.<\/p>\n<p>Os profissionais podem aplicar para a livre at&eacute; 5 de agosto atrav&eacute;s do <a href=\"https:\/\/www.quebecentete.com\/pt\/\">site de Quebec, sobre a cabe&ccedil;a<\/a>. Miss&atilde;o para o mundo, mas os Brasileiros s&atilde;o os &#8220;queridinhos&#8221; das empresas que h&aacute; alguns anos v&ecirc;m aqui para fazer as pessoas aqui. Alto n&iacute;vel acad&ecirc;mico, experi&ecirc;ncia profissional, e de f&aacute;cil integra&ccedil;&atilde;o cultural e a abertura para a aprendizagem da l&iacute;ngua francesa, s&atilde;o as raz&otilde;es pelas quais os Brasileiros se destacam, de acordo com o Quebec internacional.<\/p>\n<p>Este ano, as empresas buscam profissionais com conhecimento em Java, C#, C, .Net, BI, Oracle, SAP, Microsoft SharePoint, Cobol, visual studio, entre outras coisas.<\/p>\n<p>Empresas no mercado de jogos virtuais deseja a programadores e desenvolvedores de jogos e artistas gr&aacute;ficos.<\/p>\n<p>No setor de m&aacute;quinas, existem oportunidades de &aacute;reas de soldagem, mec&acirc;nica, industrial, eletro-mec&acirc;nicos e aplica&ccedil;&otilde;es de especialista (automa&ccedil;&atilde;o), designers de produto e operadores de m&aacute;quinas CNC (controle num&eacute;rico computadorizado).<\/p>\n<p>Os profissionais de gest&atilde;o procurou-se tamb&eacute;m as vagas de assistentes de dire&ccedil;&atilde;o bilinguismo. Tecnologia ambiental, higiene, sa&uacute;de e seguran&ccedil;a no trabalho s&atilde;o tamb&eacute;m oportunidades de trabalho.<\/p>\n<p>Falar franc&ecirc;s &eacute; sempre um requisito geral imposta pelas miss&otilde;es. Uma das primeiras posi&ccedil;&otilde;es do Plata para decidir o que eu ia tentar uma oportunidade no M&eacute;xico, ele foi estudar franc&ecirc;s. &#8220;Eu comecei a fazer aulas particulares de janeiro de 2015, quando minha esposa e eu t&iacute;nhamos decidido que ir&iacute;amos para imigrar para o Quebec. No momento das entrevistas, ele foi estudar franc&ecirc;s em 1 ano e 9 meses&#8221;.<\/p>\n<p>O produto tamb&eacute;m deve ser traduzido para o franc&ecirc;s e o processo de sele&ccedil;&atilde;o, as entrevistas ser&atilde;o em franc&ecirc;s, de v&iacute;deo no Skype, que ser&aacute; marcado no per&iacute;odo entre 10 e 21 de setembro. De acordo com a Ag&ecirc;ncia, Quebec internacionais selecionadas para receber o apoio dos empregadores sobre os procedimentos e os custos do processo <strong><a href=\"https:\/\/exame.abril.com.br\/noticias-sobre\/imigracao\/\">de migra&ccedil;&atilde;o<\/a><\/strong>.<\/p>\n<h3>Brasil em minha mente-como foi o processo de sele&ccedil;&atilde;o<\/h3>\n<p>Quando ele se candidatou para receber os tr&ecirc;s primeiros mostrando na tarefa de recrutamento de 2016 Brasileiro Gabriel Plata foi uma Analista de Sistemas trabalha no ramo de Florian&oacute;polis, a multinacional espanhola Indra empresa.<\/p>\n<p>Neste caso, o processo de sele&ccedil;&atilde;o de quatro reuni&otilde;es atrav&eacute;s do Skype em tr&ecirc;s meses. &#8220;O autor &eacute; 100% em franc&ecirc;s,&#8221; ele diz.<br \/>\nParticipar na revis&atilde;o do produto cerca de um m&ecirc;s. Depois de Platt aprendi que os convites que voc&ecirc; ir&aacute; encontrar durante a semana, e nesse tempo, ele recebeu uma resposta negativa a partir de duas empresas que se aplicam.<\/p>\n<p>&#8220;No entanto, no passado, o dia do julgamento, recebi uma mensagem de correio electr&oacute;nico com um retorno de chamada para uma entrevista com a pessoa respons&aacute;vel de aquisi&ccedil;&atilde;o de talentos da empresa, finalmente, me contratou&#8221;, relembra.<\/p>\n<p>A primeira entrevista durou 15 minutos. &#8220;O objetivo deste primeiro contato foi na identifica&ccedil;&atilde;o de pessoa para falar um pouco da empresa de oportunidade&#8221;. Em seguida, o Plat &eacute; feita para escolher o franc&ecirc;s tamb&eacute;m foi em outra entrevista. &#8220;Eu fiz um teste t&eacute;cnico e de experi&ecirc;ncia profissional no Brasil&#8221;.<\/p>\n<p>A proposta de trabalho veio na segunda entrevista, e foi permanente. &#8220;N&oacute;s tratamos sobre o valor dos sal&aacute;rios e benef&iacute;cios&#8221;, diz ele.<br \/>\nVerifica&ccedil;&atilde;o do diploma de exig&ecirc;ncia da empresa que o contratou e est&aacute; em paralelo com o processo de migra&ccedil;&atilde;o. &#8220;Neste caso, a empresa n&atilde;o pagar o montante gasto com um pedido de autentica&ccedil;&atilde;o no diploma&#8221;, diz Platt.<\/p>\n<h3>Como o processo de migra&ccedil;&atilde;o dos selecionados<\/h3>\n<p>O contrato de trabalho em m&atilde;os do Plat em janeiro do ano passado, por e-mail, onde tamb&eacute;m houve orienta&ccedil;&atilde;o sobre o processo de imigra&ccedil;&atilde;o. &#8220;Eu assinei o contrato e enviados atrav&eacute;s do e-mail com os documentos necess&aacute;rios,&#8221; refere-se para.<\/p>\n<p>Como &eacute; a empresa respons&aacute;vel pelo suporte &agrave; Migra&ccedil;&atilde;o de profissionais come&ccedil;am o processo de legaliza&ccedil;&atilde;o do contrato de trabalho pelo Governo de Quebec. H&aacute; dois tipos de documentos que a empresa deve obter com o governo local: o certificado de autoriza&ccedil;&atilde;o de Quebec (CAQ) e o estudo do impacto sobre o mercado de trabalho (EIMT).<\/p>\n<p>&#8220;Uma vez que a empresa recebeu o CAQ e EIMT enviou-me estes documentos digitalizados e eu era capaz de entrar no processo de pedido de visto de trabalho&#8221;, diz ele. Os custos de um visto de trabalho la&ccedil;o de estudos como tem sido reembolsado pela empresa.<\/p>\n<p>Assim, atrav&eacute;s de suas contas de 40 dias para estudos de tratamento de 40 dias para cumprir o CAQ e EIMT 30 dias para receber os passaportes com os vistos.<\/p>\n<h3>Quebec foi amor &agrave; primeira vista, diz Brasileiro<\/h3>\n<p>Atualmente, o Brasil tem visto o trabalho fechado, com validade at&eacute; setembro de 2020. &#8220;Eu prepare-assim que voc&ecirc; fizer 1 ano de idade, e de se envolver no processo de aplica&ccedil;&atilde;o para um Visto residente permanente&#8221;.<\/p>\n<p>Vivendo com uma mulher anos de idade e um c&atilde;o pequeno, o Brasileiro n&atilde;o pensar em voltar a trabalhar no Brasil. &#8220;Nossa fam&iacute;lia tem se adaptado bem a cidade. Para mim foi amor &agrave; primeira vista, me lembra muito da minha cidade natal, Florian&oacute;polis. Capital com uma popula&ccedil;&atilde;o pequena (em rela&ccedil;&atilde;o a outros fatores), com cultura muito estranho e cheio de beleza natural&#8221;.<\/p>\n<p>As perspectivas de um futuro melhor &eacute; o que mais importa. Isso &eacute; o que ele fez com ele e sua esposa para deixar para tr&aacute;s seus amigos, a estabilidade financeira, bom emprego e ter uma casa pr&oacute;pria no Brasil.<\/p>\n<p>&#8220;Eu deixei tudo para tr&aacute;s. Hoje, depois de 10 meses, podemos dizer que as coisas est&atilde;o indo melhor do que o planejado. Profissionalmente, o maior desafio ainda &eacute; o idioma, mas tamb&eacute;m um pouco de uma cultura de trabalho&#8221;, diz ele.<\/p>\n<p>Seu principal conselho para quem est&aacute; planejando fazer uma mudan&ccedil;a desta magnitude na vida &eacute; precisamente o estudo da l&iacute;ngua francesa e para a pr&aacute;tica de entrevistas via Skype, com a ajuda de um professor ou de algu&eacute;m que fale franc&ecirc;s. &#8220;&Eacute; muito importante saber a explicar o seu profissional caminho acad&ecirc;mico, para falar sobre suas experi&ecirc;ncias, desafios e caracter&iacute;sticas pessoais que podem afectar a exist&ecirc;ncia ou n&atilde;o de um contrato&#8221;.<\/p>\n<p>Veja tamb&eacute;m<\/p>\n<ul>\n<li><a class=\"widget-news-thumb mini\" href=\"https:\/\/exame.abril.com.br\/carreira\/eua-estao-precisando-de-engenheiros-e-dentistas-brasileiros-se-destacam\/\" rel=\"bookmark\"><img loading=\"lazy\" decoding=\"async\" class=\"aligncenter size-full wp-image-4725\" src=\"http:\/\/corretoraideal.com.br\/blog\/wp-content\/uploads\/2018\/07\/menina-com-bandeira-dos-estados-unidos.jpeg\" alt=\"Menina com bandeira dos Estados Unidos\" width=\"800\" height=\"400\" \/><\/img><\/a><a href=\"\/carreira\" class=\"widget-news-item-category color-theme\">Carreira voc&ecirc; S\/<\/a><a href=\"https:\/\/exame.abril.com.br\/carreira\/eua-estao-precisando-de-engenheiros-e-dentistas-brasileiros-se-destacam\/\" class=\"\">Estados Unidos precisa de engenheiros e odontol&oacute;gica (o Brasileiro de stand-out)<\/a><i>query_builder<\/i> 26 de junho de 2018 &#8211; 08h06<\/li>\n<li><a class=\"widget-news-thumb mini\" href=\"https:\/\/exame.abril.com.br\/carreira\/e-possivel-construir-uma-vida-nova-e-carreira-em-portugal\/\" rel=\"bookmark\"><img loading=\"lazy\" decoding=\"async\" class=\"aligncenter size-full wp-image-4726\" src=\"http:\/\/corretoraideal.com.br\/blog\/wp-content\/uploads\/2018\/07\/cidade-do-porto-em-portugal.jpeg\" alt=\"Cidade do Porto, em Portugal\" width=\"800\" height=\"400\" \/><\/img><\/a><a href=\"\/carreira\" class=\"widget-news-item-category color-theme\">Carreira voc&ecirc; S\/A<\/a><a href=\"https:\/\/exame.abril.com.br\/carreira\/e-possivel-construir-uma-vida-nova-e-carreira-em-portugal\/\" class=\"\">&eacute; poss&iacute;vel construir uma nova vida e carreira no reino UNIDO? <\/a><i>query_builder<\/i> 8 de junho de 2018 &#8211; 08h06<\/li>\n<li><\/li>\n<\/ul>\n","protected":false},"excerpt":{"rendered":"<p>Quebec: n&atilde;o fala franc&ecirc;s (GuiMesquita\/Thinkstock) S&atilde;o Paulo &ndash; &#8220;a paci&ecirc;ncia para come&ccedil;ar de novo a partir do zero e perceber que tudo tem seu tempo para acontecer&#8221;. Assim, o Brasil &eacute; Gabriel Silveira Plat analista programador .Uma rede de 38 anos, que &eacute; a parte mais dif&iacute;cil de deixar o Brasil para viver e trabalhar [&hellip;]<\/p>\n","protected":false},"author":0,"featured_media":0,"comment_status":"open","ping_status":"open","sticky":false,"template":"","format":"standard","meta":{"footnotes":""},"categories":[],"tags":[],"class_list":["post-4723","post","type-post","status-publish","format-standard","hentry"],"_links":{"self":[{"href":"https:\/\/blog.corretoraideal.com.br\/index.php\/wp-json\/wp\/v2\/posts\/4723","targetHints":{"allow":["GET"]}}],"collection":[{"href":"https:\/\/blog.corretoraideal.com.br\/index.php\/wp-json\/wp\/v2\/posts"}],"about":[{"href":"https:\/\/blog.corretoraideal.com.br\/index.php\/wp-json\/wp\/v2\/types\/post"}],"replies":[{"embeddable":true,"href":"https:\/\/blog.corretoraideal.com.br\/index.php\/wp-json\/wp\/v2\/comments?post=4723"}],"version-history":[{"count":1,"href":"https:\/\/blog.corretoraideal.com.br\/index.php\/wp-json\/wp\/v2\/posts\/4723\/revisions"}],"predecessor-version":[{"id":4727,"href":"https:\/\/blog.corretoraideal.com.br\/index.php\/wp-json\/wp\/v2\/posts\/4723\/revisions\/4727"}],"wp:attachment":[{"href":"https:\/\/blog.corretoraideal.com.br\/index.php\/wp-json\/wp\/v2\/media?parent=4723"}],"wp:term":[{"taxonomy":"category","embeddable":true,"href":"https:\/\/blog.corretoraideal.com.br\/index.php\/wp-json\/wp\/v2\/categories?post=4723"},{"taxonomy":"post_tag","embeddable":true,"href":"https:\/\/blog.corretoraideal.com.br\/index.php\/wp-json\/wp\/v2\/tags?post=4723"}],"curies":[{"name":"wp","href":"https:\/\/api.w.org\/{rel}","templated":true}]}}