{"id":4759,"date":"2018-07-03T18:27:48","date_gmt":"2018-07-03T18:27:48","guid":{"rendered":"http:\/\/corretoraideal.com.br\/blog\/index.php\/2018\/07\/03\/cca_title\/"},"modified":"2018-07-03T18:28:04","modified_gmt":"2018-07-03T18:28:04","slug":"na-escolha-de-um-imovel-em-sao-paulo-que-eles-pensam-de-seus-animais-de-estimacao","status":"publish","type":"post","link":"https:\/\/blog.corretoraideal.com.br\/index.php\/2018\/07\/03\/na-escolha-de-um-imovel-em-sao-paulo-que-eles-pensam-de-seus-animais-de-estimacao\/","title":{"rendered":"Na escolha de um im\u00f3vel em s\u00e3o paulo que eles pensam de seus animais de estima\u00e7\u00e3o"},"content":{"rendered":"<p>De acordo com o levantamento realizado em abril deste ano, com 4.192 residentes na cidade de S&atilde;o Paulo, a maioria dos moradores de pensar de seus animais de estima&ccedil;&atilde;o ao escolher um im&oacute;vel para compra ou aluguel, &eacute; o que aponta um levantamento do VivaReal.<\/p>\n<p><img loading=\"lazy\" decoding=\"async\" class=\"aligncenter size-full wp-image-4761\" src=\"http:\/\/corretoraideal.com.br\/blog\/wp-content\/uploads\/2018\/07\/imagem03-07-2018-18-07-56.jpeg\" alt=\"imagem03-07-2018-18-07-56\" width=\"800\" height=\"400\" \/><\/img>(Foto: Shutterstock)<\/p>\n<p>A pesquisa mostra que 41% das pessoas consideram fundamental propriedades permitem animais de estima&ccedil;&atilde;o, 22% das pessoas consideram este item desej&aacute;vel, mas n&atilde;o necess&aacute;rio, e apenas 37% s&atilde;o indiferentes a esta quest&atilde;o.<\/p>\n<p><img loading=\"lazy\" decoding=\"async\" class=\"aligncenter size-full wp-image-4762\" src=\"http:\/\/corretoraideal.com.br\/blog\/wp-content\/uploads\/2018\/07\/imagem03-07-2018-18-07-56-1.jpeg\" alt=\"imagem03-07-2018-18-07-56\" width=\"800\" height=\"400\" \/><\/img>(Foto: Shutterstock)<\/p>\n<p>De acordo com Cristiane Crisci, Gerente de Intelig&ecirc;ncia de Mercado do Grupo ZAP, mais e mais pessoas t&ecirc;m se preocupado com essas quest&otilde;es. &#8220;A investiga&ccedil;&atilde;o tem mostrado que as propriedades que permitem a cria&ccedil;&atilde;o de animais de estima&ccedil;&atilde;o s&atilde;o valorizados pela maioria dos cidad&atilde;os, incluindo os mais valorizados do que a &aacute;rea de lazer e uma varanda&#8221;, diz ele.<\/p>\n<p><a href=\"https:\/\/revista.zapimoveis.com.br\/pesquisa-mostra-os-imoveis-mais-desejados-para-compra-na-regiao-nordeste\/\">+ Pesquisa mostra o im&oacute;vel que voc&ecirc; deseja comprar para a regi&atilde;o Nordeste<\/a><\/p>\n<p><a href=\"https:\/\/revista.zapimoveis.com.br\/pesquisa-mostra-os-imoveis-mais-desejados-para-compra-na-regiao-sul\/\">+ Pesquisa mostra o im&oacute;vel que voc&ecirc; quer comprar na regi&atilde;o Sul<\/a><\/p>\n<p><a href=\"https:\/\/revista.zapimoveis.com.br\/pesquisa-mostra-as-caracteristicas-dos-imoveis-mais-desejados-para-compra-no-brasil\/\">+ Pesquisa mostra as caracter&iacute;sticas do im&oacute;vel desejado para compra no Brasil<\/a><\/p>\n<p><a href=\"https:\/\/revista.zapimoveis.com.br\/pesquisa-realizada-pelo-zap-mostra-os-imoveis-mais-desejados-para-compra-na-regiao-sudeste\/\">+ Pesquisa realizada pelo ZAP mostra as propriedades mais desej&aacute;veis para compra na regi&atilde;o sudeste<\/a><\/p>\n<p>&nbsp;<\/p>\n","protected":false},"excerpt":{"rendered":"<p>De acordo com o levantamento realizado em abril deste ano, com 4.192 residentes na cidade de S&atilde;o Paulo, a maioria dos moradores de pensar de seus animais de estima&ccedil;&atilde;o ao escolher um im&oacute;vel para compra ou aluguel, &eacute; o que aponta um levantamento do VivaReal. (Foto: Shutterstock) A pesquisa mostra que 41% das pessoas consideram [&hellip;]<\/p>\n","protected":false},"author":0,"featured_media":0,"comment_status":"open","ping_status":"open","sticky":false,"template":"","format":"standard","meta":{"footnotes":""},"categories":[],"tags":[],"class_list":["post-4759","post","type-post","status-publish","format-standard","hentry"],"_links":{"self":[{"href":"https:\/\/blog.corretoraideal.com.br\/index.php\/wp-json\/wp\/v2\/posts\/4759","targetHints":{"allow":["GET"]}}],"collection":[{"href":"https:\/\/blog.corretoraideal.com.br\/index.php\/wp-json\/wp\/v2\/posts"}],"about":[{"href":"https:\/\/blog.corretoraideal.com.br\/index.php\/wp-json\/wp\/v2\/types\/post"}],"replies":[{"embeddable":true,"href":"https:\/\/blog.corretoraideal.com.br\/index.php\/wp-json\/wp\/v2\/comments?post=4759"}],"version-history":[{"count":1,"href":"https:\/\/blog.corretoraideal.com.br\/index.php\/wp-json\/wp\/v2\/posts\/4759\/revisions"}],"predecessor-version":[{"id":4763,"href":"https:\/\/blog.corretoraideal.com.br\/index.php\/wp-json\/wp\/v2\/posts\/4759\/revisions\/4763"}],"wp:attachment":[{"href":"https:\/\/blog.corretoraideal.com.br\/index.php\/wp-json\/wp\/v2\/media?parent=4759"}],"wp:term":[{"taxonomy":"category","embeddable":true,"href":"https:\/\/blog.corretoraideal.com.br\/index.php\/wp-json\/wp\/v2\/categories?post=4759"},{"taxonomy":"post_tag","embeddable":true,"href":"https:\/\/blog.corretoraideal.com.br\/index.php\/wp-json\/wp\/v2\/tags?post=4759"}],"curies":[{"name":"wp","href":"https:\/\/api.w.org\/{rel}","templated":true}]}}