{"id":49181,"date":"2023-06-11T23:29:42","date_gmt":"2023-06-11T23:29:42","guid":{"rendered":"https:\/\/blog.corretoraideal.com.br\/?p=49181"},"modified":"2023-06-11T23:29:42","modified_gmt":"2023-06-11T23:29:42","slug":"acai-da-mata-atlantica-projeto-de-universidade-com-mst-planta-palmeira-jucara-para-preservar-floresta-globo-rural-g1","status":"publish","type":"post","link":"https:\/\/blog.corretoraideal.com.br\/index.php\/2023\/06\/11\/acai-da-mata-atlantica-projeto-de-universidade-com-mst-planta-palmeira-jucara-para-preservar-floresta-globo-rural-g1\/","title":{"rendered":"A\u00e7a\u00ed da Mata Atl\u00e2ntica: projeto de universidade com MST planta palmeira ju\u00e7ara para preservar floresta | Globo Rural | G1"},"content":{"rendered":"\n<p> No Paran\u00e1, um projeto plantou 4 toneladas de sementes de palmeira ju\u00e7ara em uma \u00e1rea de reserva legal de um acampamento do Movimento dos Trabalhadores Sem Terra (<a class href=\"https:\/\/g1.globo.com\/tudo-sobre\/mst\/\">MST<\/a>). <\/p>\n<p> Os produtores trabalham em parceria com a Universidade Federal da Fronteira Sul (<a class href=\"https:\/\/g1.globo.com\/educacao\/universidade\/uffs\/\">UFFS<\/a>), em um projeto de gera\u00e7\u00e3o de renda a partir de frutas nativas do bioma, que ajuda ainda a manter a floresta em p\u00e9. <\/p>\n<p> As 4 toneladas de sementes foram lan\u00e7adas em uma \u00e1rea de 67 hectares de preserva\u00e7\u00e3o, com a ajuda de um helic\u00f3ptero da Pol\u00edcia Rodovi\u00e1ria Federal, em uma miss\u00e3o in\u00e9dita. <\/p>\n<p> A ideia \u00e9 ajudar na recupera\u00e7\u00e3o da reserva legal. O lan\u00e7amento de sementes pelo alto tenta imitar o processo natural, quando a fruta cai do p\u00e9 ou do bico dos p\u00e1ssaros. <\/p>\n<p> A ju\u00e7ara \u00e9 uma palmeira nativa da Mata Atl\u00e2ntica e um dos carros chefes do projeto pela sua versatilidade. Hoje, ela est\u00e1 em risco de extin\u00e7\u00e3o por causa do corte ilegal para a retirada de palmito. <\/p>\n<p> No final da linha de produ\u00e7\u00e3o, uma associa\u00e7\u00e3o formada por 18 mulheres tem aprendido a fazer geleias e outros produtos usando polpas. <\/p>\n<p> <strong>Confira na reportagem completa do v\u00eddeo acima.<\/strong> <\/p>\n<p><h2><strong>V\u00eddeos mais assistidos do Globo Rural<\/strong><\/h2>\n<\/p>\n<p>   <a href=\"https:\/\/g1.globo.com\/economia\/agronegocios\/globo-rural\/videos-globo-rural\/playlist\/videos-mais-assistidos-do-globo-rural.ghtml\">    50 v\u00eddeos      <\/a>   <\/p>\n<ul>\n<li> <a href=\"https:\/\/g1.globo.com\/tudo-sobre\/mst\/\" class=\"entities__list-itemLink\" data-track-click=\"MST\"> MST <\/a> <\/li>\n<li> <a href=\"https:\/\/g1.globo.com\/topico\/parana\" class=\"entities__list-itemLink\" data-track-click=\"Paran\u00e1\"> Paran\u00e1 <\/a> <\/li>\n<li> <a href=\"https:\/\/g1.globo.com\/educacao\/universidade\/uffs\/\" class=\"entities__list-itemLink\" data-track-click=\"UFFS\"> UFFS <\/a> <\/li>\n<\/ul>\n","protected":false},"excerpt":{"rendered":"<p>No Paran\u00e1, um projeto plantou 4 toneladas de sementes de palmeira ju\u00e7ara em uma \u00e1rea de reserva legal de um acampamento do Movimento dos Trabalhadores Sem Terra (MST). Os produtores trabalham em parceria com a Universidade Federal da Fronteira Sul (UFFS), em um projeto de gera\u00e7\u00e3o de renda a partir de frutas nativas do bioma, [&hellip;]<\/p>\n","protected":false},"author":1,"featured_media":0,"comment_status":"closed","ping_status":"closed","sticky":false,"template":"","format":"standard","meta":{"footnotes":""},"categories":[],"tags":[],"class_list":["post-49181","post","type-post","status-publish","format-standard","hentry"],"_links":{"self":[{"href":"https:\/\/blog.corretoraideal.com.br\/index.php\/wp-json\/wp\/v2\/posts\/49181","targetHints":{"allow":["GET"]}}],"collection":[{"href":"https:\/\/blog.corretoraideal.com.br\/index.php\/wp-json\/wp\/v2\/posts"}],"about":[{"href":"https:\/\/blog.corretoraideal.com.br\/index.php\/wp-json\/wp\/v2\/types\/post"}],"author":[{"embeddable":true,"href":"https:\/\/blog.corretoraideal.com.br\/index.php\/wp-json\/wp\/v2\/users\/1"}],"replies":[{"embeddable":true,"href":"https:\/\/blog.corretoraideal.com.br\/index.php\/wp-json\/wp\/v2\/comments?post=49181"}],"version-history":[{"count":1,"href":"https:\/\/blog.corretoraideal.com.br\/index.php\/wp-json\/wp\/v2\/posts\/49181\/revisions"}],"predecessor-version":[{"id":49183,"href":"https:\/\/blog.corretoraideal.com.br\/index.php\/wp-json\/wp\/v2\/posts\/49181\/revisions\/49183"}],"wp:attachment":[{"href":"https:\/\/blog.corretoraideal.com.br\/index.php\/wp-json\/wp\/v2\/media?parent=49181"}],"wp:term":[{"taxonomy":"category","embeddable":true,"href":"https:\/\/blog.corretoraideal.com.br\/index.php\/wp-json\/wp\/v2\/categories?post=49181"},{"taxonomy":"post_tag","embeddable":true,"href":"https:\/\/blog.corretoraideal.com.br\/index.php\/wp-json\/wp\/v2\/tags?post=49181"}],"curies":[{"name":"wp","href":"https:\/\/api.w.org\/{rel}","templated":true}]}}