{"id":49208,"date":"2023-06-12T14:29:48","date_gmt":"2023-06-12T14:29:48","guid":{"rendered":"https:\/\/blog.corretoraideal.com.br\/?p=49208"},"modified":"2023-06-12T14:29:48","modified_gmt":"2023-06-12T14:29:48","slug":"ibovespa-tem-volatilidade-nesta-segunda-feira-economia-g1","status":"publish","type":"post","link":"https:\/\/blog.corretoraideal.com.br\/index.php\/2023\/06\/12\/ibovespa-tem-volatilidade-nesta-segunda-feira-economia-g1\/","title":{"rendered":"Ibovespa tem volatilidade nesta segunda-feira | Economia | G1"},"content":{"rendered":"<p>      1 de 1&#013;Ibovespa \u2014 Foto: Freepik    <\/p>\n<p> Ibovespa \u2014 Foto: Freepik <\/p>\n<p> O <a class href=\"https:\/\/g1.globo.com\/tudo-sobre\/ibovespa\/\">Ibovespa<\/a>, principal \u00edndice da bolsa de valores de S\u00e3o Paulo, a <a class href=\"https:\/\/g1.globo.com\/tudo-sobre\/bmf-bovespa\/\">B3<\/a>, opera em queda nesta segunda-feira (12). A principal press\u00e3o de baixa vem dos pap\u00e9is dos setores de minera\u00e7\u00e3o e siderurgia, que recuavam na esteira dos pre\u00e7os do min\u00e9rio de ferro na <a class href=\"https:\/\/g1.globo.com\/tudo-sobre\/china\/\">China<\/a>. <\/p>\n<p> Investidores ainda repercutem uma melhora nas expectativas de infla\u00e7\u00e3o o que, por sua vez, poiava a\u00e7\u00f5es de empresas sens\u00edveis \u00e0 economia brasileira. <\/p>\n<p> \u00c0s 11h15, o \u00edndice tinha leve alta de 0,01%, aos 117.028 pontos. <a class href=\"https:\/\/valor.globo.com\/valor-data\/\">Veja mais cota\u00e7\u00f5es<\/a>. <\/p>\n<p> Na \u00faltima sexta-feira, o Ibovespa teve <strong>alta de 1,33% e foi aos 117.019 pontos<\/strong>. <\/p>\n<p><h2><strong>O que est\u00e1 mexendo com os mercados?<\/strong><\/h2>\n<\/p>\n<p> No cen\u00e1rio dom\u00e9stico, os economistas do mercado financeiro reduziram a estimativa de infla\u00e7\u00e3o desse ano de 5,69% para 5,42% no relat\u00f3rio Focus do Banco Central, divulgado nesta segunda-feira (12). <\/p>\n<p> A queda na proje\u00e7\u00e3o de infla\u00e7\u00e3o deste ano aconteceu ap\u00f3s a divulga\u00e7\u00e3o do IPCA de maio, que somou 0,23%. Em 12 meses at\u00e9 maio, a infla\u00e7\u00e3o oficial somou 3,94%. Os n\u00fameros vieram bem abaixo das estimativas do mercado financeiro. <\/p>\n<p> Mesmo com o recuo na proje\u00e7\u00e3o de infla\u00e7\u00e3o do mercado para 2023, ela ainda segue superando o teto da meta definida pelo governo, fixada em 3,25% pelo Conselho Monet\u00e1rio Nacional (CMN). Ela ser\u00e1 considerada formalmente cumprida se oscilar entre 1,75% e 4,75%. <\/p>\n<p> Diante desse cen\u00e1rio, investidores ainda aguardam a pr\u00f3xima reuni\u00e3o do Comit\u00ea de Pol\u00edtica Monet\u00e1ria (Copom), que deve acontecer na pr\u00f3xima semana. <\/p>\n<p> J\u00e1 no exterior, as aten\u00e7\u00f5es seguem voltadas para a decis\u00e3o de juros do Federal Reserve (<a class href=\"https:\/\/g1.globo.com\/tudo-sobre\/fed\/\">Fed<\/a>, o banco central norte-americano), que deve ser divulgada na quarta-feira (14). <\/p>\n<p> Dados de infla\u00e7\u00e3o da maior economia do mundo, previstos pra amanh\u00e3, tamb\u00e9m ficam no radar. <\/p>\n<p> &quot;H\u00e1 um vi\u00e9s mais positivo para os pre\u00e7os dos ativos nesta manh\u00e3 de segunda-feira, e a aposta majorit\u00e1ria de que o Fed ir\u00e1 fazer uma &#x27;pausa&#x27; no seu ciclo de aumento de juros nesta semana \u00e9 o principal motivo&quot;, afirmou a Guide Investimentos em relat\u00f3rio. <\/p>\n<p> \u00c9 importante ponderar, no entanto, que apesar do sentimento mais otimista dos investidores sobre uma poss\u00edvel manuten\u00e7\u00e3o dos juros pelo BC norte-americano, as proje\u00e7\u00f5es ainda indicam que a autarquia deve subir a taxa b\u00e1sica de juros dos EUA mais uma vez em 0,25 ponto percentual. <\/p>\n<p> &quot;O que o mercado quer olhar de perto \u00e9 o comunicado e o discurso de Powell [presidente do Fed], em que poder\u00e1 ter alguma sinaliza\u00e7\u00e3o de quais ser\u00e3o os passos futuros do BC americano&quot;, acrescentou a Guide. <\/p>\n<p> Ainda no exterior, outro ponto que fica no radar \u00e9 a China, ap\u00f3s dados negativos do pa\u00eds terem aumentado as expectativas de que o governo do gigante asi\u00e1tico poder\u00e1 dar suporte \u00e0 sua economia. <\/p>\n<p>      <a href=\"https:\/\/g1.globo.com\/economia\/stories\/2021\/02\/22\/o-que-e-e-como-funciona-o-day-trade.ghtml\">Webstories<\/a>         <\/p>\n<ul>\n<li> <a href=\"https:\/\/g1.globo.com\/tudo-sobre\/bmf-bovespa\/\" class=\"entities__list-itemLink\" data-track-click=\"B3\"> B3 <\/a> <\/li>\n<li> <a href=\"https:\/\/g1.globo.com\/tudo-sobre\/banco-do-brasil\/\" class=\"entities__list-itemLink\" data-track-click=\"Banco do Brasil\"> Banco do Brasil <\/a> <\/li>\n<li> <a href=\"https:\/\/g1.globo.com\/tudo-sobre\/bradesco\/\" class=\"entities__list-itemLink\" data-track-click=\"Bradesco\"> Bradesco <\/a> <\/li>\n<li> <a href=\"https:\/\/g1.globo.com\/tudo-sobre\/china\/\" class=\"entities__list-itemLink\" data-track-click=\"China\"> China <\/a> <\/li>\n<li> <a href=\"https:\/\/g1.globo.com\/tudo-sobre\/estados-unidos\/\" class=\"entities__list-itemLink\" data-track-click=\"Estados Unidos\"> Estados Unidos <\/a> <\/li>\n<li> <a href=\"https:\/\/g1.globo.com\/tudo-sobre\/fed\/\" class=\"entities__list-itemLink\" data-track-click=\"FED\"> FED <\/a> <\/li>\n<li> <a href=\"https:\/\/g1.globo.com\/politica\/politico\/fernando-haddad\/\" class=\"entities__list-itemLink\" data-track-click=\"Fernando Haddad\"> Fernando Haddad <\/a> <\/li>\n<li> <a href=\"https:\/\/g1.globo.com\/politica\/politico\/gleisi-hoffmann\/\" class=\"entities__list-itemLink\" data-track-click=\"Gleisi Hoffmann\"> Gleisi Hoffmann <\/a> <\/li>\n<li> <a href=\"https:\/\/g1.globo.com\/tudo-sobre\/ibge\/\" class=\"entities__list-itemLink\" data-track-click=\"IBGE\"> IBGE <\/a> <\/li>\n<li> <a href=\"https:\/\/g1.globo.com\/tudo-sobre\/ibovespa\/\" class=\"entities__list-itemLink\" data-track-click=\"Ibovespa\"> Ibovespa <\/a> <\/li>\n<li> <a href=\"https:\/\/g1.globo.com\/tudo-sobre\/itau-unibanco\/\" class=\"entities__list-itemLink\" data-track-click=\"Ita\u00fa\"> Ita\u00fa <\/a> <\/li>\n<li> <a href=\"https:\/\/g1.globo.com\/tudo-sobre\/joe-biden\/\" class=\"entities__list-itemLink\" data-track-click=\"Joe Biden\"> Joe Biden <\/a> <\/li>\n<li> <a href=\"https:\/\/g1.globo.com\/politica\/politico\/lula\/\" class=\"entities__list-itemLink\" data-track-click=\"Lula\"> Lula <\/a> <\/li>\n<li> <a href=\"https:\/\/g1.globo.com\/tudo-sobre\/petrobras\/\" class=\"entities__list-itemLink\" data-track-click=\"Petrobras\"> Petrobras <\/a> <\/li>\n<li> <a href=\"https:\/\/g1.globo.com\/politica\/politico\/simone-tebet\/\" class=\"entities__list-itemLink\" data-track-click=\"Simone Tebet\"> Simone Tebet <\/a> <\/li>\n<li> <a href=\"https:\/\/g1.globo.com\/tudo-sobre\/vale\/\" class=\"entities__list-itemLink\" data-track-click=\"Vale\"> Vale <\/a> <\/li>\n<\/ul>\n","protected":false},"excerpt":{"rendered":"<p>1 de 1&#013;Ibovespa \u2014 Foto: Freepik Ibovespa \u2014 Foto: Freepik O Ibovespa, principal \u00edndice da bolsa de valores de S\u00e3o Paulo, a B3, opera em queda nesta segunda-feira (12). A principal press\u00e3o de baixa vem dos pap\u00e9is dos setores de minera\u00e7\u00e3o e siderurgia, que recuavam na esteira dos pre\u00e7os do min\u00e9rio de ferro na China. [&hellip;]<\/p>\n","protected":false},"author":1,"featured_media":0,"comment_status":"closed","ping_status":"closed","sticky":false,"template":"","format":"standard","meta":{"footnotes":""},"categories":[],"tags":[],"class_list":["post-49208","post","type-post","status-publish","format-standard","hentry"],"_links":{"self":[{"href":"https:\/\/blog.corretoraideal.com.br\/index.php\/wp-json\/wp\/v2\/posts\/49208","targetHints":{"allow":["GET"]}}],"collection":[{"href":"https:\/\/blog.corretoraideal.com.br\/index.php\/wp-json\/wp\/v2\/posts"}],"about":[{"href":"https:\/\/blog.corretoraideal.com.br\/index.php\/wp-json\/wp\/v2\/types\/post"}],"author":[{"embeddable":true,"href":"https:\/\/blog.corretoraideal.com.br\/index.php\/wp-json\/wp\/v2\/users\/1"}],"replies":[{"embeddable":true,"href":"https:\/\/blog.corretoraideal.com.br\/index.php\/wp-json\/wp\/v2\/comments?post=49208"}],"version-history":[{"count":1,"href":"https:\/\/blog.corretoraideal.com.br\/index.php\/wp-json\/wp\/v2\/posts\/49208\/revisions"}],"predecessor-version":[{"id":49210,"href":"https:\/\/blog.corretoraideal.com.br\/index.php\/wp-json\/wp\/v2\/posts\/49208\/revisions\/49210"}],"wp:attachment":[{"href":"https:\/\/blog.corretoraideal.com.br\/index.php\/wp-json\/wp\/v2\/media?parent=49208"}],"wp:term":[{"taxonomy":"category","embeddable":true,"href":"https:\/\/blog.corretoraideal.com.br\/index.php\/wp-json\/wp\/v2\/categories?post=49208"},{"taxonomy":"post_tag","embeddable":true,"href":"https:\/\/blog.corretoraideal.com.br\/index.php\/wp-json\/wp\/v2\/tags?post=49208"}],"curies":[{"name":"wp","href":"https:\/\/api.w.org\/{rel}","templated":true}]}}