{"id":49223,"date":"2023-06-13T00:31:19","date_gmt":"2023-06-13T00:31:19","guid":{"rendered":"https:\/\/blog.corretoraideal.com.br\/?p=49223"},"modified":"2023-06-13T00:31:19","modified_gmt":"2023-06-13T00:31:19","slug":"lula-autoriza-troca-no-turismo-e-substituicao-de-ministra-pode-ocorrer-ja-na-terca-feira-blog-ana-flor-g1","status":"publish","type":"post","link":"https:\/\/blog.corretoraideal.com.br\/index.php\/2023\/06\/13\/lula-autoriza-troca-no-turismo-e-substituicao-de-ministra-pode-ocorrer-ja-na-terca-feira-blog-ana-flor-g1\/","title":{"rendered":"Lula autoriza troca no Turismo e substitui\u00e7\u00e3o de ministra pode ocorrer j\u00e1 na ter\u00e7a-feira | Blog Ana Flor | G1"},"content":{"rendered":"\n<p> O presidente Luiz In\u00e1cio <a class href=\"https:\/\/g1.globo.com\/politica\/politico\/lula\/\">Lula<\/a> da Silva j\u00e1 autorizou a troca da ministra do Turismo, Daniela Carneiro (Uni\u00e3o-RJ). A substitui\u00e7\u00e3o pode ser anunciada j\u00e1 nesta ter\u00e7a-feira (13). <\/p>\n<p> O governo tem dito que ainda n\u00e3o h\u00e1 defini\u00e7\u00e3o. Mas fontes do Pal\u00e1cio do Planalto afirmaram ao <strong>blog<\/strong> que Lula j\u00e1 decidiu substituir Daniela Carneiro. Lula tamb\u00e9m j\u00e1 teria comunicado a decis\u00e3o a um aliado no Congresso. <\/p>\n<p> O Uni\u00e3o Brasil tem, al\u00e9m de Daniela, outros dois ministros no governo. Mas o partido vem alegando que Daniela n\u00e3o representa a bancada, que ela seria uma escolha pessoal de Lula. <\/p>\n<p> Isso porque a ministra \u00e9 mulher do prefeito Waguinho, de Belford Roxo, que deu apoio a Lula no segundo turno das elei\u00e7\u00f5es. <\/p>\n<p> Para entregar votos para o governo na C\u00e2mara, o Uni\u00e3o tem pedido a substitui\u00e7\u00e3o de Daniela Carneiro. At\u00e9 porque, o prefeito Waguinho mudou recentemente para o partido Republicanos. A previs\u00e3o \u00e9 que Daniela fa\u00e7a o mesmo. <\/p>\n<p> Segundo um parlamentar influente do Uni\u00e3o Brasil, a troca vai melhorar a rela\u00e7\u00e3o do governo com a bancada na C\u00e2mara, mas seria &quot;ilus\u00e3o&quot; o governo acreditar que pode contar incondicionalmente com os 47 votos dos deputados do partido. <\/p>\n<p>                   <img loading=\"lazy\" decoding=\"async\" class=\"aligncenter size-full wp-image-49225\" src=\"https:\/\/blog.corretoraideal.com.br\/wp-content\/uploads\/2023\/06\/waguinho-diz-que.jpeg\" alt=\"Waguinho diz que \" width=\"800\" height=\"400\" \/>      <\/p>\n<p> Waguinho diz que &#8216;acha um erro&#8217; tirar Daniela Carneiro do Minist\u00e9rio do Turismo: &#8216;deixaria o Rio de Janeiro enfraquecido&#8217; <\/p>\n<ul>\n<li> <a href=\"https:\/\/g1.globo.com\/politica\/politico\/lula\/\" class=\"entities__list-itemLink\" data-track-click=\"Lula\"> Lula <\/a> <\/li>\n<\/ul>\n","protected":false},"excerpt":{"rendered":"<p>O presidente Luiz In\u00e1cio Lula da Silva j\u00e1 autorizou a troca da ministra do Turismo, Daniela Carneiro (Uni\u00e3o-RJ). A substitui\u00e7\u00e3o pode ser anunciada j\u00e1 nesta ter\u00e7a-feira (13). O governo tem dito que ainda n\u00e3o h\u00e1 defini\u00e7\u00e3o. Mas fontes do Pal\u00e1cio do Planalto afirmaram ao blog que Lula j\u00e1 decidiu substituir Daniela Carneiro. Lula tamb\u00e9m j\u00e1 [&hellip;]<\/p>\n","protected":false},"author":1,"featured_media":0,"comment_status":"closed","ping_status":"closed","sticky":false,"template":"","format":"standard","meta":{"footnotes":""},"categories":[],"tags":[],"class_list":["post-49223","post","type-post","status-publish","format-standard","hentry"],"_links":{"self":[{"href":"https:\/\/blog.corretoraideal.com.br\/index.php\/wp-json\/wp\/v2\/posts\/49223","targetHints":{"allow":["GET"]}}],"collection":[{"href":"https:\/\/blog.corretoraideal.com.br\/index.php\/wp-json\/wp\/v2\/posts"}],"about":[{"href":"https:\/\/blog.corretoraideal.com.br\/index.php\/wp-json\/wp\/v2\/types\/post"}],"author":[{"embeddable":true,"href":"https:\/\/blog.corretoraideal.com.br\/index.php\/wp-json\/wp\/v2\/users\/1"}],"replies":[{"embeddable":true,"href":"https:\/\/blog.corretoraideal.com.br\/index.php\/wp-json\/wp\/v2\/comments?post=49223"}],"version-history":[{"count":1,"href":"https:\/\/blog.corretoraideal.com.br\/index.php\/wp-json\/wp\/v2\/posts\/49223\/revisions"}],"predecessor-version":[{"id":49226,"href":"https:\/\/blog.corretoraideal.com.br\/index.php\/wp-json\/wp\/v2\/posts\/49223\/revisions\/49226"}],"wp:attachment":[{"href":"https:\/\/blog.corretoraideal.com.br\/index.php\/wp-json\/wp\/v2\/media?parent=49223"}],"wp:term":[{"taxonomy":"category","embeddable":true,"href":"https:\/\/blog.corretoraideal.com.br\/index.php\/wp-json\/wp\/v2\/categories?post=49223"},{"taxonomy":"post_tag","embeddable":true,"href":"https:\/\/blog.corretoraideal.com.br\/index.php\/wp-json\/wp\/v2\/tags?post=49223"}],"curies":[{"name":"wp","href":"https:\/\/api.w.org\/{rel}","templated":true}]}}