{"id":49227,"date":"2023-06-13T01:30:54","date_gmt":"2023-06-13T01:30:54","guid":{"rendered":"https:\/\/blog.corretoraideal.com.br\/?p=49227"},"modified":"2023-06-13T01:30:54","modified_gmt":"2023-06-13T01:30:54","slug":"acoes-da-apple-atingem-maior-preco-da-historia-da-empresa-tecnologia-g1","status":"publish","type":"post","link":"https:\/\/blog.corretoraideal.com.br\/index.php\/2023\/06\/13\/acoes-da-apple-atingem-maior-preco-da-historia-da-empresa-tecnologia-g1\/","title":{"rendered":"A\u00e7\u00f5es da Apple atingem maior pre\u00e7o da hist\u00f3ria da empresa | Tecnologia | G1"},"content":{"rendered":"<p>      1 de 1&#013;EyeSight, recurso do Apple Vision Pro, permite escolher se outras pessoas ver\u00e3o olhos de quem est\u00e1 usando os \u00f3culos \u2014 Foto: Divulga\u00e7\u00e3o\/Apple    <\/p>\n<p> EyeSight, recurso do Apple Vision Pro, permite escolher se outras pessoas ver\u00e3o olhos de quem est\u00e1 usando os \u00f3culos \u2014 Foto: Divulga\u00e7\u00e3o\/Apple <\/p>\n<p> As a\u00e7\u00f5es da <a class href=\"https:\/\/g1.globo.com\/tudo-sobre\/apple\/\">Apple<\/a> atingiram nesta segunda-feira (12) o maior pre\u00e7o de sua hist\u00f3ria. Elas fecharam o dia de negocia\u00e7\u00f5es com alta de 1,6% e vendidas a US$ 183,79 (cerca de R$ 900). <\/p>\n<p> Com isso, o valor de mercado da Apple atingiu a US$ 2,890 trilh\u00f5es (R$ 14 trilh\u00f5es), de acordo com a TradeMap. Este n\u00e3o \u00e9 o valor de mercado recorde para um fechamento \u2013 <a class href=\"https:\/\/g1.globo.com\/tecnologia\/noticia\/2022\/01\/03\/apple-se-torna-a-primeira-empresa-a-atingir-us-3-trilhoes-em-valor-de-mercado.ghtml\">a companhia atingiu US$ 2,986 trilh\u00f5es em 3 de janeiro de 2022<\/a> \u2013 porque a quantidade de a\u00e7\u00f5es em negocia\u00e7\u00e3o \u00e9 menor. <\/p>\n<p> Desde o in\u00edcio do ano, o valor de mercado da Apple subiu US$ 823,8 bilh\u00f5es (R$ 4 trilh\u00f5es). Hoje, a empresa vale mais do que Microsoft, Alphabet, Amazon e Meta, que fazem parte do grupo das cinco principais &quot;big techs&quot;. <\/p>\n<p> O recorde no pre\u00e7o das a\u00e7\u00f5es foi alcan\u00e7ado uma semana ap\u00f3s o an\u00fancio do <a class href=\"https:\/\/g1.globo.com\/tecnologia\/noticia\/2023\/06\/05\/apple-lanca-novos-produtos.ghtml\">Vision Pro, dispositivo de realidade mista<\/a> que come\u00e7ar\u00e1 a ser vendido no in\u00edcio de 2024 por US$ 3.499 (cerca de R$ 17 mil). <\/p>\n<p><h2>Rumo aos US$ 3 trilh\u00f5es<\/h2>\n<\/p>\n<p> Segundo a TradeMap, as a\u00e7\u00f5es da Apple precisam atingir US$ 190,73 para a empresa ser avaliada em US$ 3 trilh\u00f5es, considerando a quantidade atual de a\u00e7\u00f5es em negocia\u00e7\u00e3o. <\/p>\n<p> A Apple j\u00e1 atingiu os US$ 3 trilh\u00f5es por alguns minutos do dia 3 de janeiro de 2022. A empresa n\u00e3o fechou o preg\u00e3o neste valor, mas foi a primeira a alcan\u00e7ar a marca. <\/p>\n<p> Em agosto de 2018, a empresa se tornou a <a class href=\"https:\/\/g1.globo.com\/economia\/tecnologia\/noticia\/2018\/08\/02\/apple-atinge-us-1-trilhao-em-valor-de-mercado-o-que-explica-o-crescimento-da-empresa.ghtml\">primeira companhia privada a atingir US$ 1 trilh\u00e3o<\/a>. Dois anos depois, em agosto de 2020, virou a <a class href=\"https:\/\/g1.globo.com\/economia\/tecnologia\/noticia\/2020\/08\/19\/apple-se-torna-a-primeira-empresa-dos-eua-a-atingir-valor-de-mercado-de-us-2-trilhoes.ghtml\">primeira a chegar aos US$ 2 trilh\u00f5es<\/a>. <\/p>\n<p>                   <img loading=\"lazy\" decoding=\"async\" class=\"aligncenter size-full wp-image-49229\" src=\"https:\/\/blog.corretoraideal.com.br\/wp-content\/uploads\/2023\/06\/conheca-o-vision-pro-o-oculos-de-realidade-mista-da-apple-5.jpeg\" alt=\"Conhe\u00e7a o Vision Pro, o \u00f3culos de realidade mista da Apple\" width=\"800\" height=\"400\" \/>      <\/p>\n<p> Conhe\u00e7a o Vision Pro, o \u00f3culos de realidade mista da Apple <\/p>\n<ul>\n<li> <a href=\"https:\/\/g1.globo.com\/tudo-sobre\/apple\/\" class=\"entities__list-itemLink\" data-track-click=\"Apple\"> Apple <\/a> <\/li>\n<\/ul>\n","protected":false},"excerpt":{"rendered":"<p>1 de 1&#013;EyeSight, recurso do Apple Vision Pro, permite escolher se outras pessoas ver\u00e3o olhos de quem est\u00e1 usando os \u00f3culos \u2014 Foto: Divulga\u00e7\u00e3o\/Apple EyeSight, recurso do Apple Vision Pro, permite escolher se outras pessoas ver\u00e3o olhos de quem est\u00e1 usando os \u00f3culos \u2014 Foto: Divulga\u00e7\u00e3o\/Apple As a\u00e7\u00f5es da Apple atingiram nesta segunda-feira (12) o [&hellip;]<\/p>\n","protected":false},"author":1,"featured_media":0,"comment_status":"closed","ping_status":"closed","sticky":false,"template":"","format":"standard","meta":{"footnotes":""},"categories":[],"tags":[],"class_list":["post-49227","post","type-post","status-publish","format-standard","hentry"],"_links":{"self":[{"href":"https:\/\/blog.corretoraideal.com.br\/index.php\/wp-json\/wp\/v2\/posts\/49227","targetHints":{"allow":["GET"]}}],"collection":[{"href":"https:\/\/blog.corretoraideal.com.br\/index.php\/wp-json\/wp\/v2\/posts"}],"about":[{"href":"https:\/\/blog.corretoraideal.com.br\/index.php\/wp-json\/wp\/v2\/types\/post"}],"author":[{"embeddable":true,"href":"https:\/\/blog.corretoraideal.com.br\/index.php\/wp-json\/wp\/v2\/users\/1"}],"replies":[{"embeddable":true,"href":"https:\/\/blog.corretoraideal.com.br\/index.php\/wp-json\/wp\/v2\/comments?post=49227"}],"version-history":[{"count":1,"href":"https:\/\/blog.corretoraideal.com.br\/index.php\/wp-json\/wp\/v2\/posts\/49227\/revisions"}],"predecessor-version":[{"id":49230,"href":"https:\/\/blog.corretoraideal.com.br\/index.php\/wp-json\/wp\/v2\/posts\/49227\/revisions\/49230"}],"wp:attachment":[{"href":"https:\/\/blog.corretoraideal.com.br\/index.php\/wp-json\/wp\/v2\/media?parent=49227"}],"wp:term":[{"taxonomy":"category","embeddable":true,"href":"https:\/\/blog.corretoraideal.com.br\/index.php\/wp-json\/wp\/v2\/categories?post=49227"},{"taxonomy":"post_tag","embeddable":true,"href":"https:\/\/blog.corretoraideal.com.br\/index.php\/wp-json\/wp\/v2\/tags?post=49227"}],"curies":[{"name":"wp","href":"https:\/\/api.w.org\/{rel}","templated":true}]}}