{"id":49269,"date":"2023-06-14T04:29:54","date_gmt":"2023-06-14T04:29:54","guid":{"rendered":"https:\/\/blog.corretoraideal.com.br\/?p=49269"},"modified":"2023-06-14T04:29:54","modified_gmt":"2023-06-14T04:29:54","slug":"professores-da-rede-municipal-de-macae-protestam-por-melhores-condicoes-salariais-e-de-trabalho-regiao-dos-lagos-g1","status":"publish","type":"post","link":"https:\/\/blog.corretoraideal.com.br\/index.php\/2023\/06\/14\/professores-da-rede-municipal-de-macae-protestam-por-melhores-condicoes-salariais-e-de-trabalho-regiao-dos-lagos-g1\/","title":{"rendered":"Professores da rede municipal de Maca\u00e9 protestam por melhores condi\u00e7\u00f5es salariais e de trabalho | Regi\u00e3o dos Lagos | G1"},"content":{"rendered":"<p>                <img loading=\"lazy\" decoding=\"async\" class=\"aligncenter size-full wp-image-49271\" src=\"https:\/\/blog.corretoraideal.com.br\/wp-content\/uploads\/2023\/06\/professores-protestam-por-melhorias-no-salario-e-condicoes-de-trabalho-em-macae.jpeg\" alt=\"Professores protestam por melhorias no sal\u00e1rio e condi\u00e7\u00f5es de trabalho em Maca\u00e9\" width=\"800\" height=\"400\" \/>      <\/p>\n<p> Professores protestam por melhorias no sal\u00e1rio e condi\u00e7\u00f5es de trabalho em Maca\u00e9 <\/p>\n<p> Mais de dois mil professores da rede municipal de ensino de <a class href=\"https:\/\/g1.globo.com\/rj\/regiao-dos-lagos\/cidade\/macae\/\">Maca\u00e9<\/a>, no Norte Fluminense, se concentraram na Pra\u00e7a Ver\u00edssimo de Melo nesta ter\u00e7a-feira (13), em uma manifesta\u00e7\u00e3o que reivindica melhores condi\u00e7\u00f5es salariais e de trabalho. Os educadores sa\u00edram em passeata pelas ruas e avenidas do centro da cidade, carregando faixas e cartazes de protesto, em dire\u00e7\u00e3o \u00e0 Prefeitura. <\/p>\n<p> A decis\u00e3o de realizar a manifesta\u00e7\u00e3o foi motivada por uma s\u00e9rie de quest\u00f5es enfrentadas pelos professores. Entre os motivos citados pela categoria est\u00e3o o reajuste salarial de apenas 6%, que n\u00e3o contemplaria as demandas dos profissionais, o Plano de Cargos, Carreiras e Vencimentos (PCCV) desatualizado e perdas salariais acumuladas em torno de 47%. <\/p>\n<p>         1 de 2&#013;Professores protestam pedindo melhorias no sal\u00e1rio e condi\u00e7\u00f5es de trabalho em Maca\u00e9 \u2014 Foto: Redes sociais    <\/p>\n<p> Professores protestam pedindo melhorias no sal\u00e1rio e condi\u00e7\u00f5es de trabalho em Maca\u00e9 \u2014 Foto: Redes sociais <\/p>\n<p> Al\u00e9m disso, os professores tamb\u00e9m destacaram as condi\u00e7\u00f5es prec\u00e1rias de muitas escolas, que prejudicam o desenvolvimento dos alunos. <\/p>\n<p> A greve foi anunciada pelo Sindicato dos Professores de Maca\u00e9 (SEPE) por meio de um of\u00edcio protocolado na Prefeitura. Inicialmente, a paralisa\u00e7\u00e3o est\u00e1 programada para ocorrer at\u00e9 a quinta-feira (15). <\/p>\n<p> No entanto, a Procuradoria da Prefeitura recorreu com uma liminar judicial para suspender a manifesta\u00e7\u00e3o. Caso a decis\u00e3o seja descumprida, segundo a liminar, os dias de paralisa\u00e7\u00e3o ser\u00e3o descontados em folha de pagamento dos servidores, al\u00e9m de uma multa di\u00e1ria de R$ 100 mil para o Sindicato Estadual dos Profissionais da Educa\u00e7\u00e3o. <\/p>\n<p> Segundo informa\u00e7\u00f5es do Sepe, aproximadamente 40% dos professores aderiram \u00e0 greve, por\u00e9m, n\u00e3o h\u00e1 dados precisos sobre o n\u00famero de alunos impactados pela paralisa\u00e7\u00e3o. <\/p>\n<p> A categoria refor\u00e7ou a import\u00e2ncia da valoriza\u00e7\u00e3o dos profissionais da educa\u00e7\u00e3o e das condi\u00e7\u00f5es adequadas de trabalho para garantir a qualidade do ensino oferecido aos estudantes. A manifesta\u00e7\u00e3o \u00e9 uma forma de expressar a insatisfa\u00e7\u00e3o e buscar solu\u00e7\u00f5es para essas quest\u00f5es. <\/p>\n<p> A Prefeitura de Maca\u00e9 foi procurada para comentar sobre o assunto, mas at\u00e9 a \u00faltima atualiza\u00e7\u00e3o desta reportagem n\u00e3o se manifestou oficialmente. <\/p>\n<p>         2 de 2&#013;Profissionais da educa\u00e7\u00e3o carregaram cartazes em protesto pedindo melhorias nas condi\u00e7\u00f5es salariais e de trabalho em Maca\u00e9 \u2014 Foto: Redes sociais    <\/p>\n<p> Profissionais da educa\u00e7\u00e3o carregaram cartazes em protesto pedindo melhorias nas condi\u00e7\u00f5es salariais e de trabalho em Maca\u00e9 \u2014 Foto: Redes sociais <\/p>\n<ul>\n<li> <a href=\"https:\/\/g1.globo.com\/rj\/regiao-dos-lagos\/cidade\/macae\/\" class=\"entities__list-itemLink\" data-track-click=\"Maca\u00e9\"> Maca\u00e9 <\/a> <\/li>\n<\/ul>\n","protected":false},"excerpt":{"rendered":"<p>Professores protestam por melhorias no sal\u00e1rio e condi\u00e7\u00f5es de trabalho em Maca\u00e9 Mais de dois mil professores da rede municipal de ensino de Maca\u00e9, no Norte Fluminense, se concentraram na Pra\u00e7a Ver\u00edssimo de Melo nesta ter\u00e7a-feira (13), em uma manifesta\u00e7\u00e3o que reivindica melhores condi\u00e7\u00f5es salariais e de trabalho. Os educadores sa\u00edram em passeata pelas ruas [&hellip;]<\/p>\n","protected":false},"author":1,"featured_media":0,"comment_status":"closed","ping_status":"closed","sticky":false,"template":"","format":"standard","meta":{"footnotes":""},"categories":[],"tags":[],"class_list":["post-49269","post","type-post","status-publish","format-standard","hentry"],"_links":{"self":[{"href":"https:\/\/blog.corretoraideal.com.br\/index.php\/wp-json\/wp\/v2\/posts\/49269","targetHints":{"allow":["GET"]}}],"collection":[{"href":"https:\/\/blog.corretoraideal.com.br\/index.php\/wp-json\/wp\/v2\/posts"}],"about":[{"href":"https:\/\/blog.corretoraideal.com.br\/index.php\/wp-json\/wp\/v2\/types\/post"}],"author":[{"embeddable":true,"href":"https:\/\/blog.corretoraideal.com.br\/index.php\/wp-json\/wp\/v2\/users\/1"}],"replies":[{"embeddable":true,"href":"https:\/\/blog.corretoraideal.com.br\/index.php\/wp-json\/wp\/v2\/comments?post=49269"}],"version-history":[{"count":1,"href":"https:\/\/blog.corretoraideal.com.br\/index.php\/wp-json\/wp\/v2\/posts\/49269\/revisions"}],"predecessor-version":[{"id":49272,"href":"https:\/\/blog.corretoraideal.com.br\/index.php\/wp-json\/wp\/v2\/posts\/49269\/revisions\/49272"}],"wp:attachment":[{"href":"https:\/\/blog.corretoraideal.com.br\/index.php\/wp-json\/wp\/v2\/media?parent=49269"}],"wp:term":[{"taxonomy":"category","embeddable":true,"href":"https:\/\/blog.corretoraideal.com.br\/index.php\/wp-json\/wp\/v2\/categories?post=49269"},{"taxonomy":"post_tag","embeddable":true,"href":"https:\/\/blog.corretoraideal.com.br\/index.php\/wp-json\/wp\/v2\/tags?post=49269"}],"curies":[{"name":"wp","href":"https:\/\/api.w.org\/{rel}","templated":true}]}}