{"id":49273,"date":"2023-06-14T06:31:54","date_gmt":"2023-06-14T06:31:54","guid":{"rendered":"https:\/\/blog.corretoraideal.com.br\/?p=49273"},"modified":"2023-06-14T06:31:54","modified_gmt":"2023-06-14T06:31:54","slug":"carro-zero-com-desconto-governo-deve-divulgar-lista-de-montadoras-e-modelos-nesta-quarta-economia-g1","status":"publish","type":"post","link":"https:\/\/blog.corretoraideal.com.br\/index.php\/2023\/06\/14\/carro-zero-com-desconto-governo-deve-divulgar-lista-de-montadoras-e-modelos-nesta-quarta-economia-g1\/","title":{"rendered":"Carro zero com desconto: governo deve divulgar lista de montadoras e modelos nesta quarta | Economia | G1"},"content":{"rendered":"<p>      1 de 1&#013;Economistas divergem sobre os benef\u00edcios para a economia brasileira da redu\u00e7\u00e3o de impostos de carros populares 0 km \u2014 Foto: Jornal Nacional\/ Reprodu\u00e7\u00e3o    <\/p>\n<p> Economistas divergem sobre os benef\u00edcios para a economia brasileira da redu\u00e7\u00e3o de impostos de carros populares 0 km \u2014 Foto: Jornal Nacional\/ Reprodu\u00e7\u00e3o <\/p>\n<p> O governo federal deve divulgar nesta quarta-feira (14) a lista de montadoras que participar\u00e3o do programa de subs\u00eddios de autom\u00f3veis, e quais modelos ficar\u00e3o mais baratos. <\/p>\n<p> O prazo para as montadoras informarem ao governo se participar\u00e3o do programa de subs\u00eddios de autom\u00f3veis, e quais modelos ficar\u00e3o mais baratos, terminou na segunda-feira (12), informou o Minist\u00e9rio do Desenvolvimento, Ind\u00fastria, Com\u00e9rcio e Servi\u00e7os (MDIC). <\/p>\n<p> Na semana passada, o <a class href=\"https:\/\/g1.globo.com\/economia\/noticia\/2023\/06\/05\/alckmin-anuncia-programa-para-barateamento-do-carro-popular.ghtml\">governo federal anunciou medidas para baratear ve\u00edculos.<\/a> O desconto vai variar de R$ 2 mil a at\u00e9 R$ 8 mil no pre\u00e7o dos ve\u00edculos de at\u00e9 R$ 120 mil. <\/p>\n<p> O plano prev\u00ea: <\/p>\n<ul>\n<li>desconto de R$ 2 mil at\u00e9 R$ 8 mil no pre\u00e7o final de carros<\/li>\n<li>subs\u00eddios para a redu\u00e7\u00e3o do pre\u00e7o de caminh\u00f5es e de \u00f4nibus<\/li>\n<\/ul>\n<p> No total, o governo reservou R$ 1,5 bilh\u00e3o para o programa. Ser\u00e3o distribu\u00eddos assim: <\/p>\n<ul>\n<li>R$ 500 milh\u00f5es para autom\u00f3veis<\/li>\n<li>R$ 700 milh\u00f5es para caminh\u00f5es<\/li>\n<li>R$ 300 milh\u00f5es para vans e \u00f4nibus<\/li>\n<\/ul>\n<p> Quando atingir o R$ 1,5 bilh\u00e3o, o programa ser\u00e1 encerrado. <\/p>\n<p> O barateamento de carros foi um pedido do presidente Luiz In\u00e1cio <a class href=\"https:\/\/g1.globo.com\/politica\/politico\/lula\/\">Lula<\/a> da Silva \u00e0 sua equipe econ\u00f4mica. Ele j\u00e1 havia dito, no in\u00edcio de maio, que considerava os pre\u00e7os muito altos no pa\u00eds. <\/p>\n<p> As vendas de carros com desconto ser\u00e3o exclusivas para pessoas f\u00edsicas nos primeiros 15 dias, prazo que pode ser prorrogado por at\u00e9 60 dias, a depender da resposta do mercado. Depois disso, as empresas tamb\u00e9m poder\u00e3o se beneficiar do programa. <\/p>\n<p> As empresas do setor que aplicarem o desconto na venda ao consumidor receber\u00e3o um cr\u00e9dito tribut\u00e1rio. <\/p>\n<p><h2>Carros que podem ficar mais baratos<\/h2>\n<\/p>\n<p> De acordo com levantamento do g1 em sites de montadoras que atuam no pa\u00eds, mais de 30 carros vendidos no Brasil <a class href=\"https:\/\/g1.globo.com\/economia\/noticia\/2023\/05\/26\/mais-de-30-carros-tem-preco-ate-r-120-mil-e-podem-ficar-mais-baratos-com-medidas-do-governo-veja-lista.ghtml\">t\u00eam pre\u00e7os at\u00e9 R$ 120 mil e podem ficar mais baratos com medidas anunciadas pelo governo federal.<\/a> <\/p>\n<p> Para a sondagem, a reportagem considerou a regi\u00e3o de S\u00e3o Paulo e os pre\u00e7os iniciais sugeridos pelas montadoras em seus sites. Ainda de acordo com a pesquisa, pelo menos 10 companhias vendem carros at\u00e9 R$ 120 mil. <\/p>\n<p> Na semana passada, as montadoras come\u00e7aram a anunciar pacotes de incentivos econ\u00f4micos para a compra de carros novos. Em 6 de junho, o <strong>g1 <\/strong>j\u00e1 tinha identificado <a class href=\"https:\/\/g1.globo.com\/economia\/noticia\/2023\/06\/06\/montadoras-anunciam-pacotes-de-incentivos-para-carros-novos.ghtml\">54 promo\u00e7\u00f5es nos sites das montadoras. H\u00e1 modelos dispon\u00edveis por menos de R$ 60 mil e outros ve\u00edculos com descontos que chegam a R$ 21 mil.<\/a> <\/p>\n<ul>\n<li> <a href=\"https:\/\/g1.globo.com\/politica\/politico\/geraldo-alckmin\/\" class=\"entities__list-itemLink\" data-track-click=\"Geraldo Alckmin\"> Geraldo Alckmin <\/a> <\/li>\n<li> <a href=\"https:\/\/g1.globo.com\/politica\/politico\/lula\/\" class=\"entities__list-itemLink\" data-track-click=\"Lula\"> Lula <\/a> <\/li>\n<li> <a href=\"https:\/\/g1.globo.com\/tudo-sobre\/ministerio-do-desenvolvimento-industria-e-comercio-exterior\/\" class=\"entities__list-itemLink\" data-track-click=\"Minist\u00e9rio do Desenvolvimento, Ind\u00fastria e Com\u00e9rcio Exterior\"> Minist\u00e9rio do Desenvolvimento, Ind\u00fastria e Com\u00e9rcio Exterior <\/a> <\/li>\n<li> <a href=\"https:\/\/g1.globo.com\/politica\/partido\/pt\/\" class=\"entities__list-itemLink\" data-track-click=\"PT\"> PT <\/a> <\/li>\n<\/ul>\n","protected":false},"excerpt":{"rendered":"<p>1 de 1&#013;Economistas divergem sobre os benef\u00edcios para a economia brasileira da redu\u00e7\u00e3o de impostos de carros populares 0 km \u2014 Foto: Jornal Nacional\/ Reprodu\u00e7\u00e3o Economistas divergem sobre os benef\u00edcios para a economia brasileira da redu\u00e7\u00e3o de impostos de carros populares 0 km \u2014 Foto: Jornal Nacional\/ Reprodu\u00e7\u00e3o O governo federal deve divulgar nesta quarta-feira [&hellip;]<\/p>\n","protected":false},"author":1,"featured_media":0,"comment_status":"closed","ping_status":"closed","sticky":false,"template":"","format":"standard","meta":{"footnotes":""},"categories":[],"tags":[],"class_list":["post-49273","post","type-post","status-publish","format-standard","hentry"],"_links":{"self":[{"href":"https:\/\/blog.corretoraideal.com.br\/index.php\/wp-json\/wp\/v2\/posts\/49273","targetHints":{"allow":["GET"]}}],"collection":[{"href":"https:\/\/blog.corretoraideal.com.br\/index.php\/wp-json\/wp\/v2\/posts"}],"about":[{"href":"https:\/\/blog.corretoraideal.com.br\/index.php\/wp-json\/wp\/v2\/types\/post"}],"author":[{"embeddable":true,"href":"https:\/\/blog.corretoraideal.com.br\/index.php\/wp-json\/wp\/v2\/users\/1"}],"replies":[{"embeddable":true,"href":"https:\/\/blog.corretoraideal.com.br\/index.php\/wp-json\/wp\/v2\/comments?post=49273"}],"version-history":[{"count":1,"href":"https:\/\/blog.corretoraideal.com.br\/index.php\/wp-json\/wp\/v2\/posts\/49273\/revisions"}],"predecessor-version":[{"id":49275,"href":"https:\/\/blog.corretoraideal.com.br\/index.php\/wp-json\/wp\/v2\/posts\/49273\/revisions\/49275"}],"wp:attachment":[{"href":"https:\/\/blog.corretoraideal.com.br\/index.php\/wp-json\/wp\/v2\/media?parent=49273"}],"wp:term":[{"taxonomy":"category","embeddable":true,"href":"https:\/\/blog.corretoraideal.com.br\/index.php\/wp-json\/wp\/v2\/categories?post=49273"},{"taxonomy":"post_tag","embeddable":true,"href":"https:\/\/blog.corretoraideal.com.br\/index.php\/wp-json\/wp\/v2\/tags?post=49273"}],"curies":[{"name":"wp","href":"https:\/\/api.w.org\/{rel}","templated":true}]}}