{"id":49285,"date":"2023-06-14T12:29:41","date_gmt":"2023-06-14T12:29:41","guid":{"rendered":"https:\/\/blog.corretoraideal.com.br\/?p=49285"},"modified":"2023-06-14T12:29:41","modified_gmt":"2023-06-14T12:29:41","slug":"uniao-europeia-aprova-versao-inicial-de-projeto-para-regular-uso-de-inteligencia-artificial-tecnologia-g1","status":"publish","type":"post","link":"https:\/\/blog.corretoraideal.com.br\/index.php\/2023\/06\/14\/uniao-europeia-aprova-versao-inicial-de-projeto-para-regular-uso-de-inteligencia-artificial-tecnologia-g1\/","title":{"rendered":"Uni\u00e3o Europeia aprova vers\u00e3o inicial de projeto para regular uso de intelig\u00eancia artificial | Tecnologia | G1"},"content":{"rendered":"<p>      1 de 1&#013;A medida visa estabelecer um padr\u00e3o no uso da tecnologia, desde f\u00e1bricas automatizadas a bots como o ChatGPT \u2014 Foto: Reuters\/Florence Lo    <\/p>\n<p> A medida visa estabelecer um padr\u00e3o no uso da tecnologia, desde f\u00e1bricas automatizadas a bots como o ChatGPT \u2014 Foto: Reuters\/Florence Lo <\/p>\n<p> O Parlamento Europeu, bra\u00e7o legislativo da Uni\u00e3o Europeia, aprovou nesta quarta-feira (14) uma vers\u00e3o inicial de um projeto que visa a regular uso de intelig\u00eancia artificial no bloco. N\u00e3o h\u00e1 previs\u00e3o de quando a vers\u00e3o final vai ser votada. <\/p>\n<p> Entre os pontos discutidos est\u00e3o restri\u00e7\u00f5es ao uso de reconhecimento facial e transpar\u00eancia sobre o funcionamento de rob\u00f4s como o ChatGPT, que atraiu a aten\u00e7\u00e3o nos \u00faltimos meses com a capacidade de ter resposta para quase tudo e tem mais de 100 milh\u00f5es de usu\u00e1rios ativos mensais. <\/p>\n<p>&quot;A IA levanta muitas quest\u00f5es \u2013 social, \u00e9tica e economicamente. Mas agora n\u00e3o \u00e9 hora de apertar nenhum &#x27;bot\u00e3o de pausa&#x27;. Pelo contr\u00e1rio, trata-se de agir r\u00e1pido e assumir responsabilidades&quot;, disse comiss\u00e1rio para Mercado Interno da Uni\u00e3o Europeia, Thierry Breton.<\/p>\n<p>                   <img loading=\"lazy\" decoding=\"async\" class=\"aligncenter size-full wp-image-49287\" src=\"https:\/\/blog.corretoraideal.com.br\/wp-content\/uploads\/2023\/06\/conheca-o-chatgpt-a-tecnologia-que-viralizou-por-ter-resposta-para-quase-tudo.jpeg\" alt=\"Conhe\u00e7a o ChatGPT, a tecnologia que viralizou por ter resposta para (quase) tudo\" width=\"800\" height=\"400\" \/>      <\/p>\n<p> Conhe\u00e7a o ChatGPT, a tecnologia que viralizou por ter resposta para (quase) tudo <\/p>\n<ul> <\/ul>\n","protected":false},"excerpt":{"rendered":"<p>1 de 1&#013;A medida visa estabelecer um padr\u00e3o no uso da tecnologia, desde f\u00e1bricas automatizadas a bots como o ChatGPT \u2014 Foto: Reuters\/Florence Lo A medida visa estabelecer um padr\u00e3o no uso da tecnologia, desde f\u00e1bricas automatizadas a bots como o ChatGPT \u2014 Foto: Reuters\/Florence Lo O Parlamento Europeu, bra\u00e7o legislativo da Uni\u00e3o Europeia, aprovou [&hellip;]<\/p>\n","protected":false},"author":1,"featured_media":0,"comment_status":"closed","ping_status":"closed","sticky":false,"template":"","format":"standard","meta":{"footnotes":""},"categories":[],"tags":[],"class_list":["post-49285","post","type-post","status-publish","format-standard","hentry"],"_links":{"self":[{"href":"https:\/\/blog.corretoraideal.com.br\/index.php\/wp-json\/wp\/v2\/posts\/49285","targetHints":{"allow":["GET"]}}],"collection":[{"href":"https:\/\/blog.corretoraideal.com.br\/index.php\/wp-json\/wp\/v2\/posts"}],"about":[{"href":"https:\/\/blog.corretoraideal.com.br\/index.php\/wp-json\/wp\/v2\/types\/post"}],"author":[{"embeddable":true,"href":"https:\/\/blog.corretoraideal.com.br\/index.php\/wp-json\/wp\/v2\/users\/1"}],"replies":[{"embeddable":true,"href":"https:\/\/blog.corretoraideal.com.br\/index.php\/wp-json\/wp\/v2\/comments?post=49285"}],"version-history":[{"count":1,"href":"https:\/\/blog.corretoraideal.com.br\/index.php\/wp-json\/wp\/v2\/posts\/49285\/revisions"}],"predecessor-version":[{"id":49288,"href":"https:\/\/blog.corretoraideal.com.br\/index.php\/wp-json\/wp\/v2\/posts\/49285\/revisions\/49288"}],"wp:attachment":[{"href":"https:\/\/blog.corretoraideal.com.br\/index.php\/wp-json\/wp\/v2\/media?parent=49285"}],"wp:term":[{"taxonomy":"category","embeddable":true,"href":"https:\/\/blog.corretoraideal.com.br\/index.php\/wp-json\/wp\/v2\/categories?post=49285"},{"taxonomy":"post_tag","embeddable":true,"href":"https:\/\/blog.corretoraideal.com.br\/index.php\/wp-json\/wp\/v2\/tags?post=49285"}],"curies":[{"name":"wp","href":"https:\/\/api.w.org\/{rel}","templated":true}]}}