{"id":49301,"date":"2023-06-14T19:29:34","date_gmt":"2023-06-14T19:29:34","guid":{"rendered":"https:\/\/blog.corretoraideal.com.br\/?p=49301"},"modified":"2023-06-14T19:29:34","modified_gmt":"2023-06-14T19:29:34","slug":"prefeitura-de-nova-friburgo-abre-consulta-publica-para-a-populacao-enviar-sugestoes-sobre-a-concessao-do-transporte-publico-norte-fluminense-g1","status":"publish","type":"post","link":"https:\/\/blog.corretoraideal.com.br\/index.php\/2023\/06\/14\/prefeitura-de-nova-friburgo-abre-consulta-publica-para-a-populacao-enviar-sugestoes-sobre-a-concessao-do-transporte-publico-norte-fluminense-g1\/","title":{"rendered":"Prefeitura de Nova Friburgo abre consulta p\u00fablica para a popula\u00e7\u00e3o enviar sugest\u00f5es sobre a concess\u00e3o do transporte p\u00fablico | Norte Fluminense | G1"},"content":{"rendered":"<p>      1 de 1&#013;Popula\u00e7\u00e3o pode conferir texto de edital provis\u00f3rio a partir desta quarta-feira (14) e enviar sugest\u00f5es a partir de quinta (15) at\u00e9 5 de julho \u2014 Foto: Secom\/Prefeitura de Nova Friburgo    <\/p>\n<p> Popula\u00e7\u00e3o pode conferir texto de edital provis\u00f3rio a partir desta quarta-feira (14) e enviar sugest\u00f5es a partir de quinta (15) at\u00e9 5 de julho \u2014 Foto: Secom\/Prefeitura de Nova Friburgo <\/p>\n<p> A Prefeitura de <a class href=\"https:\/\/g1.globo.com\/rj\/regiao-serrana\/cidade\/nova-friburgo\/\">Nova Friburgo<\/a>, na Regi\u00e3o Serrana do Rio, abriu consulta p\u00fablica para o envio de sugest\u00f5es sobre a concess\u00e3o do transporte p\u00fablico na cidade. Para isso, o texto do edital de licita\u00e7\u00e3o, ainda n\u00e3o definitivo, foi <a class href=\"https:\/\/plenussistemas.dioenet.com.br\/public\/uploads\/diarios\/2023\/06\/9e0dae7507a31c147f60b469dcc82af3.pdf\" target=\"_blank\" rel=\"noopener noreferrer\">disponibilizado no Di\u00e1rio Oficial do Munic\u00edpio desta quarta-feira (14)<\/a> para que a popula\u00e7\u00e3o entre e fa\u00e7a a consulta. <\/p>\n<p> J\u00e1 as sugest\u00f5es dos moradores podem ser enviadas a partir desta quinta-feira (15) at\u00e9 o dia 5 de julho. A participa\u00e7\u00e3o vai ocorrer por meio de formul\u00e1rio no site da Prefeitura ou pelo e-mail consultapublicatransporte@gmail.com. <\/p>\n<p> &quot;O munic\u00edpio est\u00e1 com essa licita\u00e7\u00e3o pendente desde 2018. \u00c9 importante que a maior parcela da popula\u00e7\u00e3o possa acompanhar esse processo com toda transpar\u00eancia&quot;, disse a Prefeitura ao <strong>g1<\/strong>, pedindo ainda que as pessoas n\u00e3o deixem a participa\u00e7\u00e3o para o \u00faltimo dia &quot;a fim de evitar atropelos ou problemas, j\u00e1 que a opini\u00e3o de todos \u00e9 muito importante para o munic\u00edpio&quot;. <\/p>\n<p> Com o fim do prazo da consulta, o edital definitivo da licita\u00e7\u00e3o ser\u00e1 publicado de acordo com a legisla\u00e7\u00e3o vigente. <\/p>\n<p> A Prefeitura explica que o edital \u00e9 o instrumento que vai regular a licita\u00e7\u00e3o do transporte p\u00fablico coletivo e a execu\u00e7\u00e3o do futuro contrato. <\/p>\n<ul>\n<li> <a href=\"https:\/\/g1.globo.com\/rj\/regiao-serrana\/cidade\/nova-friburgo\/\" class=\"entities__list-itemLink\" data-track-click=\"Nova Friburgo\"> Nova Friburgo <\/a> <\/li>\n<\/ul>\n","protected":false},"excerpt":{"rendered":"<p>1 de 1&#013;Popula\u00e7\u00e3o pode conferir texto de edital provis\u00f3rio a partir desta quarta-feira (14) e enviar sugest\u00f5es a partir de quinta (15) at\u00e9 5 de julho \u2014 Foto: Secom\/Prefeitura de Nova Friburgo Popula\u00e7\u00e3o pode conferir texto de edital provis\u00f3rio a partir desta quarta-feira (14) e enviar sugest\u00f5es a partir de quinta (15) at\u00e9 5 de [&hellip;]<\/p>\n","protected":false},"author":1,"featured_media":0,"comment_status":"closed","ping_status":"closed","sticky":false,"template":"","format":"standard","meta":{"footnotes":""},"categories":[],"tags":[],"class_list":["post-49301","post","type-post","status-publish","format-standard","hentry"],"_links":{"self":[{"href":"https:\/\/blog.corretoraideal.com.br\/index.php\/wp-json\/wp\/v2\/posts\/49301","targetHints":{"allow":["GET"]}}],"collection":[{"href":"https:\/\/blog.corretoraideal.com.br\/index.php\/wp-json\/wp\/v2\/posts"}],"about":[{"href":"https:\/\/blog.corretoraideal.com.br\/index.php\/wp-json\/wp\/v2\/types\/post"}],"author":[{"embeddable":true,"href":"https:\/\/blog.corretoraideal.com.br\/index.php\/wp-json\/wp\/v2\/users\/1"}],"replies":[{"embeddable":true,"href":"https:\/\/blog.corretoraideal.com.br\/index.php\/wp-json\/wp\/v2\/comments?post=49301"}],"version-history":[{"count":1,"href":"https:\/\/blog.corretoraideal.com.br\/index.php\/wp-json\/wp\/v2\/posts\/49301\/revisions"}],"predecessor-version":[{"id":49303,"href":"https:\/\/blog.corretoraideal.com.br\/index.php\/wp-json\/wp\/v2\/posts\/49301\/revisions\/49303"}],"wp:attachment":[{"href":"https:\/\/blog.corretoraideal.com.br\/index.php\/wp-json\/wp\/v2\/media?parent=49301"}],"wp:term":[{"taxonomy":"category","embeddable":true,"href":"https:\/\/blog.corretoraideal.com.br\/index.php\/wp-json\/wp\/v2\/categories?post=49301"},{"taxonomy":"post_tag","embeddable":true,"href":"https:\/\/blog.corretoraideal.com.br\/index.php\/wp-json\/wp\/v2\/tags?post=49301"}],"curies":[{"name":"wp","href":"https:\/\/api.w.org\/{rel}","templated":true}]}}