{"id":49304,"date":"2023-06-14T21:30:09","date_gmt":"2023-06-14T21:30:09","guid":{"rendered":"https:\/\/blog.corretoraideal.com.br\/?p=49304"},"modified":"2023-06-14T21:30:09","modified_gmt":"2023-06-14T21:30:09","slug":"haddad-comemora-alta-na-perspectiva-de-rating-do-brasil-por-agencia-de-risco-e-preve-que-pais-retomara-o-grau-de-investimento-economia-g1","status":"publish","type":"post","link":"https:\/\/blog.corretoraideal.com.br\/index.php\/2023\/06\/14\/haddad-comemora-alta-na-perspectiva-de-rating-do-brasil-por-agencia-de-risco-e-preve-que-pais-retomara-o-grau-de-investimento-economia-g1\/","title":{"rendered":"Haddad comemora alta na perspectiva de rating do Brasil por ag\u00eancia de risco e prev\u00ea que pa\u00eds retomar\u00e1 o grau de investimento | Economia | G1"},"content":{"rendered":"\n<p> O ministro da Fazenda, Fernando Haddad, comemorou nesta quarta-feira (14) a eleva\u00e7\u00e3o na perspectiva de rating (nota de cr\u00e9dito) do Brasil dada pela ag\u00eancia de risco S&amp;P. Ele previu que o pa\u00eds vai retomar o grau de investimento. <\/p>\n<p> A perspectiva do Brasil subiu de est\u00e1vel para positiva. N\u00e3o havia uma revis\u00e3o para cima desde 2019. <\/p>\n<p> A avalia\u00e7\u00e3o da classifica\u00e7\u00e3o de risco significa a percep\u00e7\u00e3o da ag\u00eancia sobre a capacidade de o Brasil honrar suas d\u00edvidas. Fundos de investimento buscam pa\u00edses com melhores notas. <\/p>\n<p> Haddad dividiu os m\u00e9ritos com Judici\u00e1rio e Congresso, em raz\u00e3o de medidas tomadas nos \u00faltimos meses e que, segundo o ministro, melhoraram o ambiente econ\u00f4mico. <\/p>\n<p> &quot;Passo importante. Depois de 4 anos, ter uma sinaliza\u00e7\u00e3o dessas. Gostaria de compartilhar com Congresso e o Judici\u00e1rio. As iniciativas que est\u00e3o sendo tomadas na dire\u00e7\u00e3o correta de arrumar contas do Brasil e avan\u00e7ar com gera\u00e7\u00e3o de emprego&quot;, afirmou o ministro. <\/p>\n<p> Ele citou nominalmente os presidentes da C\u00e2mara, Arthur Lira (PP-AL), e do Senado, Rodrigo Pacheco (PSD-MG). <\/p>\n<p> Haddad lembrou que a ag\u00eancia fez men\u00e7\u00e3o ao arcabou\u00e7o fiscal, j\u00e1 aprovado na C\u00e2mara. <\/p>\n<p> &quot;Men\u00e7\u00e3o ao arcabou\u00e7o foi feita, \u00e0 reforma tribut\u00e1ria, de corte tribut\u00e1rio. Tudo isso foi mencionado na nota. Importante que uma ag\u00eancia externa consiga observar esses avan\u00e7os. Se mantivermos ritmo de trabalho, quero crer que vamos conseguir atingir objetivos&quot;, completou. <\/p>\n<p><h2>Grau de investimento<\/h2>\n<\/p>\n<p> O grau de investimento \u00e9 um selo dado pelas ag\u00eancia de risco, que significa que o pa\u00eds atingiu o maior n\u00edvel na escala de bom pagador. <\/p>\n<p> O Brasil obteve o grau de investimento em 2008, no segundo mandato do governo Lula. E perdeu o selo em 2015, no segundo mandato da presidente Dilma Rousseff. <\/p>\n<p> Haddad foi questionado por jornalistas na porta do Minist\u00e9rio da Fazenda sobre a volta do grau de investimento. <\/p>\n<p> &quot;O Brasil vai retomar&quot;, respondeu o ministro. <\/p>\n<ul> <\/ul>\n","protected":false},"excerpt":{"rendered":"<p>O ministro da Fazenda, Fernando Haddad, comemorou nesta quarta-feira (14) a eleva\u00e7\u00e3o na perspectiva de rating (nota de cr\u00e9dito) do Brasil dada pela ag\u00eancia de risco S&amp;P. Ele previu que o pa\u00eds vai retomar o grau de investimento. A perspectiva do Brasil subiu de est\u00e1vel para positiva. N\u00e3o havia uma revis\u00e3o para cima desde 2019. [&hellip;]<\/p>\n","protected":false},"author":1,"featured_media":0,"comment_status":"closed","ping_status":"closed","sticky":false,"template":"","format":"standard","meta":{"footnotes":""},"categories":[],"tags":[],"class_list":["post-49304","post","type-post","status-publish","format-standard","hentry"],"_links":{"self":[{"href":"https:\/\/blog.corretoraideal.com.br\/index.php\/wp-json\/wp\/v2\/posts\/49304","targetHints":{"allow":["GET"]}}],"collection":[{"href":"https:\/\/blog.corretoraideal.com.br\/index.php\/wp-json\/wp\/v2\/posts"}],"about":[{"href":"https:\/\/blog.corretoraideal.com.br\/index.php\/wp-json\/wp\/v2\/types\/post"}],"author":[{"embeddable":true,"href":"https:\/\/blog.corretoraideal.com.br\/index.php\/wp-json\/wp\/v2\/users\/1"}],"replies":[{"embeddable":true,"href":"https:\/\/blog.corretoraideal.com.br\/index.php\/wp-json\/wp\/v2\/comments?post=49304"}],"version-history":[{"count":1,"href":"https:\/\/blog.corretoraideal.com.br\/index.php\/wp-json\/wp\/v2\/posts\/49304\/revisions"}],"predecessor-version":[{"id":49306,"href":"https:\/\/blog.corretoraideal.com.br\/index.php\/wp-json\/wp\/v2\/posts\/49304\/revisions\/49306"}],"wp:attachment":[{"href":"https:\/\/blog.corretoraideal.com.br\/index.php\/wp-json\/wp\/v2\/media?parent=49304"}],"wp:term":[{"taxonomy":"category","embeddable":true,"href":"https:\/\/blog.corretoraideal.com.br\/index.php\/wp-json\/wp\/v2\/categories?post=49304"},{"taxonomy":"post_tag","embeddable":true,"href":"https:\/\/blog.corretoraideal.com.br\/index.php\/wp-json\/wp\/v2\/tags?post=49304"}],"curies":[{"name":"wp","href":"https:\/\/api.w.org\/{rel}","templated":true}]}}