{"id":49314,"date":"2023-06-15T02:29:45","date_gmt":"2023-06-15T02:29:45","guid":{"rendered":"https:\/\/blog.corretoraideal.com.br\/?p=49314"},"modified":"2023-06-15T02:29:45","modified_gmt":"2023-06-15T02:29:45","slug":"secretaria-do-consumidor-pede-explicacoes-a-ans-sobre-reajuste-nos-planos-de-saude-politica-g1","status":"publish","type":"post","link":"https:\/\/blog.corretoraideal.com.br\/index.php\/2023\/06\/15\/secretaria-do-consumidor-pede-explicacoes-a-ans-sobre-reajuste-nos-planos-de-saude-politica-g1\/","title":{"rendered":"Secretaria do Consumidor pede explica\u00e7\u00f5es \u00e0 ANS sobre reajuste nos planos de sa\u00fade | Pol\u00edtica | G1"},"content":{"rendered":"\n<p> A Secretaria Nacional do Consumidor (Senacon), ligada ao Minist\u00e9rio da Justi\u00e7a, pediu nesta quarta-feira (14) esclarecimentos \u00e0 Ag\u00eancia Nacional de Sa\u00fade Suplementar (ANS) sobre o<a class href=\"https:\/\/g1.globo.com\/economia\/noticia\/2023\/06\/12\/reajuste-planos-de-saude.ghtml\"> reajuste nos planos de sa\u00fade<\/a>. <\/p>\n<p> O reajuste m\u00e1ximo, anunciado pela ANS na segunda (12), foi de 9,63% no pre\u00e7o dos planos de sa\u00fade individual e familiar. O valor foi definido e aprovado durante reuni\u00e3o dos diretores da ag\u00eancia. A mudan\u00e7a ter\u00e1 validade de 1\u00ba de maio de 2023 (retroativo) at\u00e9 30 de abril de 2024. <\/p>\n<p> Representantes da Senacon e da ANS se reuniram para tratar do tema. O secret\u00e1rio Nacional do Consumidor, Wadih Damous, afirmou que o \u00f3rg\u00e3o vem recebendo muitas reclama\u00e7\u00f5es de usu\u00e1rios de planos de sa\u00fade. <\/p>\n<p> \u201cAs reclama\u00e7\u00f5es s\u00e3o muitas. Estamos tratando de uma quest\u00e3o de prote\u00e7\u00e3o \u00e0 vida. \u00c9 necess\u00e1rio avan\u00e7armos e implementarmos instrumentos efetivos para reduzir demandas, qualificar atendimento e efetivamente monitorar o setor no sentido de proteger o consumidor\u201d, disse Damous. <\/p>\n<ul> <\/ul>\n","protected":false},"excerpt":{"rendered":"<p>A Secretaria Nacional do Consumidor (Senacon), ligada ao Minist\u00e9rio da Justi\u00e7a, pediu nesta quarta-feira (14) esclarecimentos \u00e0 Ag\u00eancia Nacional de Sa\u00fade Suplementar (ANS) sobre o reajuste nos planos de sa\u00fade. O reajuste m\u00e1ximo, anunciado pela ANS na segunda (12), foi de 9,63% no pre\u00e7o dos planos de sa\u00fade individual e familiar. O valor foi definido [&hellip;]<\/p>\n","protected":false},"author":1,"featured_media":0,"comment_status":"closed","ping_status":"closed","sticky":false,"template":"","format":"standard","meta":{"footnotes":""},"categories":[],"tags":[],"class_list":["post-49314","post","type-post","status-publish","format-standard","hentry"],"_links":{"self":[{"href":"https:\/\/blog.corretoraideal.com.br\/index.php\/wp-json\/wp\/v2\/posts\/49314","targetHints":{"allow":["GET"]}}],"collection":[{"href":"https:\/\/blog.corretoraideal.com.br\/index.php\/wp-json\/wp\/v2\/posts"}],"about":[{"href":"https:\/\/blog.corretoraideal.com.br\/index.php\/wp-json\/wp\/v2\/types\/post"}],"author":[{"embeddable":true,"href":"https:\/\/blog.corretoraideal.com.br\/index.php\/wp-json\/wp\/v2\/users\/1"}],"replies":[{"embeddable":true,"href":"https:\/\/blog.corretoraideal.com.br\/index.php\/wp-json\/wp\/v2\/comments?post=49314"}],"version-history":[{"count":1,"href":"https:\/\/blog.corretoraideal.com.br\/index.php\/wp-json\/wp\/v2\/posts\/49314\/revisions"}],"predecessor-version":[{"id":49316,"href":"https:\/\/blog.corretoraideal.com.br\/index.php\/wp-json\/wp\/v2\/posts\/49314\/revisions\/49316"}],"wp:attachment":[{"href":"https:\/\/blog.corretoraideal.com.br\/index.php\/wp-json\/wp\/v2\/media?parent=49314"}],"wp:term":[{"taxonomy":"category","embeddable":true,"href":"https:\/\/blog.corretoraideal.com.br\/index.php\/wp-json\/wp\/v2\/categories?post=49314"},{"taxonomy":"post_tag","embeddable":true,"href":"https:\/\/blog.corretoraideal.com.br\/index.php\/wp-json\/wp\/v2\/tags?post=49314"}],"curies":[{"name":"wp","href":"https:\/\/api.w.org\/{rel}","templated":true}]}}