{"id":49321,"date":"2023-06-15T05:29:40","date_gmt":"2023-06-15T05:29:40","guid":{"rendered":"https:\/\/blog.corretoraideal.com.br\/?p=49321"},"modified":"2023-06-15T05:29:40","modified_gmt":"2023-06-15T05:29:40","slug":"confusao-em-itaperuna-rj-termina-com-um-homem-baleado-e-outro-preso-norte-fluminense-g1","status":"publish","type":"post","link":"https:\/\/blog.corretoraideal.com.br\/index.php\/2023\/06\/15\/confusao-em-itaperuna-rj-termina-com-um-homem-baleado-e-outro-preso-norte-fluminense-g1\/","title":{"rendered":"Confus\u00e3o em Itaperuna, RJ, termina com um homem baleado e outro preso | Norte Fluminense | G1"},"content":{"rendered":"\n<p> Um homem foi baleado nesta ter\u00e7a-feira (13), por volta das 21h, na Avenida Santo Antonio, no bairro Niter\u00f3i, em <a class href=\"https:\/\/g1.globo.com\/rj\/norte-fluminense\/cidade\/itaperuna\/\">Itaperuna<\/a>. O suspeito do crime foi preso. <\/p>\n<p> De acordo com a Policia Militar, a v\u00edtima chegou a dizer que sofreu essa tentativa de homic\u00eddio de um suspeito conhecido e que a situa\u00e7\u00e3o foi armada, uma vez que ele foi baleado quando estava de costas. <\/p>\n<p> Tudo come\u00e7ou, segundo os agentes, porque a v\u00edtima, que declarou j\u00e1 ter sido envolvida com o tr\u00e1fico, n\u00e3o queria mais estar na vida do crime, e, de acordo com o pr\u00f3prio homem, o suspeito n\u00e3o aceitou a decis\u00e3o. Por esse motivo, foi buscar explica\u00e7\u00f5es com a v\u00edtima, quando discutiram e foi atingida pelos disparos, dois tiros de rasp\u00e3o na cabe\u00e7a, um tiro no pesco\u00e7o, um no peito, um em cada bra\u00e7o e um na perna. <\/p>\n<p> Esse homem foi socorrido pelo Corpo de Bombeiros e levado para um hospital da regi\u00e3o para ser submetido a uma cirurgia. <\/p>\n<p> No local, foram apreendidas ainda 13 muni\u00e7\u00f5es, o suspeito segue preso e o caso sendo investigado pela Delegacia de Itaperuna. <\/p>\n<p> Ao g1, a Pol\u00edcia Civil disse, por meio de nota, que o caso \u00e9 investigado pela 143\u00aa Delegacia de Pol\u00edcia. <\/p>\n<ul>\n<li> <a href=\"https:\/\/g1.globo.com\/rj\/norte-fluminense\/cidade\/itaperuna\/\" class=\"entities__list-itemLink\" data-track-click=\"Itaperuna\"> Itaperuna <\/a> <\/li>\n<\/ul>\n","protected":false},"excerpt":{"rendered":"<p>Um homem foi baleado nesta ter\u00e7a-feira (13), por volta das 21h, na Avenida Santo Antonio, no bairro Niter\u00f3i, em Itaperuna. O suspeito do crime foi preso. De acordo com a Policia Militar, a v\u00edtima chegou a dizer que sofreu essa tentativa de homic\u00eddio de um suspeito conhecido e que a situa\u00e7\u00e3o foi armada, uma vez [&hellip;]<\/p>\n","protected":false},"author":1,"featured_media":0,"comment_status":"closed","ping_status":"closed","sticky":false,"template":"","format":"standard","meta":{"footnotes":""},"categories":[],"tags":[],"class_list":["post-49321","post","type-post","status-publish","format-standard","hentry"],"_links":{"self":[{"href":"https:\/\/blog.corretoraideal.com.br\/index.php\/wp-json\/wp\/v2\/posts\/49321","targetHints":{"allow":["GET"]}}],"collection":[{"href":"https:\/\/blog.corretoraideal.com.br\/index.php\/wp-json\/wp\/v2\/posts"}],"about":[{"href":"https:\/\/blog.corretoraideal.com.br\/index.php\/wp-json\/wp\/v2\/types\/post"}],"author":[{"embeddable":true,"href":"https:\/\/blog.corretoraideal.com.br\/index.php\/wp-json\/wp\/v2\/users\/1"}],"replies":[{"embeddable":true,"href":"https:\/\/blog.corretoraideal.com.br\/index.php\/wp-json\/wp\/v2\/comments?post=49321"}],"version-history":[{"count":1,"href":"https:\/\/blog.corretoraideal.com.br\/index.php\/wp-json\/wp\/v2\/posts\/49321\/revisions"}],"predecessor-version":[{"id":49323,"href":"https:\/\/blog.corretoraideal.com.br\/index.php\/wp-json\/wp\/v2\/posts\/49321\/revisions\/49323"}],"wp:attachment":[{"href":"https:\/\/blog.corretoraideal.com.br\/index.php\/wp-json\/wp\/v2\/media?parent=49321"}],"wp:term":[{"taxonomy":"category","embeddable":true,"href":"https:\/\/blog.corretoraideal.com.br\/index.php\/wp-json\/wp\/v2\/categories?post=49321"},{"taxonomy":"post_tag","embeddable":true,"href":"https:\/\/blog.corretoraideal.com.br\/index.php\/wp-json\/wp\/v2\/tags?post=49321"}],"curies":[{"name":"wp","href":"https:\/\/api.w.org\/{rel}","templated":true}]}}