{"id":49331,"date":"2023-06-15T10:29:48","date_gmt":"2023-06-15T10:29:48","guid":{"rendered":"https:\/\/blog.corretoraideal.com.br\/?p=49331"},"modified":"2023-06-15T10:29:48","modified_gmt":"2023-06-15T10:29:48","slug":"ccz-faz-mutirao-contra-o-mosquito-aedes-aegypti-nesta-sexta-no-parque-juliao-nogueira-em-campos-norte-fluminense-g1","status":"publish","type":"post","link":"https:\/\/blog.corretoraideal.com.br\/index.php\/2023\/06\/15\/ccz-faz-mutirao-contra-o-mosquito-aedes-aegypti-nesta-sexta-no-parque-juliao-nogueira-em-campos-norte-fluminense-g1\/","title":{"rendered":"CCZ faz mutir\u00e3o contra o mosquito Aedes aegypti nesta sexta no Parque Juli\u00e3o Nogueira, em Campos | Norte Fluminense | G1"},"content":{"rendered":"<p>      1 de 2&#013;CCZ de Campos visita casas em mutir\u00e3o de combate ao mosquito Aedes Aegypti \u2014 Foto: C\u00e9sar Ferreira\/Prefeitura de Campos    <\/p>\n<p> CCZ de Campos visita casas em mutir\u00e3o de combate ao mosquito Aedes Aegypti \u2014 Foto: C\u00e9sar Ferreira\/Prefeitura de Campos <\/p>\n<p> O Centro de Controle de Zoonoses (CCZ) vai fazer um mutir\u00e3o contra o mosquito Aedes aegypti nesta sexta-feira (16), no Parque Juli\u00e3o Nogueira, em <a class href=\"https:\/\/g1.globo.com\/rj\/norte-fluminense\/cidade\/campos-dos-goytacazes\/\">Campos dos Goytacazes<\/a>, no Norte Fluminense. <\/p>\n<p> De acordo com a Prefeitura, at\u00e9 o dia 2 de junho, a cidade registrou 1.821 casos de dengue, quatro casos de chikungunya e nenhum de zika. <\/p>\n<p> O agentes far\u00e3o visitas domiciliares, vistoria em terrenos baldios, al\u00e9m de recolhimento de materiais inserv\u00edveis e aplica\u00e7\u00e3o de larvicida nos im\u00f3veis, se necess\u00e1rio. <\/p>\n<p> &quot;Os mutir\u00f5es de sexta-feira voltaram a ser realizados ap\u00f3s o resultado do 2\u00b0 Levantamento de \u00cdndice R\u00e1pido para Aedes aegypti (LIRAa), feito em maio deste ano, que apontou \u00cdndice de Infesta\u00e7\u00e3o Predial (IIP) de 4,5%. No anterior, ocorrido em janeiro, o \u00edndice era de 5,2%&quot;, explicou o munic\u00edpio. <\/p>\n<p> J\u00e1 houve visita nos bairros Turf Club e o Caju, onde foram eliminados 91 focos do mosquito em 2.505 im\u00f3veis visitados. 561 im\u00f3veis precisam ser tratados com larvicida. Tamb\u00e9m houve o recolhimento de 61 pneus e 48 sacos de lixo. <\/p>\n<p> <strong>Pr\u00f3ximas datas e regi\u00f5es a receberem o mutir\u00e3o do CCZ:<\/strong> <\/p>\n<ul>\n<li>No dia 23 de junho &#8211; Flamboyant I e II;<\/li>\n<li>No dia 30 de junho: Parque Leopoldina;<\/li>\n<li>Em julho: os agentes percorrer\u00e3o as ruas do Tamandar\u00e9, Jo\u00e3o Seixas, Santo Ant\u00f4nio, Residencial da Lapa, S\u00e3o Salvador e Esplanada.<\/li>\n<\/ul>\n<p><h2>Armadilhas contra o Mosquito<\/h2>\n<\/p>\n<p>         2 de 2&#013;Crian\u00e7as de escola p\u00fablica de Campos aprendem a fazer armadilhas contra o mosquito da dengue \u2014 Foto: Secretaria de Educa\u00e7\u00e3o de Campos\/Prefeitura    <\/p>\n<p> Crian\u00e7as de escola p\u00fablica de Campos aprendem a fazer armadilhas contra o mosquito da dengue \u2014 Foto: Secretaria de Educa\u00e7\u00e3o de Campos\/Prefeitura <\/p>\n<p> O combate ao mosquito tamb\u00e9m ocorre nas escolas da rede municipal. Na Escola Lucia Caldas, em Campo Limpo, os alunos puderam trabalhar com a tem\u00e1tica e criaram uma armadilha com garrafas pets recicladas para pegar o vetor e evitar a propaga\u00e7\u00e3o do v\u00edrus. <\/p>\n<p> As crian\u00e7as ainda receberam palestras das equipes do Centro de Controle de Zoonoses (CCZ) e do Programa Sa\u00fade na Escola (PSE). <\/p>\n<p> \u201cA dengue \u00e9, sem sombras de d\u00favidas, um dos problemas que mais aflige os \u00f3rg\u00e3os respons\u00e1veis pela Sa\u00fade P\u00fablica. Ter a parceria dos alunos como multiplicadores de informa\u00e7\u00f5es \u00e9, de fato, apostar em resultados positivos. Aos nossos alunos da E.M. L\u00facia Caldas foi proporcionado o Projeto Mutir\u00e3o Contra a Dengue, que envolveu ainda as Secretarias de Sa\u00fade e Limpeza P\u00fablica, al\u00e9m da Secretaria de Educa\u00e7\u00e3o. Em momentos de descontra\u00e7\u00e3o, eles aprenderam, atrav\u00e9s de oficinas, palestras, material educativo impresso de forma l\u00fadica e de f\u00e1cil compreens\u00e3o, como prevenir a doen\u00e7a, os sintomas e as formas de tratamento\u201d, afirmou Eliane Pessanha, diretora da unidade. <\/p>\n<ul>\n<li> <a href=\"https:\/\/g1.globo.com\/rj\/norte-fluminense\/cidade\/campos-dos-goytacazes\/\" class=\"entities__list-itemLink\" data-track-click=\"Campos dos Goytacazes\"> Campos dos Goytacazes <\/a> <\/li>\n<\/ul>\n","protected":false},"excerpt":{"rendered":"<p>1 de 2&#013;CCZ de Campos visita casas em mutir\u00e3o de combate ao mosquito Aedes Aegypti \u2014 Foto: C\u00e9sar Ferreira\/Prefeitura de Campos CCZ de Campos visita casas em mutir\u00e3o de combate ao mosquito Aedes Aegypti \u2014 Foto: C\u00e9sar Ferreira\/Prefeitura de Campos O Centro de Controle de Zoonoses (CCZ) vai fazer um mutir\u00e3o contra o mosquito Aedes [&hellip;]<\/p>\n","protected":false},"author":1,"featured_media":0,"comment_status":"closed","ping_status":"closed","sticky":false,"template":"","format":"standard","meta":{"footnotes":""},"categories":[],"tags":[],"class_list":["post-49331","post","type-post","status-publish","format-standard","hentry"],"_links":{"self":[{"href":"https:\/\/blog.corretoraideal.com.br\/index.php\/wp-json\/wp\/v2\/posts\/49331","targetHints":{"allow":["GET"]}}],"collection":[{"href":"https:\/\/blog.corretoraideal.com.br\/index.php\/wp-json\/wp\/v2\/posts"}],"about":[{"href":"https:\/\/blog.corretoraideal.com.br\/index.php\/wp-json\/wp\/v2\/types\/post"}],"author":[{"embeddable":true,"href":"https:\/\/blog.corretoraideal.com.br\/index.php\/wp-json\/wp\/v2\/users\/1"}],"replies":[{"embeddable":true,"href":"https:\/\/blog.corretoraideal.com.br\/index.php\/wp-json\/wp\/v2\/comments?post=49331"}],"version-history":[{"count":1,"href":"https:\/\/blog.corretoraideal.com.br\/index.php\/wp-json\/wp\/v2\/posts\/49331\/revisions"}],"predecessor-version":[{"id":49333,"href":"https:\/\/blog.corretoraideal.com.br\/index.php\/wp-json\/wp\/v2\/posts\/49331\/revisions\/49333"}],"wp:attachment":[{"href":"https:\/\/blog.corretoraideal.com.br\/index.php\/wp-json\/wp\/v2\/media?parent=49331"}],"wp:term":[{"taxonomy":"category","embeddable":true,"href":"https:\/\/blog.corretoraideal.com.br\/index.php\/wp-json\/wp\/v2\/categories?post=49331"},{"taxonomy":"post_tag","embeddable":true,"href":"https:\/\/blog.corretoraideal.com.br\/index.php\/wp-json\/wp\/v2\/tags?post=49331"}],"curies":[{"name":"wp","href":"https:\/\/api.w.org\/{rel}","templated":true}]}}