{"id":49334,"date":"2023-06-15T12:29:33","date_gmt":"2023-06-15T12:29:33","guid":{"rendered":"https:\/\/blog.corretoraideal.com.br\/?p=49334"},"modified":"2023-06-15T12:29:33","modified_gmt":"2023-06-15T12:29:33","slug":"dolar-abre-em-alta-com-mercado-repercutindo-sinalizacao-do-fed-de-novas-altas-nos-juros-nos-proximos-meses-economia-g1","status":"publish","type":"post","link":"https:\/\/blog.corretoraideal.com.br\/index.php\/2023\/06\/15\/dolar-abre-em-alta-com-mercado-repercutindo-sinalizacao-do-fed-de-novas-altas-nos-juros-nos-proximos-meses-economia-g1\/","title":{"rendered":"D\u00f3lar abre em alta, com mercado repercutindo sinaliza\u00e7\u00e3o do Fed de novas altas nos juros nos pr\u00f3ximos meses | Economia | G1"},"content":{"rendered":"<p>      1 de 1&#013;C\u00e9dulas de d\u00f3lar \u2014 Foto: John Guccione\/Pexels    <\/p>\n<p> C\u00e9dulas de d\u00f3lar \u2014 Foto: John Guccione\/Pexels <\/p>\n<p> O d\u00f3lar abriu em alta nesta quinta-feira (15), em um movimento de corre\u00e7\u00e3o dos mercados ap\u00f3s um movimento de queda expressiva observado nas \u00faltimas semanas. <\/p>\n<p> Investidores repercutem, principalmente, <a class href=\"https:\/\/g1.globo.com\/economia\/noticia\/2023\/06\/14\/banco-central-dos-estados-unidos-interrompe-ciclo-de-alta-de-juros.ghtml\">a decis\u00e3o do Federal Reserve (Fed, o banco central americano) de manter as taxas de juros entre 5,00% e 5,25% ao ano<\/a>, mas sinalizando que novas altas devem ocorrer nos pr\u00f3ximos meses. <\/p>\n<p> \u00c0s 09h05, a moeda norte-americana subia 0,54%, cotada a R$ 4,8321. <a class href=\"https:\/\/valor.globo.com\/valor-data\/\">Veja mais cota\u00e7\u00f5es.<\/a> <\/p>\n<p> No dia anterior, o d\u00f3lar teve queda de 1,15% e fechou cotado a R$ 4,8063, no menor patamar desde 6 de junho de 2022. Com o resultado, a moeda passou a acumular quedas de: <\/p>\n<ul>\n<li><strong>1,43% na semana;<\/strong><\/li>\n<li><strong>5,26% no m\u00eas;<\/strong><\/li>\n<li><strong>8,94% no ano.<\/strong><\/li>\n<\/ul>\n<ul>\n<li><strong>ENTENDA: <\/strong><a class href=\"https:\/\/g1.globo.com\/economia\/noticia\/2022\/04\/25\/o-que-faz-o-dolar-subir-ou-cair-em-relacao-ao-real.ghtml\">O que faz o d\u00f3lar subir ou cair em rela\u00e7\u00e3o ao real <\/a><\/li>\n<li><strong>COMERCIAL X TURISMO: <\/strong><a class href=\"https:\/\/g1.globo.com\/economia\/noticia\/2022\/04\/25\/dolar-comercial-x-turismo-qual-a-diferenca-e-por-que-o-turismo-e-mais-caro.ghtml\">qual a diferen\u00e7a entre a cota\u00e7\u00e3o de moedas estrangeiras e por que o turismo \u00e9 mais caro?<\/a><\/li>\n<li><strong>DINHEIRO OU CART\u00c3O? <\/strong><a class href=\"https:\/\/g1.globo.com\/economia\/noticia\/2022\/03\/26\/dinheiro-ou-cartao-qual-a-melhor-forma-de-levar-dolares-em-viagens.ghtml\">Qual a melhor forma de levar d\u00f3lares em viagens?<\/a><\/li>\n<li><strong>D\u00d3LAR: <\/strong><a class href=\"https:\/\/g1.globo.com\/economia\/noticia\/2022\/04\/05\/dolar-qual-o-melhor-momento-para-comprar.ghtml\">Qual o melhor momento para comprar a moeda? <\/a><\/li>\n<\/ul>\n<p><h2>O que est\u00e1 mexendo com os mercados?<\/h2>\n<\/p>\n<p> Os mercados globais seguem repercutindo a decis\u00e3o de pol\u00edtica monet\u00e1ria anunciada pelo <a class href=\"https:\/\/g1.globo.com\/tudo-sobre\/fed\/\">Fed<\/a> nesta quarta-feira (14). A institui\u00e7\u00e3o manteve as taxas de juros inalteradas em um patamar entre 5,00% e 5,25% ao ano, que \u00e9 o maior desde 2007. A decis\u00e3o ajudou a impulsionar o real frente ao d\u00f3lar no \u00faltimo preg\u00e3o. <\/p>\n<p> Se os juros sobem nos <a class href=\"https:\/\/g1.globo.com\/tudo-sobre\/estados-unidos\/\">Estados Unidos<\/a>, ocorre uma migra\u00e7\u00e3o dos investidores, que retiram seus recursos de ativos considerados de risco para alocar nos t\u00edtulos p\u00fablicos americanos, que s\u00e3o considerados os mais seguros do mundo e, com juros maiores, entregam uma rentabilidade mais atrativa. <\/p>\n<p> Dessa forma, com uma pausa na subida das taxas da maior economia do mundo, outros ativos, como a moeda brasileira ganham f\u00f4lego contra o d\u00f3lar. <\/p>\n<p> <strong>No entanto, Jerome Powell, presidente do <\/strong><a class href=\"https:\/\/g1.globo.com\/tudo-sobre\/fed\/\"><strong>Fed<\/strong><\/a><strong>, j\u00e1 sinalizou que, nos pr\u00f3ximos meses, novas altas podem acontecer &#8211; o que pode voltar a impulsionar a moeda americana e impacta negativamente o real neste preg\u00e3o.<\/strong> <\/p>\n<p> Ainda no exterior, novos dados da <a class href=\"https:\/\/g1.globo.com\/tudo-sobre\/china\/\">China<\/a> refor\u00e7am que a economia do pa\u00eds est\u00e1 passando por um processo de desacelera\u00e7\u00e3o. Analistas do BTG Pactual destacam que as vendas no varejo subiram 12,7% em maio, contra uma expans\u00e3o de 18,4% observada em abril, enquanto a produ\u00e7\u00e3o industrial cresceu 3,5%, abaixo da alta de 5,6% do m\u00eas anterior. <\/p>\n<p> Por conta da perspectiva de desacelera\u00e7\u00e3o, o governo chin\u00eas est\u00e1 estudando novas medidas de apoio financeiro para setores privados e de consumo no pa\u00eds. Essa not\u00edcia animou os mercados de commodities, porque a <a class href=\"https:\/\/g1.globo.com\/tudo-sobre\/china\/\">China<\/a> \u00e9 um dos principais demandantes desses produtos. <\/p>\n<p> No cen\u00e1rio dom\u00e9stico, tamb\u00e9m \u00e9 uma not\u00edcia de ontem que segue repercutindo. <a class href=\"https:\/\/g1.globo.com\/economia\/noticia\/2023\/06\/14\/sandp-eleva-perspectiva-do-brasil-de-estavel-para-positiva-entenda.ghtml\">A ag\u00eancia de classifica\u00e7\u00e3o de risco S&amp;P Global Ratings alterou a perspectiva de rating (nota de cr\u00e9dito) do Brasil de est\u00e1vel para positiva<\/a>, o que n\u00e3o acontecia desde 2019. <\/p>\n<p> A empresa tamb\u00e9m reafirmou o rating de cr\u00e9dito soberano, que reflete a capacidade do pa\u00eds de honrar seus compromissos financeiros, em &quot;BB-&quot; \u2014 nota que o pa\u00eds tem desde 2020. <\/p>\n<p> Essa classifica\u00e7\u00e3o ainda indica um &quot;grau especulativo&quot; \u2014 o que, segundo a ag\u00eancia, aponta que o Brasil est\u00e1 menos vulner\u00e1vel ao risco no curto prazo, mas segue enfrentando incertezas em rela\u00e7\u00e3o a condi\u00e7\u00f5es financeiras e econ\u00f4micas adversas. <\/p>\n<p> Al\u00e9m disso, &quot;arcabou\u00e7o fiscal, contas p\u00fablicas, infla\u00e7\u00e3o, PIB, reforma tribut\u00e1ria e reforma ministerial continuam a ser foco das aten\u00e7\u00f5es do mercado&quot;, pontua a equipe de an\u00e1lise do BTG. <\/p>\n<ul>\n<li> <a href=\"https:\/\/g1.globo.com\/tudo-sobre\/bmf-bovespa\/\" class=\"entities__list-itemLink\" data-track-click=\"B3\"> B3 <\/a> <\/li>\n<li> <a href=\"https:\/\/g1.globo.com\/tudo-sobre\/china\/\" class=\"entities__list-itemLink\" data-track-click=\"China\"> China <\/a> <\/li>\n<li> <a href=\"https:\/\/g1.globo.com\/tudo-sobre\/estados-unidos\/\" class=\"entities__list-itemLink\" data-track-click=\"Estados Unidos\"> Estados Unidos <\/a> <\/li>\n<li> <a href=\"https:\/\/g1.globo.com\/tudo-sobre\/fed\/\" class=\"entities__list-itemLink\" data-track-click=\"FED\"> FED <\/a> <\/li>\n<\/ul>\n","protected":false},"excerpt":{"rendered":"<p>1 de 1&#013;C\u00e9dulas de d\u00f3lar \u2014 Foto: John Guccione\/Pexels C\u00e9dulas de d\u00f3lar \u2014 Foto: John Guccione\/Pexels O d\u00f3lar abriu em alta nesta quinta-feira (15), em um movimento de corre\u00e7\u00e3o dos mercados ap\u00f3s um movimento de queda expressiva observado nas \u00faltimas semanas. Investidores repercutem, principalmente, a decis\u00e3o do Federal Reserve (Fed, o banco central americano) de [&hellip;]<\/p>\n","protected":false},"author":1,"featured_media":0,"comment_status":"closed","ping_status":"closed","sticky":false,"template":"","format":"standard","meta":{"footnotes":""},"categories":[],"tags":[],"class_list":["post-49334","post","type-post","status-publish","format-standard","hentry"],"_links":{"self":[{"href":"https:\/\/blog.corretoraideal.com.br\/index.php\/wp-json\/wp\/v2\/posts\/49334","targetHints":{"allow":["GET"]}}],"collection":[{"href":"https:\/\/blog.corretoraideal.com.br\/index.php\/wp-json\/wp\/v2\/posts"}],"about":[{"href":"https:\/\/blog.corretoraideal.com.br\/index.php\/wp-json\/wp\/v2\/types\/post"}],"author":[{"embeddable":true,"href":"https:\/\/blog.corretoraideal.com.br\/index.php\/wp-json\/wp\/v2\/users\/1"}],"replies":[{"embeddable":true,"href":"https:\/\/blog.corretoraideal.com.br\/index.php\/wp-json\/wp\/v2\/comments?post=49334"}],"version-history":[{"count":1,"href":"https:\/\/blog.corretoraideal.com.br\/index.php\/wp-json\/wp\/v2\/posts\/49334\/revisions"}],"predecessor-version":[{"id":49336,"href":"https:\/\/blog.corretoraideal.com.br\/index.php\/wp-json\/wp\/v2\/posts\/49334\/revisions\/49336"}],"wp:attachment":[{"href":"https:\/\/blog.corretoraideal.com.br\/index.php\/wp-json\/wp\/v2\/media?parent=49334"}],"wp:term":[{"taxonomy":"category","embeddable":true,"href":"https:\/\/blog.corretoraideal.com.br\/index.php\/wp-json\/wp\/v2\/categories?post=49334"},{"taxonomy":"post_tag","embeddable":true,"href":"https:\/\/blog.corretoraideal.com.br\/index.php\/wp-json\/wp\/v2\/tags?post=49334"}],"curies":[{"name":"wp","href":"https:\/\/api.w.org\/{rel}","templated":true}]}}