{"id":49349,"date":"2023-06-15T20:30:22","date_gmt":"2023-06-15T20:30:22","guid":{"rendered":"https:\/\/blog.corretoraideal.com.br\/?p=49349"},"modified":"2023-06-15T20:30:22","modified_gmt":"2023-06-15T20:30:22","slug":"firjan-senai-macae-oferece-120-vagas-gratuitas-em-cursos-de-tecnologia-da-informacao-regiao-dos-lagos-g1","status":"publish","type":"post","link":"https:\/\/blog.corretoraideal.com.br\/index.php\/2023\/06\/15\/firjan-senai-macae-oferece-120-vagas-gratuitas-em-cursos-de-tecnologia-da-informacao-regiao-dos-lagos-g1\/","title":{"rendered":"Firjan SENAI Maca\u00e9 oferece 120 vagas gratuitas em cursos de Tecnologia da Informa\u00e7\u00e3o | Regi\u00e3o dos Lagos | G1"},"content":{"rendered":"<p>      1 de 1&#013;Firjan SENAI Maca\u00e9 oferece 120 vagas gratuitas em cursos de Tecnologia da Informa\u00e7\u00e3o \u2014 Foto: Divulga\u00e7\u00e3o    <\/p>\n<p> Firjan SENAI Maca\u00e9 oferece 120 vagas gratuitas em cursos de Tecnologia da Informa\u00e7\u00e3o \u2014 Foto: Divulga\u00e7\u00e3o <\/p>\n<p> O Firjan SENAI <a class href=\"https:\/\/g1.globo.com\/rj\/regiao-dos-lagos\/cidade\/macae\/\">Maca\u00e9<\/a> est\u00e1 com inscri\u00e7\u00f5es abertas at\u00e9 segunda-feira, dia 19 de junho, para preencher 120 vagas gratuitas em cursos de Tecnologia da Informa\u00e7\u00e3o. As oportunidades s\u00e3o destinadas a pessoas de baixa renda e os cursos oferecidos s\u00e3o de Administrador de Banco de Dados e Programador Front-End. <\/p>\n<p> Os interessados devem ter no m\u00ednimo 16 anos e ter conclu\u00eddo o ensino fundamental. As inscri\u00e7\u00f5es podem ser feitas <a class href=\"https:\/\/www.firjansenaisesi.com.br\/web\/app\/Edu\/PortalProcessoSeletivo\/?c=3&amp;f=262&amp;ct=121&amp;ps=285#\/es\/inscricoeswizard\/dados-basicos\" target=\"_blank\" rel=\"noopener noreferrer\">por meio do link disponibilizado no edital<\/a>. Os cursos de qualifica\u00e7\u00e3o profissional t\u00eam carga hor\u00e1ria de 180 horas e ser\u00e3o ministrados presencialmente. Ap\u00f3s a divulga\u00e7\u00e3o da lista de candidatos classificados, as matr\u00edculas ser\u00e3o realizadas nas escolas e as aulas ter\u00e3o in\u00edcio no dia 26 de junho. <\/p>\n<p> O programa conta com a parceria do Sinditec (Sindicato da Ind\u00fastria Eletr\u00f4nica, de Inform\u00e1tica, de Telecomunica\u00e7\u00f5es de Produ\u00e7\u00e3o de Software, de Produ\u00e7\u00e3o de Hardware, de Produ\u00e7\u00e3o de Produtos Eletroeletr\u00f4nicos e Componentes no Estado do Rio de Janeiro) e tem como objetivo incentivar as empresas do setor a disponibilizar vagas de est\u00e1gio para os alunos dos cursos. <\/p>\n<p> Esta \u00e9 uma \u00f3tima oportunidade para aqueles que desejam se qualificar e ingressar no mercado de trabalho na \u00e1rea de Tecnologia da Informa\u00e7\u00e3o. As vagas s\u00e3o limitadas, portanto, os interessados devem se inscrever o quanto antes para garantir sua participa\u00e7\u00e3o. <\/p>\n<ul>\n<li> <a href=\"https:\/\/g1.globo.com\/rj\/regiao-dos-lagos\/cidade\/macae\/\" class=\"entities__list-itemLink\" data-track-click=\"Maca\u00e9\"> Maca\u00e9 <\/a> <\/li>\n<\/ul>\n","protected":false},"excerpt":{"rendered":"<p>1 de 1&#013;Firjan SENAI Maca\u00e9 oferece 120 vagas gratuitas em cursos de Tecnologia da Informa\u00e7\u00e3o \u2014 Foto: Divulga\u00e7\u00e3o Firjan SENAI Maca\u00e9 oferece 120 vagas gratuitas em cursos de Tecnologia da Informa\u00e7\u00e3o \u2014 Foto: Divulga\u00e7\u00e3o O Firjan SENAI Maca\u00e9 est\u00e1 com inscri\u00e7\u00f5es abertas at\u00e9 segunda-feira, dia 19 de junho, para preencher 120 vagas gratuitas em cursos [&hellip;]<\/p>\n","protected":false},"author":1,"featured_media":0,"comment_status":"closed","ping_status":"closed","sticky":false,"template":"","format":"standard","meta":{"footnotes":""},"categories":[],"tags":[],"class_list":["post-49349","post","type-post","status-publish","format-standard","hentry"],"_links":{"self":[{"href":"https:\/\/blog.corretoraideal.com.br\/index.php\/wp-json\/wp\/v2\/posts\/49349","targetHints":{"allow":["GET"]}}],"collection":[{"href":"https:\/\/blog.corretoraideal.com.br\/index.php\/wp-json\/wp\/v2\/posts"}],"about":[{"href":"https:\/\/blog.corretoraideal.com.br\/index.php\/wp-json\/wp\/v2\/types\/post"}],"author":[{"embeddable":true,"href":"https:\/\/blog.corretoraideal.com.br\/index.php\/wp-json\/wp\/v2\/users\/1"}],"replies":[{"embeddable":true,"href":"https:\/\/blog.corretoraideal.com.br\/index.php\/wp-json\/wp\/v2\/comments?post=49349"}],"version-history":[{"count":1,"href":"https:\/\/blog.corretoraideal.com.br\/index.php\/wp-json\/wp\/v2\/posts\/49349\/revisions"}],"predecessor-version":[{"id":49351,"href":"https:\/\/blog.corretoraideal.com.br\/index.php\/wp-json\/wp\/v2\/posts\/49349\/revisions\/49351"}],"wp:attachment":[{"href":"https:\/\/blog.corretoraideal.com.br\/index.php\/wp-json\/wp\/v2\/media?parent=49349"}],"wp:term":[{"taxonomy":"category","embeddable":true,"href":"https:\/\/blog.corretoraideal.com.br\/index.php\/wp-json\/wp\/v2\/categories?post=49349"},{"taxonomy":"post_tag","embeddable":true,"href":"https:\/\/blog.corretoraideal.com.br\/index.php\/wp-json\/wp\/v2\/tags?post=49349"}],"curies":[{"name":"wp","href":"https:\/\/api.w.org\/{rel}","templated":true}]}}