{"id":49352,"date":"2023-06-15T22:30:39","date_gmt":"2023-06-15T22:30:39","guid":{"rendered":"https:\/\/blog.corretoraideal.com.br\/?p=49352"},"modified":"2023-06-15T22:30:39","modified_gmt":"2023-06-15T22:30:39","slug":"embraer-inaugura-simulador-de-voo-para-aviao-cargueiro-c-390-veja-foto-vale-do-paraiba-e-regiao-g1","status":"publish","type":"post","link":"https:\/\/blog.corretoraideal.com.br\/index.php\/2023\/06\/15\/embraer-inaugura-simulador-de-voo-para-aviao-cargueiro-c-390-veja-foto-vale-do-paraiba-e-regiao-g1\/","title":{"rendered":"Embraer inaugura simulador de voo para avi\u00e3o cargueiro C-390; veja foto | Vale do Para\u00edba e Regi\u00e3o | G1"},"content":{"rendered":"<p>      1 de 5&#013;Embraer inaugura simulador de voo para avi\u00e3o cargueiro C-390. \u2014 Foto: Divulga\u00e7\u00e3o\/Embraer    <\/p>\n<p> Embraer inaugura simulador de voo para avi\u00e3o cargueiro C-390. \u2014 Foto: Divulga\u00e7\u00e3o\/Embraer <\/p>\n<p> A <a class href=\"https:\/\/g1.globo.com\/tudo-sobre\/embraer\/\">Embraer<\/a> inaugurou, nesta quinta-feira (15), o primeiro simulador de voo para o avi\u00e3o cargueiro C-390 Millennium, em S\u00e3o Jos\u00e9 dos Campos, no interior de S\u00e3o Paulo. <\/p>\n<p> A cerim\u00f4nia de inaugura\u00e7\u00e3o contou com a presen\u00e7a de representantes da For\u00e7a A\u00e9rea Brasileira (FAB), da For\u00e7a A\u00e9rea Portuguesa, assim como representantes da Rheinmetall, fabricante do simulador com sede na Alemanha. <\/p>\n<p> O cargueiro \u00e9 a maior aeronave j\u00e1 produzida no Brasil e principal produto da divis\u00e3o de Defesa da fabricante brasileira. Al\u00e9m da For\u00e7a A\u00e9rea Brasileira, a Embraer tem como clientes do cargueiro pa\u00edses como Portugal, Hungria e Holanda. <\/p>\n<p> Segundo a empresa, o simulador atender\u00e1 a demanda de clientes atuais e futuros por treinamento b\u00e1sico e avan\u00e7ado de pilotos. O equipamento permite a pr\u00e1tica segura de manobras e procedimentos de emerg\u00eancia, al\u00e9m de simular condi\u00e7\u00f5es adversas de voo. <\/p>\n<p> De acordo com a Embraer, o simulador de voo do C-390, com qualifica\u00e7\u00e3o de n\u00edvel D, inclui a opera\u00e7\u00e3o em condi\u00e7\u00f5es normais e emergenciais, pacote para suporte em opera\u00e7\u00f5es militares e conta com mais de 350 simula\u00e7\u00f5es de falhas. Brasil, Portugal e Hungria ser\u00e3o os primeiros pa\u00edses a utilizar o equipamento. <\/p>\n<p>         2 de 5&#013;Cargueiro C-390, da Embraer \u2014 Foto: Embraer\/Divulga\u00e7\u00e3o    <\/p>\n<p> Cargueiro C-390, da Embraer \u2014 Foto: Embraer\/Divulga\u00e7\u00e3o <\/p>\n<p><h2>Como \u00e9 o cargueiro? <\/h2>\n<\/p>\n<p> A aeronave C-390 \u00e9 um projeto da FAB com a Embraer para produ\u00e7\u00e3o de um avi\u00e3o de transporte militar t\u00e1tico que representa um avan\u00e7o significativo em termos de tecnologia e inova\u00e7\u00e3o para a ind\u00fastria aeron\u00e1utica brasileira. <\/p>\n<p> A Embraer oferece tamb\u00e9m a vers\u00e3o do cargueiro com reabastecimento em voo, como \u00e9 o caso dos modelos entregues \u00e0 For\u00e7a A\u00e9rea Brasileira. Nestes casos, as aeronaves s\u00e3o batizadas como KC-390. <\/p>\n<p> A aeronave foi usada, por exemplo, no <a class href=\"https:\/\/g1.globo.com\/mundo\/ucrania-russia\/noticia\/2022\/03\/07\/como-e-o-aviao-da-fab-que-decola-nesta-segunda-para-resgatar-brasileiros-que-estavam-na-ucrania.ghtml\">resgate de brasileiros que deixaram Ucr\u00e2nia<\/a> ap\u00f3s o in\u00edcio da guerra com a R\u00fassia em 2022. <\/p>\n<p>         3 de 5&#013;C-390 da Embraer \u2014 Foto: Embraer\/Divulga\u00e7\u00e3o    <\/p>\n<p> C-390 da Embraer \u2014 Foto: Embraer\/Divulga\u00e7\u00e3o <\/p>\n<p> O cargueiro come\u00e7ou a ser desenvolvido em 2009, na unidade da Embraer em Gavi\u00e3o Peixoto (SP). Ele foi projetado para estabelecer novos padr\u00f5es em sua categoria, com menor custo operacional e flexibilidade para executar uma ampla gama de miss\u00f5es: transporte e lan\u00e7amento de cargas e tropas, reabastecimento a\u00e9reo, busca e resgate e combate a inc\u00eandios florestais, entre outras. <\/p>\n<p> Com turbinas a jato, o C-390 pode alcan\u00e7ar a velocidade de 850 km\/h. Uma aeronave poder\u00e1 decolar de Bras\u00edlia e chegar sem escalas a qualquer capital brasileira com 23 toneladas de carga, sua capacidade m\u00e1xima. <\/p>\n<p>         4 de 5&#013;C-390 da Embraer \u2014 Foto: Embraer\/Divulga\u00e7\u00e3o    <\/p>\n<p> C-390 da Embraer \u2014 Foto: Embraer\/Divulga\u00e7\u00e3o <\/p>\n<p> O compartimento de carga tem 18,54 metros de comprimento, um pouco maior que uma quadra de v\u00f4lei. A largura \u00e9 de 3,45 metros e a altura \u00e9 de 2,95 metros. O espa\u00e7o \u00e9 suficiente para acomodar equipamentos de grandes dimens\u00f5es, al\u00e9m de blindados, pe\u00e7as de artilharia, armamentos e at\u00e9 aeronaves semi-desmontadas. <\/p>\n<p> Tamb\u00e9m poder\u00e3o ser levados 80 soldados em uma configura\u00e7\u00e3o de transporte de tropa, 64 paraquedistas, 74 macas mais uma equipe m\u00e9dica ou ainda cont\u00eaineres, carros blindados e outros equipamentos. <\/p>\n<p>         5 de 5&#013;C-390 da Embraer \u2014 Foto: Embraer\/Divulga\u00e7\u00e3o    <\/p>\n<p> C-390 da Embraer \u2014 Foto: Embraer\/Divulga\u00e7\u00e3o <\/p>\n<p><h2>Veja mais not\u00edcias do Vale do Para\u00edba e regi\u00e3o<\/h2>\n<\/p>\n<p>   <a href=\"https:\/\/g1.globo.com\/sp\/vale-do-paraiba-regiao\/playlist\/videos-tudo-sobre-o-vale-do-paraiba-e-regiao-bragantina.ghtml\">    50 v\u00eddeos      <\/a>   <\/p>\n<ul>\n<li> <a href=\"https:\/\/g1.globo.com\/tudo-sobre\/embraer\/\" class=\"entities__list-itemLink\" data-track-click=\"Embraer\"> Embraer <\/a> <\/li>\n<\/ul>\n","protected":false},"excerpt":{"rendered":"<p>1 de 5&#013;Embraer inaugura simulador de voo para avi\u00e3o cargueiro C-390. \u2014 Foto: Divulga\u00e7\u00e3o\/Embraer Embraer inaugura simulador de voo para avi\u00e3o cargueiro C-390. \u2014 Foto: Divulga\u00e7\u00e3o\/Embraer A Embraer inaugurou, nesta quinta-feira (15), o primeiro simulador de voo para o avi\u00e3o cargueiro C-390 Millennium, em S\u00e3o Jos\u00e9 dos Campos, no interior de S\u00e3o Paulo. A cerim\u00f4nia [&hellip;]<\/p>\n","protected":false},"author":1,"featured_media":0,"comment_status":"closed","ping_status":"closed","sticky":false,"template":"","format":"standard","meta":{"footnotes":""},"categories":[],"tags":[],"class_list":["post-49352","post","type-post","status-publish","format-standard","hentry"],"_links":{"self":[{"href":"https:\/\/blog.corretoraideal.com.br\/index.php\/wp-json\/wp\/v2\/posts\/49352","targetHints":{"allow":["GET"]}}],"collection":[{"href":"https:\/\/blog.corretoraideal.com.br\/index.php\/wp-json\/wp\/v2\/posts"}],"about":[{"href":"https:\/\/blog.corretoraideal.com.br\/index.php\/wp-json\/wp\/v2\/types\/post"}],"author":[{"embeddable":true,"href":"https:\/\/blog.corretoraideal.com.br\/index.php\/wp-json\/wp\/v2\/users\/1"}],"replies":[{"embeddable":true,"href":"https:\/\/blog.corretoraideal.com.br\/index.php\/wp-json\/wp\/v2\/comments?post=49352"}],"version-history":[{"count":1,"href":"https:\/\/blog.corretoraideal.com.br\/index.php\/wp-json\/wp\/v2\/posts\/49352\/revisions"}],"predecessor-version":[{"id":49354,"href":"https:\/\/blog.corretoraideal.com.br\/index.php\/wp-json\/wp\/v2\/posts\/49352\/revisions\/49354"}],"wp:attachment":[{"href":"https:\/\/blog.corretoraideal.com.br\/index.php\/wp-json\/wp\/v2\/media?parent=49352"}],"wp:term":[{"taxonomy":"category","embeddable":true,"href":"https:\/\/blog.corretoraideal.com.br\/index.php\/wp-json\/wp\/v2\/categories?post=49352"},{"taxonomy":"post_tag","embeddable":true,"href":"https:\/\/blog.corretoraideal.com.br\/index.php\/wp-json\/wp\/v2\/tags?post=49352"}],"curies":[{"name":"wp","href":"https:\/\/api.w.org\/{rel}","templated":true}]}}