{"id":49359,"date":"2023-06-16T01:29:35","date_gmt":"2023-06-16T01:29:35","guid":{"rendered":"https:\/\/blog.corretoraideal.com.br\/?p=49359"},"modified":"2023-06-16T01:29:35","modified_gmt":"2023-06-16T01:29:35","slug":"sao-joao-da-barra-celebra-173-anos-com-shows-dos-grupos-os-mulekes-e-so-pra-contrariar-norte-fluminense-g1","status":"publish","type":"post","link":"https:\/\/blog.corretoraideal.com.br\/index.php\/2023\/06\/16\/sao-joao-da-barra-celebra-173-anos-com-shows-dos-grupos-os-mulekes-e-so-pra-contrariar-norte-fluminense-g1\/","title":{"rendered":"S\u00e3o Jo\u00e3o da Barra celebra 173 anos com shows dos grupos &#039;Os Mulekes&#039; e &#039;S\u00f3 pra Contrariar&#039; | Norte Fluminense | G1"},"content":{"rendered":"<p>      1 de 1&#013;Alexandre Pires e a banda S\u00f3 Pra Contrariar \u2014 Foto: Divulga\u00e7\u00e3o    <\/p>\n<p> Alexandre Pires e a banda S\u00f3 Pra Contrariar \u2014 Foto: Divulga\u00e7\u00e3o <\/p>\n<p> <a class href=\"https:\/\/g1.globo.com\/rj\/norte-fluminense\/cidade\/sao-joao-da-barra\/\">S\u00e3o Jo\u00e3o da Barra<\/a>, Jo\u00e3o no Norte Fluminense, vai celebrar 173 anos de eleva\u00e7\u00e3o \u00e0 categoria de cidade neste s\u00e1bado (17) com shows dos grupos &#x27;Os Mulekes&#x27; e &#x27;S\u00f3 pra Contrariar&#x27;, programa\u00e7\u00e3o que faz parte do Circuito Junino, que come\u00e7ou no dia 10 de junho e segue at\u00e9 2 de julho. <\/p>\n<p> A programa\u00e7\u00e3o do Circuito Junino continua neste fim de semana em S\u00e3o Jo\u00e3o da Barra e a principal atra\u00e7\u00e3o da noite de s\u00e1bado, 17, no anivers\u00e1rio de 173 anos de eleva\u00e7\u00e3o \u00e0 categoria de cidade, \u00e9 o grupo S\u00f3 pra Contrariar, que se apresenta no palco oficial da Sede a partir das 22h. <\/p>\n<p> No s\u00e1bado, &quot;Os Mulekes&quot; se apresenta no palco oficial da Sede, \u00e0s 19h, e, na sequ\u00eancia, ser\u00e1 a vez do do grupo &quot;S\u00f3 pra Contrariar&quot;. <\/p>\n<p> Domingo (18), a Orquestra Sinf\u00f4nica se apresenta \u00e0s 22h no palco oficial. Nos dois dias haver\u00e1 tamb\u00e9m atra\u00e7\u00f5es nas tendas 1 e 2. <\/p>\n<p> <strong>Confira a programa\u00e7\u00e3o do Circuito Junino no final de semana:<\/strong> <\/p>\n<p> <strong>17\/06 &#8211; s\u00e1bado<\/strong> <\/p>\n<ul>\n<li>13h &#8211; Free Samba (tenda 1)<\/li>\n<li>16h &#8211; Pura Simpatia (tenda 2)<\/li>\n<li>19h &#8211; Os Mulekes<\/li>\n<li>22h &#8211; S\u00f3 pra Contrariar<\/li>\n<\/ul>\n<p> <strong>18\/06 &#8211; domingo<\/strong> <\/p>\n<ul>\n<li>16h &#8211; Forroz\u00e3o Pegada Prime (tenda 1)<\/li>\n<li>21h30 &#8211; Larice Barreto (tenda 2)<\/li>\n<li>20h &#8211; Barca do forr\u00f3<\/li>\n<li>22h &#8211; Orquestra Sanf\u00f4nica (palco oficial)<\/li>\n<\/ul>\n<p> <a class href=\"https:\/\/g1.globo.com\/rj\/norte-fluminense\/noticia\/2023\/06\/08\/circuito-junino-de-sao-joao-da-barra-promete-agitar-o-municipio-com-diversas-atracoes.ghtml\"><strong>Confira a programa\u00e7\u00e3o completa aqui.<\/strong><\/a> <\/p>\n<ul>\n<li> <a href=\"https:\/\/g1.globo.com\/rj\/norte-fluminense\/cidade\/sao-joao-da-barra\/\" class=\"entities__list-itemLink\" data-track-click=\"S\u00e3o Jo\u00e3o da Barra\"> S\u00e3o Jo\u00e3o da Barra <\/a> <\/li>\n<\/ul>\n","protected":false},"excerpt":{"rendered":"<p>1 de 1&#013;Alexandre Pires e a banda S\u00f3 Pra Contrariar \u2014 Foto: Divulga\u00e7\u00e3o Alexandre Pires e a banda S\u00f3 Pra Contrariar \u2014 Foto: Divulga\u00e7\u00e3o S\u00e3o Jo\u00e3o da Barra, Jo\u00e3o no Norte Fluminense, vai celebrar 173 anos de eleva\u00e7\u00e3o \u00e0 categoria de cidade neste s\u00e1bado (17) com shows dos grupos &#x27;Os Mulekes&#x27; e &#x27;S\u00f3 pra Contrariar&#x27;, [&hellip;]<\/p>\n","protected":false},"author":1,"featured_media":0,"comment_status":"closed","ping_status":"closed","sticky":false,"template":"","format":"standard","meta":{"footnotes":""},"categories":[],"tags":[],"class_list":["post-49359","post","type-post","status-publish","format-standard","hentry"],"_links":{"self":[{"href":"https:\/\/blog.corretoraideal.com.br\/index.php\/wp-json\/wp\/v2\/posts\/49359","targetHints":{"allow":["GET"]}}],"collection":[{"href":"https:\/\/blog.corretoraideal.com.br\/index.php\/wp-json\/wp\/v2\/posts"}],"about":[{"href":"https:\/\/blog.corretoraideal.com.br\/index.php\/wp-json\/wp\/v2\/types\/post"}],"author":[{"embeddable":true,"href":"https:\/\/blog.corretoraideal.com.br\/index.php\/wp-json\/wp\/v2\/users\/1"}],"replies":[{"embeddable":true,"href":"https:\/\/blog.corretoraideal.com.br\/index.php\/wp-json\/wp\/v2\/comments?post=49359"}],"version-history":[{"count":1,"href":"https:\/\/blog.corretoraideal.com.br\/index.php\/wp-json\/wp\/v2\/posts\/49359\/revisions"}],"predecessor-version":[{"id":49361,"href":"https:\/\/blog.corretoraideal.com.br\/index.php\/wp-json\/wp\/v2\/posts\/49359\/revisions\/49361"}],"wp:attachment":[{"href":"https:\/\/blog.corretoraideal.com.br\/index.php\/wp-json\/wp\/v2\/media?parent=49359"}],"wp:term":[{"taxonomy":"category","embeddable":true,"href":"https:\/\/blog.corretoraideal.com.br\/index.php\/wp-json\/wp\/v2\/categories?post=49359"},{"taxonomy":"post_tag","embeddable":true,"href":"https:\/\/blog.corretoraideal.com.br\/index.php\/wp-json\/wp\/v2\/tags?post=49359"}],"curies":[{"name":"wp","href":"https:\/\/api.w.org\/{rel}","templated":true}]}}