{"id":49362,"date":"2023-06-16T03:29:35","date_gmt":"2023-06-16T03:29:35","guid":{"rendered":"https:\/\/blog.corretoraideal.com.br\/?p=49362"},"modified":"2023-06-16T03:29:35","modified_gmt":"2023-06-16T03:29:35","slug":"o-que-e-a-economia-azul-e-por-que-ela-e-importante-para-a-america-latina-economia-g1","status":"publish","type":"post","link":"https:\/\/blog.corretoraideal.com.br\/index.php\/2023\/06\/16\/o-que-e-a-economia-azul-e-por-que-ela-e-importante-para-a-america-latina-economia-g1\/","title":{"rendered":"O que \u00e9 a economia azul e por que ela \u00e9 importante para a Am\u00e9rica Latina | Economia | G1"},"content":{"rendered":"<p>      1 de 3&#013;O que \u00e9 a economia azul e por que ela \u00e9 importante para a Am\u00e9rica Latina \u2014 Foto: Getty Images    <\/p>\n<p> O que \u00e9 a economia azul e por que ela \u00e9 importante para a Am\u00e9rica Latina \u2014 Foto: Getty Images <\/p>\n<p> Se a economia azul \u2014 o uso sustent\u00e1vel dos recursos dos oceanos \u2014 fosse contada como um pa\u00eds, ela seria a s\u00e9tima maior economia do mundo. Se formassem uma na\u00e7\u00e3o, os oceanos seriam integrantes do <a class href=\"https:\/\/g1.globo.com\/tudo-sobre\/g7\/\">G7<\/a>. <\/p>\n<p> Trata-se do maior ecossistema do mundo, que cobre 70% da superf\u00edcie terrestre, fornece 50% do oxig\u00eanio que respiramos e \u00e9 o maior dep\u00f3sito natural de carbono. No entanto, por d\u00e9cadas esse ecossistema foi rejeitado. <\/p>\n<p> A sua conserva\u00e7\u00e3o e prote\u00e7\u00e3o ainda tem um longo caminho a percorrer em \u00e1reas como a luta contra a pesca predat\u00f3ria, a destrui\u00e7\u00e3o do habitat e as altera\u00e7\u00f5es clim\u00e1ticas. <\/p>\n<p> Ind\u00fastrias importantes ao redor do mundo dependem da sa\u00fade dos oceanos e t\u00eam impacto sobre ela. A economia oce\u00e2nica movimenta entre US$ 3 e 6 trilh\u00f5es a cada ano, segundo dados das <a class href=\"https:\/\/g1.globo.com\/tudo-sobre\/onu\/\">ONU<\/a>. <\/p>\n<p> Isso inclui empregos e todos os servi\u00e7os relacionados ao oceano e aos mares, incluindo navega\u00e7\u00e3o, pesca, energia renov\u00e1vel, constru\u00e7\u00e3o de portos, turismo costeiro e infraestrutura costeira. <\/p>\n<p>&quot;Se voc\u00ea calcular a economia oce\u00e2nica como uma economia nacional, seria a s\u00e9tima maior economia do mundo&quot;, explica Ole Vestergaard, chefe da Economia Azul Sustent\u00e1vel do Programa de Desenvolvimento das Na\u00e7\u00f5es Unidas (PNUD), \u00e0 BBC News Mundo, servi\u00e7o em espanhol da BBC.<\/p>\n<p>         2 de 3&#013;Estima-se que a pesca e a aquicultura contribuam com US$ 100 bilh\u00f5es por ano e cerca de 260 milh\u00f5es de empregos para a economia mundial. \u2014 Foto: Getty Images    <\/p>\n<p> Estima-se que a pesca e a aquicultura contribuam com US$ 100 bilh\u00f5es por ano e cerca de 260 milh\u00f5es de empregos para a economia mundial. \u2014 Foto: Getty Images <\/p>\n<p> Todos os especialistas consultados pela BBC News Mundo falam sobre a sua import\u00e2ncia e da necessidade do desenvolvimento sustent\u00e1vel. <\/p>\n<p>&quot;Se fosse a s\u00e9tima maior economia do mundo, o oceano seria membro do <a class href=\"https:\/\/g1.globo.com\/tudo-sobre\/g7\/\">G7<\/a> e sentaria \u00e0 mesa [dos pa\u00edses poderosos]&quot;, diz Sonia Ruiz, especialista em sustentabilidade do Instituto Esade de Inova\u00e7\u00e3o Social e fundadora do Noima.<\/p>\n<p><h2>Origens do termo &#x27;economia azul&#x27;<\/h2>\n<\/p>\n<p> O conceito surgiu das m\u00e3os do economista belga Gunter Pauli, que foi o primeiro a escrever sobre esta ideia em 2009, no seu livro intitulado A Economia Azul, que inclui uma reportagem que fez para a organiza\u00e7\u00e3o sem fins lucrativos Clube de Roma. <\/p>\n<p> Na obra, o autor buscou promover um modelo econ\u00f4mico que tivesse como centro o respeito ao meio ambiente e falou sobre 100 inova\u00e7\u00f5es que gerariam mais de 100 milh\u00f5es de empregos de forma sustent\u00e1vel. <\/p>\n<p> O livro surgiu como uma alternativa \u00e0 economia verde que criou, em sua opini\u00e3o, um sistema de produ\u00e7\u00e3o com pre\u00e7os t\u00e3o altos que apenas a elite tem acesso aos produtos org\u00e2nicos. <\/p>\n<p>&quot;Tudo que \u00e9 verde \u00e9 caro, \u00e9 inacess\u00edvel. Como vamos ter uma economia onde s\u00f3 os ricos conseguem pagar para fazer algo bem feito? Para mim isso est\u00e1 descartado&quot;, disse Pauli \u00e0 BBC News Mundo sobre um conceito que posteriormente foi inclu\u00eddo na Confer\u00eancia da <a class href=\"https:\/\/g1.globo.com\/tudo-sobre\/onu\/\">ONU<\/a> sobre Desenvolvimento Sustent\u00e1vel Rio+20 em 2012.<\/p>\n<p> Pauli, que \u00e9 empres\u00e1rio e fundador da Zero Emissions Research Initiative (ZERI), insiste na import\u00e2ncia de trabalhar com o que se tem. <\/p>\n<p> &quot;70% da popula\u00e7\u00e3o vive \u00e0 beira-mar e n\u00e3o est\u00e1 aproveitando isso. Usam o mar como dep\u00f3sito de lixo. Hoje s\u00f3 pensamos em pesca e minera\u00e7\u00e3o em alto mar, sem ir mais al\u00e9m&quot;, afirma. <\/p>\n<p> Considerado &quot;o <a class href=\"https:\/\/g1.globo.com\/tudo-sobre\/steve-jobs\/\">Steve Jobs<\/a> da sustentabilidade&quot; ou &quot;o Che Guevara da sustentabilidade&quot; na Am\u00e9rica Latina, ele diz que n\u00e3o \u00e9 apenas um te\u00f3rico \u2014 e que prop\u00f5e projetos concretos. <\/p>\n<p>&quot;As pessoas n\u00e3o percebem a oportunidade que t\u00eam. Descrevem o problema da polui\u00e7\u00e3o pl\u00e1stica, o problema da sobrepesca, o problema da minera\u00e7\u00e3o em alto mar, mas como eu sempre digo: &#x27;an\u00e1lise \u00e9 par\u00e1lise&#x27;&quot;, diz Pauli.<\/p>\n<p> Seu relat\u00f3rio apresenta &quot;propostas concretas que demonstram que \u00e9 perfeitamente poss\u00edvel regenerar manguezais, regenerar florestas de algas para obter alimentos, obter energia, ter \u00e1gua pot\u00e1vel, etc.&quot; <\/p>\n<p> \u00c9 o caso, por exemplo, de um projeto em Mar del Plata, na Argentina, focado na cria\u00e7\u00e3o de larvas de moscas como alimento para a piscicultura geradas a partir de res\u00edduos de matadouros, conta Pauli. <\/p>\n<p> &quot;Existem outros exemplos muito importantes, como o caso de Rapa Nui, que \u00e9 uma ilha que depende 100% de energia importada do exterior e para eles fizemos um plano de gera\u00e7\u00e3o de energia e\u00f3lica mas com pipas. N\u00e3o com moinhos. Isso permite gerar energia 24 horas por dia e n\u00e3o apenas quando h\u00e1 vento que bate no moinho de vento&quot;, explica. <\/p>\n<p><h2>Por que isso \u00e9 importante para a Am\u00e9rica Latina e o mundo?<\/h2>\n<\/p>\n<p> Assim como uma pessoa n\u00e3o pode viver sem cora\u00e7\u00e3o e pulm\u00f5es saud\u00e1veis, a Terra n\u00e3o pode sobreviver sem oceanos e mares saud\u00e1veis. <\/p>\n<p> Os mares absorvem 30% do CO2 mundial, enquanto o fitopl\u00e2ncton marinho gera 50% do oxig\u00eanio necess\u00e1rio para a sobreviv\u00eancia. Os mares s\u00e3o essenciais para o bem-estar social. <\/p>\n<p> Mais de 40% da popula\u00e7\u00e3o mundial \u2014 ou 3,1 bilh\u00f5es de pessoas \u2014 vivem a menos de 100 km do oceano ou do mar em cerca de 150 pa\u00edses litor\u00e2neos e insulares, segundo a <a class href=\"https:\/\/g1.globo.com\/tudo-sobre\/onu\/\">ONU<\/a>. <\/p>\n<p> No caso da Am\u00e9rica Latina, com aproximadamente 240 mil km de litoral, 27% da popula\u00e7\u00e3o depende direta ou indiretamente do oceano e de suas riquezas. <\/p>\n<p> Por meio de atividades como pesca sustent\u00e1vel, produ\u00e7\u00e3o de energia renov\u00e1vel ou ecoturismo, os pa\u00edses conseguiram aumentar as taxas de emprego e saneamento, reduzindo a pobreza, a desnutri\u00e7\u00e3o e a polui\u00e7\u00e3o. <\/p>\n<p>&quot;Trata-se de melhorar a qualidade de vida de todas as pessoas que vivem de alguma forma relacionadas ou ligadas ao mar, cuja sobreviv\u00eancia depende do oceano e dos seus recursos&quot;, explica Alicia Montalvo, especialista em economia azul do Banco de Desenvolvimento da Am\u00e9rica Latina (CAF).<\/p>\n<p> &quot;Gosto sempre de dizer que o social e o ambiental n\u00e3o podem andar separados.&quot; <\/p>\n<p> &quot;Por exemplo, se facilitarmos o desenvolvimento do turismo sustent\u00e1vel usando bem as praias, os manguezais e todos os recifes de coral, etc., isso melhorar\u00e1 a vida de todas as pessoas que vivem l\u00e1&quot;, diz Montalvo, destacando M\u00e9xico, <a class href=\"https:\/\/g1.globo.com\/tudo-sobre\/chile\/\">Chile<\/a> e <a class href=\"https:\/\/g1.globo.com\/tudo-sobre\/costa-rica\/\">Costa Rica<\/a>. <\/p>\n<p> &quot;Na Am\u00e9rica Latina h\u00e1 um problema s\u00e9rio de \u00e1gua pot\u00e1vel. Com esses projetos de economia azul trata-se de ter \u00e1gua pot\u00e1vel, ter comida em curto-circuito, ter energia renov\u00e1vel, ter g\u00e1s de algas que \u00e9 t\u00e3o f\u00e1cil de produzir. \u00c9 a oportunidade de responder \u00e0s necessidades b\u00e1sicas em curt\u00edssimo prazo. Isso \u00e9 o mais importante&quot;, acrescenta Pauli. <\/p>\n<p><h2>Confus\u00e3o de termos<\/h2>\n<\/p>\n<p> \u00c9 importante diferenciar a economia azul, ou seja, todas as atividades relacionadas com os oceanos e mares, e a economia azul sustent\u00e1vel, que \u00e9 o que se fala atualmente quando se menciona simplesmente o termo economia azul. <\/p>\n<p> A mistura destes dois conceitos pode ser confusa, pois existe uma grande parte das empresas de pesca, turismo ou navega\u00e7\u00e3o que n\u00e3o s\u00e3o sustent\u00e1veis. <\/p>\n<p> &quot;Atualmente n\u00e3o existe uma defini\u00e7\u00e3o universal de &#x27;economia azul&#x27;&quot;, reconhece Ole Vestergaard. <\/p>\n<p>&quot;O PNUD enfatiza o objetivo da sustentabilidade e fala sobre &#x27;economia azul sustent\u00e1vel&#x27;, porque os setores azuis tradicionais e os usu\u00e1rios mar\u00edtimos nem sempre s\u00e3o sustent\u00e1veis \u200b\u200bou ecologicamente corretos.&quot;<\/p>\n<p> &quot;O termo mais curto &#x27;economia azul&#x27; pode ser confuso, pois pode ser aplicado a neg\u00f3cios oce\u00e2nicos que n\u00e3o s\u00e3o realmente sustent\u00e1veis. \u00c9 por isso que o PNUD est\u00e1 trabalhando para tornar essa distin\u00e7\u00e3o clara em todo o nosso trabalho sobre economia azul sustent\u00e1vel&quot;, acrescenta. <\/p>\n<p>         3 de 3&#013;\u00c1reas de interesse s\u00e3o gest\u00e3o de detritos, economia circular, pesca e aquicultura, restaura\u00e7\u00e3o de corais e energia marinha. \u2014 Foto: Getty Images    <\/p>\n<p> \u00c1reas de interesse s\u00e3o gest\u00e3o de detritos, economia circular, pesca e aquicultura, restaura\u00e7\u00e3o de corais e energia marinha. \u2014 Foto: Getty Images <\/p>\n<p> A economia azul sustent\u00e1vel busca promover um novo sistema econ\u00f4mico em que os recursos oferecidos pela natureza sejam reaproveitados. <\/p>\n<p> O Banco Mundial segue essa linha ao se referir \u00e0 economia azul como \u201co uso sustent\u00e1vel dos recursos oce\u00e2nicos para o crescimento econ\u00f4mico, a melhoria dos meios de subsist\u00eancia e do emprego, preservando a sa\u00fade do ecossistema\u201d. <\/p>\n<p> As diferentes vis\u00f5es da economia azul podem ser resumidas em quatro modelos, segundo a especialista em sustentabilidade Sonia Ruiz. <\/p>\n<p> Em primeiro lugar, uma vis\u00e3o mais ativista, que \u00e9 a defendida pelas ONG, centrada na conserva\u00e7\u00e3o, recupera\u00e7\u00e3o e prote\u00e7\u00e3o de todas as atividades ligadas ao ambiente marinho. <\/p>\n<p> Em segundo lugar, a vis\u00e3o dos oceanos como oportunidade de neg\u00f3cio, como \u00e9 o caso, por exemplo, da ind\u00fastria do turismo e que pode incluir ou n\u00e3o crit\u00e9rios sustent\u00e1veis \u200b\u200be ambientais. <\/p>\n<p> Terceiro, aquele que v\u00ea os oceanos como um modo de vida, que inclui as comunidades que vivem ligadas aos oceanos. <\/p>\n<p> E em quarto lugar, aquele que v\u00ea os oceanos como fonte de inova\u00e7\u00e3o, como \u00e9 o caso da explora\u00e7\u00e3o sustent\u00e1vel dos fundos marinhos. <\/p>\n<p><h2>Como os projetos de economia azul s\u00e3o financiados<\/h2>\n<\/p>\n<p> Os projetos de economia azul s\u00e3o financiados principalmente por meio de investimentos privados e p\u00fablicos, fundos verdes e organiza\u00e7\u00f5es como o PNUD, que nos \u00faltimos 25 anos mobilizou mais de US$ 1 bilh\u00e3o para atividades de prote\u00e7\u00e3o e restaura\u00e7\u00e3o dos oceanos em mais de 100 pa\u00edses. <\/p>\n<p> Da mesma forma, a <a class href=\"https:\/\/g1.globo.com\/tudo-sobre\/onu\/\">ONU<\/a> lan\u00e7ou em 2018 o UN Environment Program Finance Initiative (UNEP FI), que \u00e9 uma parceria global que re\u00fane a <a class href=\"https:\/\/g1.globo.com\/tudo-sobre\/onu\/\">ONU<\/a> com mais de 350 bancos, seguradoras e investidores institucionais para desenvolver a agenda de finan\u00e7as sustent\u00e1veis \u200b\u200be que promovem a implementa\u00e7\u00e3o do Objetivo de Desenvolvimento Sustent\u00e1vel 14 (ODS 14) focado nos oceanos e mares, estabelecido em 2015. <\/p>\n<p> A CAF faz parte desta alian\u00e7a com a <a class href=\"https:\/\/g1.globo.com\/tudo-sobre\/onu\/\">ONU<\/a>. A entidade prometeu dedicar pelo menos US$ 1,25 bilh\u00f5es entre 2022 e 2026 a quest\u00f5es relacionadas com a economia azul, para apoiar projetos, por exemplo, turismo regenerativo, energia e\u00f3lica ou relacionados com a utiliza\u00e7\u00e3o de algas como fonte de prote\u00edna e na ind\u00fastria farmac\u00eautica. <\/p>\n<p> Um exemplo desse tipo de projeto de economia azul sustent\u00e1vel \u00e9 o caso de um que promove e apoia comunidades de pescadores artesanais de pequena escala na <a class href=\"https:\/\/g1.globo.com\/tudo-sobre\/costa-rica\/\">Costa Rica<\/a> para criar \u00e1reas marinhas para uma pesca respons\u00e1vel. <\/p>\n<p> Os pescadores podem solicitar a delimita\u00e7\u00e3o de uma \u00e1rea para pesca respons\u00e1vel. Assim, os pescadores artesanais s\u00e3o liberados do poder de intermedi\u00e1rios, promovendo assim uma remunera\u00e7\u00e3o justa e criando oportunidades de emprego na comunidade. <\/p>\n<ul>\n<li> <a href=\"https:\/\/g1.globo.com\/tudo-sobre\/chile\/\" class=\"entities__list-itemLink\" data-track-click=\"Chile\"> Chile <\/a> <\/li>\n<li> <a href=\"https:\/\/g1.globo.com\/tudo-sobre\/costa-rica\/\" class=\"entities__list-itemLink\" data-track-click=\"Costa Rica\"> Costa Rica <\/a> <\/li>\n<li> <a href=\"https:\/\/g1.globo.com\/tudo-sobre\/g7\/\" class=\"entities__list-itemLink\" data-track-click=\"G7\"> G7 <\/a> <\/li>\n<li> <a href=\"https:\/\/g1.globo.com\/tudo-sobre\/onu\/\" class=\"entities__list-itemLink\" data-track-click=\"ONU\"> ONU <\/a> <\/li>\n<li> <a href=\"https:\/\/g1.globo.com\/tudo-sobre\/steve-jobs\/\" class=\"entities__list-itemLink\" data-track-click=\"Steve Jobs\"> Steve Jobs <\/a> <\/li>\n<\/ul>\n","protected":false},"excerpt":{"rendered":"<p>1 de 3&#013;O que \u00e9 a economia azul e por que ela \u00e9 importante para a Am\u00e9rica Latina \u2014 Foto: Getty Images O que \u00e9 a economia azul e por que ela \u00e9 importante para a Am\u00e9rica Latina \u2014 Foto: Getty Images Se a economia azul \u2014 o uso sustent\u00e1vel dos recursos dos oceanos \u2014 [&hellip;]<\/p>\n","protected":false},"author":1,"featured_media":0,"comment_status":"closed","ping_status":"closed","sticky":false,"template":"","format":"standard","meta":{"footnotes":""},"categories":[],"tags":[],"class_list":["post-49362","post","type-post","status-publish","format-standard","hentry"],"_links":{"self":[{"href":"https:\/\/blog.corretoraideal.com.br\/index.php\/wp-json\/wp\/v2\/posts\/49362","targetHints":{"allow":["GET"]}}],"collection":[{"href":"https:\/\/blog.corretoraideal.com.br\/index.php\/wp-json\/wp\/v2\/posts"}],"about":[{"href":"https:\/\/blog.corretoraideal.com.br\/index.php\/wp-json\/wp\/v2\/types\/post"}],"author":[{"embeddable":true,"href":"https:\/\/blog.corretoraideal.com.br\/index.php\/wp-json\/wp\/v2\/users\/1"}],"replies":[{"embeddable":true,"href":"https:\/\/blog.corretoraideal.com.br\/index.php\/wp-json\/wp\/v2\/comments?post=49362"}],"version-history":[{"count":1,"href":"https:\/\/blog.corretoraideal.com.br\/index.php\/wp-json\/wp\/v2\/posts\/49362\/revisions"}],"predecessor-version":[{"id":49364,"href":"https:\/\/blog.corretoraideal.com.br\/index.php\/wp-json\/wp\/v2\/posts\/49362\/revisions\/49364"}],"wp:attachment":[{"href":"https:\/\/blog.corretoraideal.com.br\/index.php\/wp-json\/wp\/v2\/media?parent=49362"}],"wp:term":[{"taxonomy":"category","embeddable":true,"href":"https:\/\/blog.corretoraideal.com.br\/index.php\/wp-json\/wp\/v2\/categories?post=49362"},{"taxonomy":"post_tag","embeddable":true,"href":"https:\/\/blog.corretoraideal.com.br\/index.php\/wp-json\/wp\/v2\/tags?post=49362"}],"curies":[{"name":"wp","href":"https:\/\/api.w.org\/{rel}","templated":true}]}}