{"id":49365,"date":"2023-06-16T07:29:54","date_gmt":"2023-06-16T07:29:54","guid":{"rendered":"https:\/\/blog.corretoraideal.com.br\/?p=49365"},"modified":"2023-06-16T07:29:54","modified_gmt":"2023-06-16T07:29:54","slug":"vitoria-e-vila-velha-no-es-sao-as-cidades-que-mais-cresceram-em-buscas-para-destino-de-ferias-de-julho-veja-top-10-do-pais-espirito-santo-g1","status":"publish","type":"post","link":"https:\/\/blog.corretoraideal.com.br\/index.php\/2023\/06\/16\/vitoria-e-vila-velha-no-es-sao-as-cidades-que-mais-cresceram-em-buscas-para-destino-de-ferias-de-julho-veja-top-10-do-pais-espirito-santo-g1\/","title":{"rendered":"Vit\u00f3ria e Vila Velha, no ES, s\u00e3o as cidades que mais cresceram em buscas para destino de f\u00e9rias de julho; veja top 10 do pa\u00eds | Esp\u00edrito Santo | G1"},"content":{"rendered":"<p>      1 de 2&#013;Convento da Penha, em Vila Velha, foi tombado como patrim\u00f4nio nacional \u2014 Foto: Everton Thiago\/Secom PMVV    <\/p>\n<p> Convento da Penha, em Vila Velha, foi tombado como patrim\u00f4nio nacional \u2014 Foto: Everton Thiago\/Secom PMVV <\/p>\n<p> Vit\u00f3ria e <a class href=\"https:\/\/g1.globo.com\/es\/espirito-santo\/cidade\/vila-velha\/\">Vila Velha<\/a> s\u00e3o as cidades do pa\u00eds com o maior crescimento nas buscas de destinos tur\u00edsticos para viagens programadas para julho e agosto de 2023, ou seja, as f\u00e9rias de meio de ano. O levantamento feito pela Booking.com, site internacional de reservas e hospedagens, mostra que o Esp\u00edrito Santo tem despertado, cada vez mais, interesse no cen\u00e1rio tur\u00edstico. <\/p>\n<ul>\n<li><a class href=\"https:\/\/api.whatsapp.com\/send?text=https:\/\/g1.globo.com\/es\/espirito-santo\/noticia\/2023\/06\/16\/vitoria-e-vila-velha-no-es-sao-as-cidades-que-mais-cresceram-em-buscas-para-destino-de-ferias-de-julho-veja-top-10-do-pais.ghtml?utm_source%3Dwhatsapp%26utm_medium%3Dshare-engagement%26utm_campaign%3Dte-materias\" target=\"_blank\" rel=\"noopener noreferrer\"><strong>Compartilhar no WhatsApp<\/strong><\/a><\/li>\n<li><a class href=\"https:\/\/telegram.me\/share\/url?url=https:\/\/g1.globo.com\/es\/espirito-santo\/noticia\/2023\/06\/16\/vitoria-e-vila-velha-no-es-sao-as-cidades-que-mais-cresceram-em-buscas-para-destino-de-ferias-de-julho-veja-top-10-do-pais.ghtml?utm_source%3Dtelegram%26utm_medium%3Dshare-engagement%26utm_campaign%3Dte-materias\" target=\"_blank\" rel=\"noopener noreferrer\"><strong>Compartilhar no Telegram<\/strong><\/a><\/li>\n<\/ul>\n<p> O gerente regional da plataforma, Nelson Benavides, destaca que alguns destinos s\u00e3o figurinhas repetidas no ranking dos mais buscados por turistas brasileiros em qualquer \u00e9poca do ano, seja por j\u00e1 serem cidades famosos ou pela boa infraestrutura e atrativos que oferecem aos turistas. <\/p>\n<p>&quot;Existem destinos, no entanto, que n\u00e3o necessariamente figuram nessas listas, mas que est\u00e3o chamando a aten\u00e7\u00e3o e ganhando cada vez mais o interesse dos turistas do pa\u00eds&quot;, pontua.<\/p>\n<p> Mas o Esp\u00edrito Santo, portanto, lidera com duas cidades tend\u00eancia para receber turistas este ano. <\/p>\n<p>         2 de 2&#013;Praia da Guarderia, em Vit\u00f3ria, lotada durante s\u00e1bado quente e ensolarado \u2014 Foto: Fernando Madeira    <\/p>\n<p> Praia da Guarderia, em Vit\u00f3ria, lotada durante s\u00e1bado quente e ensolarado \u2014 Foto: Fernando Madeira <\/p>\n<p> Entre os 10 destinos tend\u00eancia para o meio do ano, a Regi\u00e3o Sudeste conta com sete representantes, com destaque para o Esp\u00edrito Santo, que aparece no primeiro e no segundo lugar, Vit\u00f3ria e Vila Velha, respectivamente. <\/p>\n<p> &quot;Quando olhamos para a lista de destinos tend\u00eancia, observamos locais do interior de S\u00e3o Paulo e <a class href=\"https:\/\/g1.globo.com\/rj\/rio-de-janeiro\/cidade\/rio-de-janeiro\/\">Rio de Janeiro<\/a>, al\u00e9m das capitais do Esp\u00edrito Santo, Rio Grande do Sul e Maranh\u00e3o, dado que \u00e9 uma boa \u00e9poca para visitar os Len\u00e7\u00f3is Maranhenses&quot;\u201d, completa Nelson Benavides. <\/p>\n<p> O levantamento mostra as cidades que registraram o maior crescimento nas buscas no \u00faltimo ano, e n\u00e3o necessariamente as que s\u00e3o mais procuradas pelos turistas para as f\u00e9rias de julho. <\/p>\n<p><h2>Cidades com maior crescimento nas buscas:<\/h2>\n<\/p>\n<li><strong>Vit\u00f3ria, Esp\u00edrito Santo: <\/strong>274% de aumento<\/li>\n<li><strong>Vila Velha, Esp\u00edrito Santo:<\/strong> 267% <\/li>\n<li><a class href=\"https:\/\/g1.globo.com\/sp\/ribeirao-preto-franca\/cidade\/barretos\/\">Barretos<\/a>, S\u00e3o Paulo: 236%<\/li>\n<li>Petr\u00f3polis, Rio de Janeiro: 218% <\/li>\n<li><a class href=\"https:\/\/g1.globo.com\/rj\/rio-de-janeiro\/cidade\/itaipava\/\">Itaipava<\/a>, Rio de Janeiro: 150% <\/li>\n<li>S\u00e3o Lu\u00eds do Maranh\u00e3o, Maranh\u00e3o: 117%<\/li>\n<li>Ribeir\u00e3o Preto, S\u00e3o Paulo: 114%<\/li>\n<li>Abra\u00e3o, Rio de Janeiro: 104%<\/li>\n<li><a class href=\"https:\/\/g1.globo.com\/ma\/maranhao\/cidade\/barreirinhas\/\">Barreirinhas<\/a>, Maranh\u00e3o: 90% <\/li>\n<li><a class href=\"https:\/\/g1.globo.com\/rs\/rio-grande-do-sul\/cidade\/porto-alegre\/\">Porto Alegre<\/a>, Rio Grande do Sul: 83%<\/li>\n<p><h2>Destinos mais procurados por turistas, de maneira geral:<\/h2>\n<\/p>\n<li><a class href=\"https:\/\/g1.globo.com\/rs\/rio-grande-do-sul\/cidade\/gramado\/\">Gramado<\/a>, Rio Grande do Sul<\/li>\n<li>Rio de Janeiro, Rio de Janeiro<\/li>\n<li><a class href=\"https:\/\/g1.globo.com\/sp\/vale-do-paraiba-regiao\/cidade\/campos-do-jordao\/\">Campos do Jord\u00e3o<\/a>, S\u00e3o Paulo<\/li>\n<li>S\u00e3o Paulo, S\u00e3o Paulo<\/li>\n<li><a class href=\"https:\/\/g1.globo.com\/al\/alagoas\/cidade\/maragogi\/\">Maragogi<\/a>, Alagoas<\/li>\n<li><a class href=\"https:\/\/g1.globo.com\/al\/alagoas\/cidade\/maceio\/\">Macei\u00f3<\/a>, Alagoas<\/li>\n<li>Porto de Galinhas, Pernambuco<\/li>\n<li><a class href=\"https:\/\/g1.globo.com\/ba\/bahia\/cidade\/porto-seguro\/\">Porto Seguro<\/a>, Bahia<\/li>\n<li><a class href=\"https:\/\/g1.globo.com\/ce\/ceara\/cidade\/fortaleza\/\">Fortaleza<\/a>, Cear\u00e1<\/li>\n<li><a class href=\"https:\/\/g1.globo.com\/go\/goias\/cidade\/caldas-novas\/\">Caldas Novas<\/a>, Goi\u00e1s<\/li>\n<p> A lista divulgada pela empresa compara os destinos mais buscados por viajantes brasileiros entre 3 e 16 de abril de 2023, para viagens no per\u00edodo de 1\u00ba de julho a 31 de agosto de 2023, com as buscas feitas entre 4 e 17 de abril de 2022, para viagens no per\u00edodo de 1\u00ba de julho a 31 de agosto de 2022. <\/p>\n<p><h2>V\u00eddeos: tudo sobre o Esp\u00edrito Santo<\/h2>\n<\/p>\n<p>   <a href=\"https:\/\/g1.globo.com\/es\/espirito-santo\/edicao\/2021\/01\/29\/videos-tudo-sobre-o-es.ghtml\">    50 v\u00eddeos      <\/a>       <\/p>\n<ul>\n<li><a class href=\"http:\/\/g1.globo.com\/espirito-santo\/ultimas-noticias.html\"><strong>Veja o plant\u00e3o de \u00faltimas not\u00edcias do g1 Esp\u00edrito Santo<\/strong><\/a><\/li>\n<\/ul>\n<ul>\n<li> <a href=\"https:\/\/g1.globo.com\/ma\/maranhao\/cidade\/barreirinhas\/\" class=\"entities__list-itemLink\" data-track-click=\"Barreirinhas\"> Barreirinhas <\/a> <\/li>\n<li> <a href=\"https:\/\/g1.globo.com\/sp\/ribeirao-preto-franca\/cidade\/barretos\/\" class=\"entities__list-itemLink\" data-track-click=\"Barretos\"> Barretos <\/a> <\/li>\n<li> <a href=\"https:\/\/g1.globo.com\/go\/goias\/cidade\/caldas-novas\/\" class=\"entities__list-itemLink\" data-track-click=\"Caldas Novas\"> Caldas Novas <\/a> <\/li>\n<li> <a href=\"https:\/\/g1.globo.com\/sp\/vale-do-paraiba-regiao\/cidade\/campos-do-jordao\/\" class=\"entities__list-itemLink\" data-track-click=\"Campos do Jord\u00e3o\"> Campos do Jord\u00e3o <\/a> <\/li>\n<li> <a href=\"https:\/\/g1.globo.com\/ce\/ceara\/cidade\/fortaleza\/\" class=\"entities__list-itemLink\" data-track-click=\"Fortaleza\"> Fortaleza <\/a> <\/li>\n<li> <a href=\"https:\/\/g1.globo.com\/rs\/rio-grande-do-sul\/cidade\/gramado\/\" class=\"entities__list-itemLink\" data-track-click=\"Gramado\"> Gramado <\/a> <\/li>\n<li> <a href=\"https:\/\/g1.globo.com\/rj\/rio-de-janeiro\/cidade\/itaipava\/\" class=\"entities__list-itemLink\" data-track-click=\"Itaipava\"> Itaipava <\/a> <\/li>\n<li> <a href=\"https:\/\/g1.globo.com\/al\/alagoas\/cidade\/maceio\/\" class=\"entities__list-itemLink\" data-track-click=\"Macei\u00f3\"> Macei\u00f3 <\/a> <\/li>\n<li> <a href=\"https:\/\/g1.globo.com\/al\/alagoas\/cidade\/maragogi\/\" class=\"entities__list-itemLink\" data-track-click=\"Maragogi\"> Maragogi <\/a> <\/li>\n<li> <a href=\"https:\/\/g1.globo.com\/rs\/rio-grande-do-sul\/cidade\/porto-alegre\/\" class=\"entities__list-itemLink\" data-track-click=\"Porto Alegre\"> Porto Alegre <\/a> <\/li>\n<li> <a href=\"https:\/\/g1.globo.com\/ba\/bahia\/cidade\/porto-seguro\/\" class=\"entities__list-itemLink\" data-track-click=\"Porto Seguro\"> Porto Seguro <\/a> <\/li>\n<li> <a href=\"https:\/\/g1.globo.com\/rj\/rio-de-janeiro\/cidade\/rio-de-janeiro\/\" class=\"entities__list-itemLink\" data-track-click=\"Rio de Janeiro\"> Rio de Janeiro <\/a> <\/li>\n<li> <a href=\"https:\/\/g1.globo.com\/es\/espirito-santo\/cidade\/vila-velha\/\" class=\"entities__list-itemLink\" data-track-click=\"Vila Velha\"> Vila Velha <\/a> <\/li>\n<\/ul>\n","protected":false},"excerpt":{"rendered":"<p>1 de 2&#013;Convento da Penha, em Vila Velha, foi tombado como patrim\u00f4nio nacional \u2014 Foto: Everton Thiago\/Secom PMVV Convento da Penha, em Vila Velha, foi tombado como patrim\u00f4nio nacional \u2014 Foto: Everton Thiago\/Secom PMVV Vit\u00f3ria e Vila Velha s\u00e3o as cidades do pa\u00eds com o maior crescimento nas buscas de destinos tur\u00edsticos para viagens programadas [&hellip;]<\/p>\n","protected":false},"author":1,"featured_media":0,"comment_status":"closed","ping_status":"closed","sticky":false,"template":"","format":"standard","meta":{"footnotes":""},"categories":[],"tags":[],"class_list":["post-49365","post","type-post","status-publish","format-standard","hentry"],"_links":{"self":[{"href":"https:\/\/blog.corretoraideal.com.br\/index.php\/wp-json\/wp\/v2\/posts\/49365","targetHints":{"allow":["GET"]}}],"collection":[{"href":"https:\/\/blog.corretoraideal.com.br\/index.php\/wp-json\/wp\/v2\/posts"}],"about":[{"href":"https:\/\/blog.corretoraideal.com.br\/index.php\/wp-json\/wp\/v2\/types\/post"}],"author":[{"embeddable":true,"href":"https:\/\/blog.corretoraideal.com.br\/index.php\/wp-json\/wp\/v2\/users\/1"}],"replies":[{"embeddable":true,"href":"https:\/\/blog.corretoraideal.com.br\/index.php\/wp-json\/wp\/v2\/comments?post=49365"}],"version-history":[{"count":1,"href":"https:\/\/blog.corretoraideal.com.br\/index.php\/wp-json\/wp\/v2\/posts\/49365\/revisions"}],"predecessor-version":[{"id":49367,"href":"https:\/\/blog.corretoraideal.com.br\/index.php\/wp-json\/wp\/v2\/posts\/49365\/revisions\/49367"}],"wp:attachment":[{"href":"https:\/\/blog.corretoraideal.com.br\/index.php\/wp-json\/wp\/v2\/media?parent=49365"}],"wp:term":[{"taxonomy":"category","embeddable":true,"href":"https:\/\/blog.corretoraideal.com.br\/index.php\/wp-json\/wp\/v2\/categories?post=49365"},{"taxonomy":"post_tag","embeddable":true,"href":"https:\/\/blog.corretoraideal.com.br\/index.php\/wp-json\/wp\/v2\/tags?post=49365"}],"curies":[{"name":"wp","href":"https:\/\/api.w.org\/{rel}","templated":true}]}}