{"id":49368,"date":"2023-06-16T08:31:10","date_gmt":"2023-06-16T08:31:10","guid":{"rendered":"https:\/\/blog.corretoraideal.com.br\/?p=49368"},"modified":"2023-06-16T08:31:10","modified_gmt":"2023-06-16T08:31:10","slug":"febre-maculosa-cachorro-pode-carregar-carrapato-e-boi-como-tirar-o-parasita-agronegocios-g1","status":"publish","type":"post","link":"https:\/\/blog.corretoraideal.com.br\/index.php\/2023\/06\/16\/febre-maculosa-cachorro-pode-carregar-carrapato-e-boi-como-tirar-o-parasita-agronegocios-g1\/","title":{"rendered":"Febre maculosa: cachorro pode carregar carrapato? E boi? Como tirar o parasita? | Agroneg\u00f3cios | G1"},"content":{"rendered":"<p>      1 de 1&#013;A doen\u00e7a infecciosa \u00e9 transmitida atrav\u00e9s do carrapato-estrela infectado e para a qual n\u00e3o h\u00e1 vacina \u2014 Foto: g1    <\/p>\n<p> A doen\u00e7a infecciosa \u00e9 transmitida atrav\u00e9s do carrapato-estrela infectado e para a qual n\u00e3o h\u00e1 vacina \u2014 Foto: g1 <\/p>\n<p> A bact\u00e9ria respons\u00e1vel pelo <a class href=\"https:\/\/g1.globo.com\/ciencia-e-saude\/noticia\/2023\/06\/14\/quais-sao-os-sintomas-da-febre-maculosa-entenda.ghtml#areas\">surto de febre maculosa<\/a> que <a class href=\"https:\/\/g1.globo.com\/sp\/sao-paulo\/noticia\/2023\/06\/15\/adolfo-lutz-confirma-que-adolescente-que-participou-de-festa-em-campinas-morreu-por-febre-maculosa.ghtml\">deixou pelo menos 4 mortos em Campinas<\/a> n\u00e3o afeta os animais da mesma forma que pessoas, mas muitos deles podem carregar o carrapato-estrela, principal transmissor. <\/p>\n<p> Vale ressaltar que a doen\u00e7a n\u00e3o \u00e9 comum, assim como encontrar o carrapato em animais domesticados, como cachorros. A capivara \u00e9 o bicho mais f\u00e1cil de encontrar o parasita. <\/p>\n<p> Nesta reportagem, voc\u00ea entende o efeito dos carrapatos e da doen\u00e7a nos animais. Veja ponto a ponto. <\/p>\n<ul>\n<li><strong>Outros animais, como o cachorro, podem carregar o carrapato que transmite a doen\u00e7a?<\/strong><\/li>\n<li><strong>Animais que foram picados transmitem a doen\u00e7a a seres humanos? <\/strong><\/li>\n<li><strong>A doen\u00e7a faz mal a animais? <\/strong><\/li>\n<li><strong>Qual \u00e9 o animal que mais devemos evitar para n\u00e3o encontrar carrapatos?<\/strong><\/li>\n<li><strong>Como tirar o carrapato?<\/strong><\/li>\n<\/ul>\n<p><h2><strong>Outros animais, como o cachorro, podem carregar o carrapato que transmite a doen\u00e7a?<\/strong><\/h2>\n<\/p>\n<p> Sim. De acordo com a regi\u00e3o onde vivem, os animais tamb\u00e9m podem hospedar os carrapatos que transmitem a doen\u00e7a. <\/p>\n<p> Para cachorros, por exemplo, \u00e9 recomendado que os donos vejam o pelo, entre os dedos das patas e as orelhas do animal para verificar se existem carrapatos. <\/p>\n<p> O veterin\u00e1rio Daniel Caldas Petroni explica que a principal medida protetiva nos cachorros \u00e9 aplicar antiparasit\u00e1rios, que atingem as pulgas e carrapatos. &quot;Existem tamb\u00e9m coleiras que previvem a infesta\u00e7\u00e3o&quot;, adiciona. <\/p>\n<p> Animais de fazenda, como os bois, est\u00e3o mais sujeitos ao carrapato por viverem mais pr\u00f3ximos da natureza. <\/p>\n<p> &quot;O bovino pode ser um produtor de carrapato-estrela em uma determinada regi\u00e3o. Ele mant\u00e9m a popula\u00e7\u00e3o de carrapato&quot;, afirma Renato Andreotti, pesquisador da Empresa Brasileira de Pesquisa em Agropecu\u00e1ria (Embrapa) Gado de Corte. <\/p>\n<p> Em rebanhos da pecu\u00e1rio mais sens\u00edveis a carrapatos, s\u00e3o utilizados carrapaticidas para fazer o controle de infesta\u00e7\u00e3o. Tamb\u00e9m \u00e9 recomendado manter capins e gramados podados rente ao solo para criar ambiente menos favor\u00e1vel ao inseto. <\/p>\n<p> <strong>LEIA TAMB\u00c9M:<\/strong> <\/p>\n<ul>\n<li><a class href=\"https:\/\/g1.globo.com\/economia\/agronegocios\/noticia\/2023\/06\/15\/como-se-tira-um-carrapato-com-seguranca-medicos-orientam-jamais-espremer-o-bicho.ghtml\">Como se tira um carrapato com seguran\u00e7a? M\u00e9dicos orientam jamais espremer o bicho<\/a><\/li>\n<li><a class href=\"https:\/\/g1.globo.com\/ciencia-e-saude\/noticia\/2023\/06\/14\/quais-sao-os-sintomas-da-febre-maculosa-entenda.ghtml#areas\">Quais s\u00e3o os sintomas da febre maculosa e quais \u00e1reas t\u00eam mais risco no Brasil? <\/a><\/li>\n<li><a class href=\"https:\/\/g1.globo.com\/sp\/campinas-regiao\/terra-da-gente\/noticia\/2023\/06\/12\/capivara-e-a-motorista-do-carrapato-que-leva-a-febre-maculosa.ghtml\">Capivara \u00e9 principal &#x27;motorista&#x27; de carrapato em zonas urbanas<\/a><\/li>\n<\/ul>\n<p><h2>Animais que foram picados transmitem a doen\u00e7a a seres humanos? <\/h2>\n<\/p>\n<p> N\u00e3o, o que pode ocorrer \u00e9 um animal carregar o carrapato, que pode transmitir a doen\u00e7a ao picar outro animal. <\/p>\n<p> &quot;A febre maculosa \u00e9 uma doen\u00e7a febril aguda causada por bact\u00e9rias do g\u00eanero Rickettsia, transmitidas por carrapatos&quot;, diz a infectologista do Hcor Juliana Oliveira da Silva. <\/p>\n<p><h2>A doen\u00e7a faz mal a animais? <\/h2>\n<\/p>\n<p> Sim, mas n\u00e3o \u00e9 mortal como em pessoas, de acordo com o pesquisador Renato Andreotti. <\/p>\n<p>&quot;Os animais n\u00e3o correm grandes riscos, eles ficam doentes, mas de uma forma branda. N\u00e3o existe informa\u00e7\u00e3o sobre mortalidade de animais por conta da contamina\u00e7\u00e3o.&quot;<\/p>\n<p> <strong>VEJA TAMB\u00c9M:<\/strong> <\/p>\n<ul>\n<li><a class href=\"https:\/\/g1.globo.com\/economia\/agronegocios\/globo-rural\/noticia\/2022\/11\/20\/os-fungos-que-podem-ajudar-a-controlar-a-infestacao-de-carrapatos-em-bois-cavalos-e-capivaras.ghtml\">Os fungos que podem ajudar a controlar carrapatos em bois, cavalos e capivaras<\/a><\/li>\n<li><a class href=\"https:\/\/g1.globo.com\/sp\/campinas-regiao\/terra-da-gente\/noticia\/2023\/06\/15\/dedetizacao-nao-e-indicada-para-o-controle-de-carrapato-estrela-saiba-o-que-fazer.ghtml\">Dedetiza\u00e7\u00e3o n\u00e3o \u00e9 indicada para o controle de carrapato-estrela; saiba o que fazer<\/a><\/li>\n<\/ul>\n<p><h2>Qual \u00e9 o animal que mais devemos evitar para n\u00e3o encontrar carrapatos?<\/h2>\n<\/p>\n<p> A capivara \u00e9 o <a class href=\"https:\/\/g1.globo.com\/sp\/campinas-regiao\/terra-da-gente\/noticia\/2023\/06\/12\/capivara-e-a-motorista-do-carrapato-que-leva-a-febre-maculosa.ghtml\">maior hospedeiro mam\u00edfero do carrapato-estrela<\/a> nas cidades, justamente por viver em zonas pr\u00f3ximas ao mato, pontua Daniel Petroni. <\/p>\n<p> Outros animais onde \u00e9 mais f\u00e1cil de encontrar o inseto s\u00e3o cavalos e gamb\u00e1s. <\/p>\n<p><h2>Como tirar o carrapato?<\/h2>\n<\/p>\n<p> A forma ideal de tirar o carrapato \u00e9 o puxar na vertical com uma pin\u00e7a, para que ele n\u00e3o se rompa e espalhe as bact\u00e9rias na \u00e1rea picada do animal ou ser humano. <\/p>\n<p>                   <img loading=\"lazy\" decoding=\"async\" class=\"aligncenter size-full wp-image-49370\" src=\"https:\/\/blog.corretoraideal.com.br\/wp-content\/uploads\/2023\/06\/febre-maculosa-entenda-o-que-e-e-quais-os-sintomas-da-doenca.jpeg\" alt=\"Febre maculosa: entenda o que \u00e9 e quais os sintomas da doen\u00e7a\" width=\"800\" height=\"400\" \/>      <\/p>\n<p> Febre maculosa: entenda o que \u00e9 e quais os sintomas da doen\u00e7a <\/p>\n<ul> <\/ul>\n","protected":false},"excerpt":{"rendered":"<p>1 de 1&#013;A doen\u00e7a infecciosa \u00e9 transmitida atrav\u00e9s do carrapato-estrela infectado e para a qual n\u00e3o h\u00e1 vacina \u2014 Foto: g1 A doen\u00e7a infecciosa \u00e9 transmitida atrav\u00e9s do carrapato-estrela infectado e para a qual n\u00e3o h\u00e1 vacina \u2014 Foto: g1 A bact\u00e9ria respons\u00e1vel pelo surto de febre maculosa que deixou pelo menos 4 mortos em [&hellip;]<\/p>\n","protected":false},"author":1,"featured_media":0,"comment_status":"closed","ping_status":"closed","sticky":false,"template":"","format":"standard","meta":{"footnotes":""},"categories":[],"tags":[],"class_list":["post-49368","post","type-post","status-publish","format-standard","hentry"],"_links":{"self":[{"href":"https:\/\/blog.corretoraideal.com.br\/index.php\/wp-json\/wp\/v2\/posts\/49368","targetHints":{"allow":["GET"]}}],"collection":[{"href":"https:\/\/blog.corretoraideal.com.br\/index.php\/wp-json\/wp\/v2\/posts"}],"about":[{"href":"https:\/\/blog.corretoraideal.com.br\/index.php\/wp-json\/wp\/v2\/types\/post"}],"author":[{"embeddable":true,"href":"https:\/\/blog.corretoraideal.com.br\/index.php\/wp-json\/wp\/v2\/users\/1"}],"replies":[{"embeddable":true,"href":"https:\/\/blog.corretoraideal.com.br\/index.php\/wp-json\/wp\/v2\/comments?post=49368"}],"version-history":[{"count":1,"href":"https:\/\/blog.corretoraideal.com.br\/index.php\/wp-json\/wp\/v2\/posts\/49368\/revisions"}],"predecessor-version":[{"id":49371,"href":"https:\/\/blog.corretoraideal.com.br\/index.php\/wp-json\/wp\/v2\/posts\/49368\/revisions\/49371"}],"wp:attachment":[{"href":"https:\/\/blog.corretoraideal.com.br\/index.php\/wp-json\/wp\/v2\/media?parent=49368"}],"wp:term":[{"taxonomy":"category","embeddable":true,"href":"https:\/\/blog.corretoraideal.com.br\/index.php\/wp-json\/wp\/v2\/categories?post=49368"},{"taxonomy":"post_tag","embeddable":true,"href":"https:\/\/blog.corretoraideal.com.br\/index.php\/wp-json\/wp\/v2\/tags?post=49368"}],"curies":[{"name":"wp","href":"https:\/\/api.w.org\/{rel}","templated":true}]}}