{"id":49372,"date":"2023-06-16T09:29:55","date_gmt":"2023-06-16T09:29:55","guid":{"rendered":"https:\/\/blog.corretoraideal.com.br\/?p=49372"},"modified":"2023-06-16T09:29:55","modified_gmt":"2023-06-16T09:29:55","slug":"o-que-se-sabe-sobre-1o-voo-comercial-da-virgin-galactic-ao-espaco-marcado-para-este-mes-inovacao-g1","status":"publish","type":"post","link":"https:\/\/blog.corretoraideal.com.br\/index.php\/2023\/06\/16\/o-que-se-sabe-sobre-1o-voo-comercial-da-virgin-galactic-ao-espaco-marcado-para-este-mes-inovacao-g1\/","title":{"rendered":"O que se sabe sobre 1\u00ba voo comercial da Virgin Galactic ao espa\u00e7o, marcado para este m\u00eas | Inova\u00e7\u00e3o | G1"},"content":{"rendered":"<p>      1 de 5&#013;Richard Branson, dono da Virgin Galactic, em voo espacial realizado em julho de 2021 \u2014 Foto: Divulga\u00e7\u00e3o\/Virgin Galactic    <\/p>\n<p> Richard Branson, dono da Virgin Galactic, em voo espacial realizado em julho de 2021 \u2014 Foto: Divulga\u00e7\u00e3o\/Virgin Galactic <\/p>\n<p> A empresa de turismo espacial Virgin Galactic revelou quando come\u00e7ar\u00e3o as suas viagens comerciais para o espa\u00e7o. <strong>A primeira miss\u00e3o est\u00e1 prevista para acontecer entre 27 e 30 de junho, e a segunda, no in\u00edcio de agosto<\/strong>. <\/p>\n<p> Depois disso, o objetivo \u00e9 que as miss\u00f5es aconte\u00e7am todos os meses. &quot;A equipe e os ve\u00edculos da Virgin Galactic est\u00e3o prontos para levar os primeiros clientes da empresa para o espa\u00e7o&quot;, disse a companhia em comunicado divulgado na quinta-feira (15). <\/p>\n<p> As miss\u00f5es marcam um novo est\u00e1gio para a Virgin Galactic, que fez um <a class href=\"https:\/\/g1.globo.com\/economia\/tecnologia\/noticia\/2021\/07\/11\/voo-richard-branson-virgin.ghtml\">voo suborbital em 2021 com o bilion\u00e1rio Richard Branson, dono da marca<\/a>. <strong>Confira abaixo o que se sabe sobre o in\u00edcio das viagens comerciais da empresa ao espa\u00e7o<\/strong>. <\/p>\n<p><h2>Como ser\u00e1 a primeira miss\u00e3o? <\/h2>\n<\/p>\n<p> A primeira miss\u00e3o comercial da Virgin Galactic ter\u00e1 fins cient\u00edficos. Batizada de Galactic 01, a viagem levar\u00e1 tr\u00eas integrantes da For\u00e7a A\u00e9rea Italiana e do Conselho Nacional de Pesquisa da It\u00e1lia, que v\u00e3o conduzir uma pesquisa sobre microgravidade durante o voo. <\/p>\n<p> &quot;Com cargas cient\u00edficas a bordo, o voo espacial mostrar\u00e1 o valor e o poder do laborat\u00f3rio cient\u00edfico suborbital exclusivo que a Virgin Galactic oferece&quot;, continua o comunicado. <\/p>\n<p> A empresa n\u00e3o deu detalhes sobre a segunda miss\u00e3o comercial, chamada de Galactic 02, nem informou quem ser\u00e3o os passageiros das duas viagens. <\/p>\n<p> Branson parabenizou a equipe da Virgin Galactic e disse estar animado para ver os novos astronautas &quot;inspirarem mais pessoas a olharem para as estrelas&quot;. <\/p>\n<p><h2>Quanto custa? <\/h2>\n<\/p>\n<p> A Virgin Galactic n\u00e3o revelou quanto cobrou para realizar os dois voos, mas, em novembro de 2021, <a class href=\"https:\/\/g1.globo.com\/inovacao\/noticia\/2022\/02\/15\/virgin-galactic-abre-venda-de-passagens-ao-espaco-para-o-publico-geral-por-us-450-mil.ghtml\">a empresa come\u00e7ou a vender passagens por US$ 450 mil<\/a> (cerca de R$ 2 milh\u00f5es, na cota\u00e7\u00e3o de 15 de junho de 2023). <\/p>\n<p> Os clientes tinham que fazer um dep\u00f3sito inicial de US$ 150 mil e concluir o pagamento antes do voo. <\/p>\n<p> Antes disso, de 2005 a 2013, a companhia vendeu 600 passagens mais &quot;baratas&quot; \u2013 entre US$ 200 mil e US$ 250 mil (entre R$ 960 mil e R$ 1,2 milh\u00e3o). <\/p>\n<p>                   <img loading=\"lazy\" decoding=\"async\" class=\"aligncenter size-full wp-image-49374\" src=\"https:\/\/blog.corretoraideal.com.br\/wp-content\/uploads\/2023\/06\/video-veja-os-melhores-momentos-do-voo-de-richard-branson-ao-espaco.jpeg\" alt=\"V\u00cdDEO: Veja os melhores momentos do voo de Richard Branson ao espa\u00e7o\" width=\"800\" height=\"400\" \/>      <\/p>\n<p> V\u00cdDEO: Veja os melhores momentos do voo de Richard Branson ao espa\u00e7o <\/p>\n<p><h2>Como ser\u00e3o os voos? <\/h2>\n<\/p>\n<p> Os dois voos ser\u00e3o suborbitais, isto \u00e9, n\u00e3o v\u00e3o ultrapassar a atmosfera terrestre. Na viagem feita por Branson, a aeronave alcan\u00e7ou 89 quil\u00f4metros de altitude, pouco acima dos 80 quil\u00f4metros que os Estados Unidos usam para definir o &quot;in\u00edcio&quot; do espa\u00e7o. <\/p>\n<p> Os <a class href=\"https:\/\/g1.globo.com\/economia\/tecnologia\/inovacao\/noticia\/2021\/07\/20\/jeff-bezos-voo-espaco.ghtml\">voos da Blue Origin, empresa do bilion\u00e1rio Jeff Bezos<\/a>, tamb\u00e9m s\u00e3o suborbitais, mas superam 100 quil\u00f4metros acima do n\u00edvel do mar, na chamada Linha de K\u00e1rman. Esta \u00e9 a defini\u00e7\u00e3o de &quot;in\u00edcio&quot; do espa\u00e7o para organiza\u00e7\u00f5es como a Federa\u00e7\u00e3o Aeron\u00e1utica Internacional. <\/p>\n<p> No voo suborbital, a nave sobe at\u00e9 um ponto m\u00e1ximo e depois volta ao solo. Por alguns instantes, os passageiros t\u00eam a sensa\u00e7\u00e3o de gravidade zero. Esse tipo de voo costuma durar poucos minutos \u2013 a miss\u00e3o com Branson, por exemplo, levou cerca de 20 minutos. <\/p>\n<p> J\u00e1 o <a class href=\"https:\/\/g1.globo.com\/economia\/tecnologia\/inovacao\/noticia\/2021\/09\/18\/capsula-dragon-pousa-na-florida-e-encerra-missao-historica-da-spacex.ghtml\">voo orbital, como os que s\u00e3o realizados pela SpaceX<\/a>, a nave chega \u00e0 \u00f3rbita da Terra e, at\u00e9 voltar para o solo, permanece por um tempo em uma trajet\u00f3ria circular em volta do planeta. <\/p>\n<p>                   <img loading=\"lazy\" decoding=\"async\" class=\"aligncenter size-full wp-image-49375\" src=\"https:\/\/blog.corretoraideal.com.br\/wp-content\/uploads\/2023\/06\/entenda-a-diferenca-de-voo-suborbital-e-orbital.jpeg\" alt=\"Entenda a diferen\u00e7a de voo suborbital e orbital\" width=\"800\" height=\"400\" \/>      <\/p>\n<p> Entenda a diferen\u00e7a de voo suborbital e orbital <\/p>\n<ul>\n<li><a class href=\"https:\/\/g1.globo.com\/ciencia-e-saude\/noticia\/2021\/07\/11\/voo-suborbital-entenda-o-que-e-e-veja-como-foi-a-viagem-de-richard-branson-ao-espaco.ghtml\">Voo suborbital: entenda o que \u00e9 e veja como foi a viagem de Richard Branson ao espa\u00e7o<\/a><\/li>\n<\/ul>\n<p><h2>Como \u00e9 a nave da Virgin Galactic? <\/h2>\n<\/p>\n<p> Em vez de um foguete, a empresa faz suas miss\u00f5es com um avi\u00e3o: \u00e9 o modelo SpaceShip Two, que foi chamado de VSS Unity na miss\u00e3o com Branson. Ele \u00e9 transportado at\u00e9 certa ponto pelo &quot;porta-avi\u00f5es&quot; VMS Eve. Depois, os motores do avi\u00e3o s\u00e3o ligados, e ele se desacopla para completar o voo sozinho. <\/p>\n<p> No voo de Branson, o avi\u00e3o se soltou a uma altitude de 15 quil\u00f4metros e, ent\u00e3o, completou o trajeto ao extremo da atmosfera. <\/p>\n<p> <strong>LEIA TAMB\u00c9M<\/strong> <\/p>\n<ul>\n<li><strong>V\u00cdDEO: <\/strong><a class href=\"https:\/\/g1.globo.com\/inovacao\/noticia\/2023\/04\/20\/spacex-lanca-starship-a-nave-mais-potente-da-historia.ghtml\">relembre a explos\u00e3o da Starship, nave da SpaceX<\/a><\/li>\n<li><a class href=\"https:\/\/g1.globo.com\/inovacao\/noticia\/2023\/01\/03\/elon-musk-quer-levar-pessoas-ao-redor-da-lua-o-que-se-sabe-sobre-futuras-viagens-da-spacex.ghtml\">O plano de Elon Musk de levar pessoas ao redor da Lua<\/a><\/li>\n<li><a class href=\"https:\/\/g1.globo.com\/inovacao\/noticia\/2023\/04\/30\/viasat-lanca-satelite-de-internet-apos-tres-adiamentos.ghtml\">O lan\u00e7amento do sat\u00e9lite de internet com maior capacidade do mundo<\/a><\/li>\n<\/ul>\n<p>         2 de 5&#013;Nave da Virgin Galactic durante a Unity 24, miss\u00e3o de teste realizada em abril de 2023 \u2014 Foto: Divulga\u00e7\u00e3o\/Virgin Galactic    <\/p>\n<p> Nave da Virgin Galactic durante a Unity 24, miss\u00e3o de teste realizada em abril de 2023 \u2014 Foto: Divulga\u00e7\u00e3o\/Virgin Galactic <\/p>\n<p>         3 de 5&#013;Interior do avi\u00e3o espacial da Virgin Galactic. \u2014 Foto: Divulga\u00e7\u00e3o\/Virgin Galactic    <\/p>\n<p> Interior do avi\u00e3o espacial da Virgin Galactic. \u2014 Foto: Divulga\u00e7\u00e3o\/Virgin Galactic <\/p>\n<p>         4 de 5&#013;Nave da Virgin Galactic, no meio, acoplada com o VMS Eve durante a Unity 24, miss\u00e3o de teste realizada em abril de 2023 \u2014 Foto: Divulga\u00e7\u00e3o\/Virgin Galactic    <\/p>\n<p> Nave da Virgin Galactic, no meio, acoplada com o VMS Eve durante a Unity 24, miss\u00e3o de teste realizada em abril de 2023 \u2014 Foto: Divulga\u00e7\u00e3o\/Virgin Galactic <\/p>\n<p>         5 de 5&#013;Detalhes da nave da Virgin Galactic \u2014 Foto: Elcio Horiuchi\/Wagner Magalh\u00e3es\/Rafael Miotto\/G1    <\/p>\n<p> Detalhes da nave da Virgin Galactic \u2014 Foto: Elcio Horiuchi\/Wagner Magalh\u00e3es\/Rafael Miotto\/G1 <\/p>\n<ul> <\/ul>\n","protected":false},"excerpt":{"rendered":"<p>1 de 5&#013;Richard Branson, dono da Virgin Galactic, em voo espacial realizado em julho de 2021 \u2014 Foto: Divulga\u00e7\u00e3o\/Virgin Galactic Richard Branson, dono da Virgin Galactic, em voo espacial realizado em julho de 2021 \u2014 Foto: Divulga\u00e7\u00e3o\/Virgin Galactic A empresa de turismo espacial Virgin Galactic revelou quando come\u00e7ar\u00e3o as suas viagens comerciais para o espa\u00e7o. [&hellip;]<\/p>\n","protected":false},"author":1,"featured_media":0,"comment_status":"closed","ping_status":"closed","sticky":false,"template":"","format":"standard","meta":{"footnotes":""},"categories":[],"tags":[],"class_list":["post-49372","post","type-post","status-publish","format-standard","hentry"],"_links":{"self":[{"href":"https:\/\/blog.corretoraideal.com.br\/index.php\/wp-json\/wp\/v2\/posts\/49372","targetHints":{"allow":["GET"]}}],"collection":[{"href":"https:\/\/blog.corretoraideal.com.br\/index.php\/wp-json\/wp\/v2\/posts"}],"about":[{"href":"https:\/\/blog.corretoraideal.com.br\/index.php\/wp-json\/wp\/v2\/types\/post"}],"author":[{"embeddable":true,"href":"https:\/\/blog.corretoraideal.com.br\/index.php\/wp-json\/wp\/v2\/users\/1"}],"replies":[{"embeddable":true,"href":"https:\/\/blog.corretoraideal.com.br\/index.php\/wp-json\/wp\/v2\/comments?post=49372"}],"version-history":[{"count":1,"href":"https:\/\/blog.corretoraideal.com.br\/index.php\/wp-json\/wp\/v2\/posts\/49372\/revisions"}],"predecessor-version":[{"id":49376,"href":"https:\/\/blog.corretoraideal.com.br\/index.php\/wp-json\/wp\/v2\/posts\/49372\/revisions\/49376"}],"wp:attachment":[{"href":"https:\/\/blog.corretoraideal.com.br\/index.php\/wp-json\/wp\/v2\/media?parent=49372"}],"wp:term":[{"taxonomy":"category","embeddable":true,"href":"https:\/\/blog.corretoraideal.com.br\/index.php\/wp-json\/wp\/v2\/categories?post=49372"},{"taxonomy":"post_tag","embeddable":true,"href":"https:\/\/blog.corretoraideal.com.br\/index.php\/wp-json\/wp\/v2\/tags?post=49372"}],"curies":[{"name":"wp","href":"https:\/\/api.w.org\/{rel}","templated":true}]}}