{"id":49377,"date":"2023-06-16T13:29:34","date_gmt":"2023-06-16T13:29:34","guid":{"rendered":"https:\/\/blog.corretoraideal.com.br\/?p=49377"},"modified":"2023-06-16T13:29:34","modified_gmt":"2023-06-16T13:29:34","slug":"ibovespa-abre-em-baixa-com-politica-monetaria-e-dados-economicos-no-radar-economia-g1","status":"publish","type":"post","link":"https:\/\/blog.corretoraideal.com.br\/index.php\/2023\/06\/16\/ibovespa-abre-em-baixa-com-politica-monetaria-e-dados-economicos-no-radar-economia-g1\/","title":{"rendered":"Ibovespa abre em baixa, com pol\u00edtica monet\u00e1ria e dados econ\u00f4micos no radar | Economia | G1"},"content":{"rendered":"<p>      1 de 1&#013;Ibovespa \u2014 Foto: Burak The Weekender\/Pexels    <\/p>\n<p> Ibovespa \u2014 Foto: Burak The Weekender\/Pexels <\/p>\n<p> O <a class href=\"https:\/\/g1.globo.com\/tudo-sobre\/ibovespa\/\">Ibovespa<\/a>, principal \u00edndice da bolsa de valores de S\u00e3o Paulo, a <a class href=\"https:\/\/g1.globo.com\/tudo-sobre\/bmf-bovespa\/\">B3<\/a>, abriu em leve baixa nesta sexta-feira (16), em um movimento de corre\u00e7\u00e3o das \u00faltimas altas e com a pol\u00edtica monet\u00e1ria do Brasil e do exterior no radar dos investidores. <\/p>\n<p> O mercado tamb\u00e9m repercute dados de infla\u00e7\u00e3o divulgados pela Funda\u00e7\u00e3o Getulio Vargas (FGV) e a pr\u00e9via do PIB do Banco Central do Brasil (BC). <\/p>\n<p> \u00c0s 10h05, o \u00edndice ca\u00eda 0,42%, aos 118.719 pontos<strong>.<\/strong> <a class href=\"https:\/\/valor.globo.com\/valor-data\/\">Veja mais cota\u00e7\u00f5es<\/a>. <\/p>\n<p> Na v\u00e9spera, o Ibovespa teve alta de 0,13%, aos 119.221 pontos, ao maior patamar desde outubro do ano passado. Com o resultado, o \u00edndice passou a acumular altas de: <\/p>\n<ul>\n<li><strong>1,75% na semana;<\/strong><\/li>\n<li><strong>9,91% no m\u00eas;<\/strong><\/li>\n<li><strong>8,51% no ano.<\/strong><\/li>\n<\/ul>\n<p><h2><strong>O que est\u00e1 mexendo com os mercados?<\/strong><\/h2>\n<\/p>\n<p> O BC divulgou, nesta manh\u00e3, o \u00cdndice de Atividade Econ\u00f4mica (IBC-BR), considerado a &quot;pr\u00e9via&quot; do Produto Interno Bruto (PIB). <a class href=\"https:\/\/g1.globo.com\/economia\/noticia\/2023\/06\/16\/previa-do-pib-do-banco-central-indica-expansao-de-056percent-na-economia-em-abril.ghtml\">Em abril, o indicador registrou expans\u00e3o de 0,56% na compara\u00e7\u00e3o com mar\u00e7o<\/a>, quando houve uma retra\u00e7\u00e3o de 0,14%. <\/p>\n<p> O PIB \u00e9 a soma de todos os bens e servi\u00e7os produzidos no pa\u00eds e serve para medir a evolu\u00e7\u00e3o da economia. J\u00e1 o IBC-Br do BC \u00e9 um \u00edndice criado para tentar antecipar o resultado do PIB, mas os resultados nem sempre mostraram proximidade com os dados oficiais divulgados pelo <a class href=\"https:\/\/g1.globo.com\/tudo-sobre\/ibge\/\">IBGE<\/a>. <\/p>\n<p> Tamb\u00e9m nesta manh\u00e3, a FGV divulgou o \u00cdndice Geral de Pre\u00e7os 10 (IGP-10) de junho. Esse \u00edndice mede a infla\u00e7\u00e3o acumulada entre o dia 11 do m\u00eas anterior e o dia 10 do m\u00eas corrente e, <strong>em junho, teve uma queda de 2,20%, a maior redu\u00e7\u00e3o em toda a s\u00e9rie hist\u00f3rica, iniciada em 1993.<\/strong> Nos \u00faltimos 12 meses, a baixa acumulada \u00e9 de 6,31%. <\/p>\n<p> O IGP-10 \u00e9 composto por tr\u00eas sub\u00edndices: <\/p>\n<ul>\n<li>o <strong>\u00cdndice de Pre\u00e7os ao Produtor Amplo (IPA),<\/strong> que me de a infla\u00e7\u00e3o no atacado e recuou 3,14% no m\u00eas;<\/li>\n<li>o <strong>\u00cdndice de Pre\u00e7os ao Consumidor (IPC)<\/strong>, com queda de 0,18% puxada pelo grupo de Transportes;<\/li>\n<li>o <strong>\u00cdndice Nacional de Custo da Constru\u00e7\u00e3o (INCC)<\/strong>, que foi o \u00fanico que avan\u00e7ou, com alta de 1,19% em junho.<\/li>\n<\/ul>\n<p> Esses resultados v\u00e3o em linha com os dados observados na \u00faltima divulga\u00e7\u00e3o do \u00cdndice de Pre\u00e7os ao Consumidor Amplo (IPCA), do Instituto Brasileiro de Geografia e Estat\u00edstica (IBGE), que reflete a infla\u00e7\u00e3o oficial do pa\u00eds. <\/p>\n<p> <a class href=\"https:\/\/g1.globo.com\/economia\/noticia\/2023\/06\/07\/ipca-sobe-023percent-em-maio-diz-ibge.ghtml\">Em maio, o IPCA subiu 0,23%<\/a>, numa forte desacelera\u00e7\u00e3o e bem abaixo das expectativas do mercado. Entre os grupos que mais ca\u00edram naquele m\u00eas, destaque tamb\u00e9m para Transportes. <\/p>\n<p> Uma redu\u00e7\u00e3o da infla\u00e7\u00e3o, segundo especialistas, refor\u00e7a as expectativas de que o BC pode iniciar um ciclo de baixa na Selic, taxa b\u00e1sica de juros, em breve. A pr\u00f3xima reuni\u00e3o do Comit\u00ea de Pol\u00edtica Monet\u00e1ria (Copom) da institui\u00e7\u00e3o \u00e9 na pr\u00f3xima semana. <\/p>\n<p><h2>Mercados internacionais<\/h2>\n<\/p>\n<p> No exterior, investidores repercutem as \u00faltimas decis\u00f5es de pol\u00edticas monet\u00e1rias em diversos pa\u00edses. <\/p>\n<p> Ontem, <a class href=\"https:\/\/g1.globo.com\/economia\/noticia\/2023\/06\/15\/bce-eleva-juros-pela-8a-vez-seguida-para-a-maxima-em-22-anos.ghtml\">o Banco Central Europeu (BCE) elevou os custos de empr\u00e9stimos pela oitava vez consecutiva, em 0,25 ponto percentual, para 3,5% ao ano<\/a>, o mais n\u00edvel em 22 anos. Hoje, o chefe do banco central belga, Pierre Wunsch, disse que o BCE s\u00f3 vai interromper o ciclo de altas se observar uma &quot;queda substancial&quot; da infla\u00e7\u00e3o. <\/p>\n<p> Mais cedo, foi divulgado o \u00cdndice de Pre\u00e7os ao Consumidor da zona do euro, que apresentou alta acumulada de 6,1% nos \u00faltimos 12 meses at\u00e9 maio, ante 7% em abril. <\/p>\n<p> No Jap\u00e3o, &quot;o limite para o rendimento dos t\u00edtulos do governo japon\u00eas de 10 anos foi mantido em 0,5% e as taxas de juros de curto prazo continuam em -0,1%&quot;, apesar de uma infla\u00e7\u00e3o mais forte que o esperado, destaca a equipe de an\u00e1lise do BTG Pactual. <\/p>\n<p> Ainda no continente asi\u00e1tico, a <a class href=\"https:\/\/g1.globo.com\/tudo-sobre\/china\/\">China<\/a> cortou algumas de suas principais taxas de juros no dia anterior, como forma de tentar estimular a atividade na segunda maior economia do mundo, que vem desacelerando. O governo chin\u00eas deve anunciar, em breve, novos est\u00edmulos econ\u00f4micos. <\/p>\n<p>      <a href=\"https:\/\/g1.globo.com\/economia\/stories\/2021\/02\/22\/o-que-e-e-como-funciona-o-day-trade.ghtml\">Webstories<\/a>         <\/p>\n<ul>\n<li> <a href=\"https:\/\/g1.globo.com\/tudo-sobre\/bmf-bovespa\/\" class=\"entities__list-itemLink\" data-track-click=\"B3\"> B3 <\/a> <\/li>\n<li> <a href=\"https:\/\/g1.globo.com\/tudo-sobre\/banco-do-brasil\/\" class=\"entities__list-itemLink\" data-track-click=\"Banco do Brasil\"> Banco do Brasil <\/a> <\/li>\n<li> <a href=\"https:\/\/g1.globo.com\/tudo-sobre\/bradesco\/\" class=\"entities__list-itemLink\" data-track-click=\"Bradesco\"> Bradesco <\/a> <\/li>\n<li> <a href=\"https:\/\/g1.globo.com\/tudo-sobre\/china\/\" class=\"entities__list-itemLink\" data-track-click=\"China\"> China <\/a> <\/li>\n<li> <a href=\"https:\/\/g1.globo.com\/tudo-sobre\/estados-unidos\/\" class=\"entities__list-itemLink\" data-track-click=\"Estados Unidos\"> Estados Unidos <\/a> <\/li>\n<li> <a href=\"https:\/\/g1.globo.com\/tudo-sobre\/fed\/\" class=\"entities__list-itemLink\" data-track-click=\"FED\"> FED <\/a> <\/li>\n<li> <a href=\"https:\/\/g1.globo.com\/politica\/politico\/fernando-haddad\/\" class=\"entities__list-itemLink\" data-track-click=\"Fernando Haddad\"> Fernando Haddad <\/a> <\/li>\n<li> <a href=\"https:\/\/g1.globo.com\/politica\/politico\/gleisi-hoffmann\/\" class=\"entities__list-itemLink\" data-track-click=\"Gleisi Hoffmann\"> Gleisi Hoffmann <\/a> <\/li>\n<li> <a href=\"https:\/\/g1.globo.com\/tudo-sobre\/ibge\/\" class=\"entities__list-itemLink\" data-track-click=\"IBGE\"> IBGE <\/a> <\/li>\n<li> <a href=\"https:\/\/g1.globo.com\/tudo-sobre\/ibovespa\/\" class=\"entities__list-itemLink\" data-track-click=\"Ibovespa\"> Ibovespa <\/a> <\/li>\n<li> <a href=\"https:\/\/g1.globo.com\/tudo-sobre\/itau-unibanco\/\" class=\"entities__list-itemLink\" data-track-click=\"Ita\u00fa\"> Ita\u00fa <\/a> <\/li>\n<li> <a href=\"https:\/\/g1.globo.com\/tudo-sobre\/joe-biden\/\" class=\"entities__list-itemLink\" data-track-click=\"Joe Biden\"> Joe Biden <\/a> <\/li>\n<li> <a href=\"https:\/\/g1.globo.com\/politica\/politico\/lula\/\" class=\"entities__list-itemLink\" data-track-click=\"Lula\"> Lula <\/a> <\/li>\n<li> <a href=\"https:\/\/g1.globo.com\/tudo-sobre\/petrobras\/\" class=\"entities__list-itemLink\" data-track-click=\"Petrobras\"> Petrobras <\/a> <\/li>\n<li> <a href=\"https:\/\/g1.globo.com\/politica\/politico\/simone-tebet\/\" class=\"entities__list-itemLink\" data-track-click=\"Simone Tebet\"> Simone Tebet <\/a> <\/li>\n<li> <a href=\"https:\/\/g1.globo.com\/tudo-sobre\/vale\/\" class=\"entities__list-itemLink\" data-track-click=\"Vale\"> Vale <\/a> <\/li>\n<\/ul>\n","protected":false},"excerpt":{"rendered":"<p>1 de 1&#013;Ibovespa \u2014 Foto: Burak The Weekender\/Pexels Ibovespa \u2014 Foto: Burak The Weekender\/Pexels O Ibovespa, principal \u00edndice da bolsa de valores de S\u00e3o Paulo, a B3, abriu em leve baixa nesta sexta-feira (16), em um movimento de corre\u00e7\u00e3o das \u00faltimas altas e com a pol\u00edtica monet\u00e1ria do Brasil e do exterior no radar dos [&hellip;]<\/p>\n","protected":false},"author":1,"featured_media":0,"comment_status":"closed","ping_status":"closed","sticky":false,"template":"","format":"standard","meta":{"footnotes":""},"categories":[],"tags":[],"class_list":["post-49377","post","type-post","status-publish","format-standard","hentry"],"_links":{"self":[{"href":"https:\/\/blog.corretoraideal.com.br\/index.php\/wp-json\/wp\/v2\/posts\/49377","targetHints":{"allow":["GET"]}}],"collection":[{"href":"https:\/\/blog.corretoraideal.com.br\/index.php\/wp-json\/wp\/v2\/posts"}],"about":[{"href":"https:\/\/blog.corretoraideal.com.br\/index.php\/wp-json\/wp\/v2\/types\/post"}],"author":[{"embeddable":true,"href":"https:\/\/blog.corretoraideal.com.br\/index.php\/wp-json\/wp\/v2\/users\/1"}],"replies":[{"embeddable":true,"href":"https:\/\/blog.corretoraideal.com.br\/index.php\/wp-json\/wp\/v2\/comments?post=49377"}],"version-history":[{"count":1,"href":"https:\/\/blog.corretoraideal.com.br\/index.php\/wp-json\/wp\/v2\/posts\/49377\/revisions"}],"predecessor-version":[{"id":49379,"href":"https:\/\/blog.corretoraideal.com.br\/index.php\/wp-json\/wp\/v2\/posts\/49377\/revisions\/49379"}],"wp:attachment":[{"href":"https:\/\/blog.corretoraideal.com.br\/index.php\/wp-json\/wp\/v2\/media?parent=49377"}],"wp:term":[{"taxonomy":"category","embeddable":true,"href":"https:\/\/blog.corretoraideal.com.br\/index.php\/wp-json\/wp\/v2\/categories?post=49377"},{"taxonomy":"post_tag","embeddable":true,"href":"https:\/\/blog.corretoraideal.com.br\/index.php\/wp-json\/wp\/v2\/tags?post=49377"}],"curies":[{"name":"wp","href":"https:\/\/api.w.org\/{rel}","templated":true}]}}