{"id":49384,"date":"2023-06-16T16:29:42","date_gmt":"2023-06-16T16:29:42","guid":{"rendered":"https:\/\/blog.corretoraideal.com.br\/?p=49384"},"modified":"2023-06-16T16:29:42","modified_gmt":"2023-06-16T16:29:42","slug":"firjan-abre-inscricoes-para-cursos-de-tecnologia-da-informacao-em-cidades-do-rj-sao-mil-vagas-regiao-serrana-g1","status":"publish","type":"post","link":"https:\/\/blog.corretoraideal.com.br\/index.php\/2023\/06\/16\/firjan-abre-inscricoes-para-cursos-de-tecnologia-da-informacao-em-cidades-do-rj-sao-mil-vagas-regiao-serrana-g1\/","title":{"rendered":"Firjan abre inscri\u00e7\u00f5es para cursos de Tecnologia da Informa\u00e7\u00e3o em cidades do RJ; s\u00e3o mil vagas | Regi\u00e3o Serrana | G1"},"content":{"rendered":"<p>      1 de 1&#013;Cursos na \u00e1rea de TI s\u00e3o oferecidos pela Firjan\/Senai em diversas cidades do estado do Rio \u2014 Foto: FIRJAN\/Divulga\u00e7\u00e3o    <\/p>\n<p> Cursos na \u00e1rea de TI s\u00e3o oferecidos pela Firjan\/Senai em diversas cidades do estado do Rio \u2014 Foto: FIRJAN\/Divulga\u00e7\u00e3o <\/p>\n<p> V\u00e3o at\u00e9 segunda-feira (19), as inscri\u00e7\u00f5es para o preenchimento de 1 mil vagas gratuitas destinadas a pessoas de baixa renda para cursos de qualifica\u00e7\u00e3o profissional, em formato presencial, e um curso livre de educa\u00e7\u00e3o continuada, em modalidade on-line. <\/p>\n<p> Do total de oportunidades, 360 vagas est\u00e3o distribu\u00eddas entre as cidades de <a class href=\"https:\/\/g1.globo.com\/rj\/regiao-serrana\/cidade\/petropolis\/\">Petr\u00f3polis<\/a> e <a class href=\"https:\/\/g1.globo.com\/rj\/regiao-serrana\/cidade\/nova-friburgo\/\">Nova Friburgo<\/a>, na Regi\u00e3o Serrana do Rio; Tr\u00eas Rio, no Centro Sul Fluminense; e <a class href=\"https:\/\/g1.globo.com\/rj\/regiao-dos-lagos\/cidade\/macae\/\">Maca\u00e9<\/a>, no Norte Fluminense. <\/p>\n<p> S\u00e3o tr\u00eas cursos para pessoas de baixa renda: Administrador de Banco de Dados, Programador Front-End e Programador Back-End. <\/p>\n<p> <strong>Veja como as 360 vagas est\u00e3o distribu\u00eddas entre as quatro cidades: <\/strong> <\/p>\n<ul>\n<li>Nova Friburgo (60 vagas). Curso: Programador Back-End;<\/li>\n<li>Petr\u00f3polis (60 vagas). Curso: Programador Back-End;<\/li>\n<li>Tr\u00eas Rios (120 vagas). Curso: Programador Front-End\u201d e \u201cAdministrador de Banco de Dados\u201d (60 vagas cada);<\/li>\n<li>Maca\u00e9 (120 vagas). Curso: Programador Front-End\u201d e \u201cAdministrador de Banco de Dados\u201d (60 vagas cada).<\/li>\n<\/ul>\n<p> Tamb\u00e9m h\u00e1 vagas para outras cidades do estado do Rio, conforme pode ser conferido no edital, no link: <a class href=\"https:\/\/www.firjansenaisesi.com.br\/web\/app\/Edu\/PortalProcessoSeletivo\/?c=3&amp;f=262&amp;ct=121&amp;ps=285#\/es\/informacoes\" target=\"_blank\" rel=\"noopener noreferrer\">https:\/\/www.firjansenaisesi.com.br\/web\/app\/Edu\/PortalProcessoSeletivo\/?c=3&amp;f=262&amp;ct=121&amp;ps=285#\/es\/informacoes<\/a> <\/p>\n<p> O edital foi aberto pela Firjan SENAI SESI e os candidatos devem ter no m\u00ednimo 16 anos e terem cursado o ensino fundamental completo. No texto tamb\u00e9m est\u00e3o outros crit\u00e9rios para participa\u00e7\u00e3o. <\/p>\n<p> <strong>Front-End e Back-End<\/strong> <\/p>\n<p> As linguagens Front-End lidam com as interfaces, ou seja, as partes de uma p\u00e1gina com as quais o usu\u00e1rio pode interagir e executar a\u00e7\u00f5es, enquanto a Back-End \u00e9 o c\u00f3digo que conecta a internet com o banco de dados, gerencia as conex\u00f5es dos usu\u00e1rios e alimenta a aplica\u00e7\u00e3o web. <\/p>\n<p> Ap\u00f3s a divulga\u00e7\u00e3o da lista de candidatos classificados, as matr\u00edculas ser\u00e3o realizadas presencialmente nas escolas. <\/p>\n<p> O in\u00edcio das aulas ser\u00e1 no dia 26 de junho. O programa tem como parceiro o Sindicato da Ind\u00fastria Eletr\u00f4nica, de Inform\u00e1tica, de Telecomunica\u00e7\u00f5es de Produ\u00e7\u00e3o de Software, de Produ\u00e7\u00e3o de Hardware, de Produ\u00e7\u00e3o de Produtos Eletroeletr\u00f4nicos e Componentes no Estado do Rio de Janeiro (Sinditec). <\/p>\n<p> O objetivo \u00e9 mobilizar o setor para fomentar as empresas do segmento a disponibilizar vagas para est\u00e1gio com os alunos dos cursos. <\/p>\n<ul>\n<li> <a href=\"https:\/\/g1.globo.com\/rj\/regiao-dos-lagos\/cidade\/macae\/\" class=\"entities__list-itemLink\" data-track-click=\"Maca\u00e9\"> Maca\u00e9 <\/a> <\/li>\n<li> <a href=\"https:\/\/g1.globo.com\/rj\/regiao-serrana\/cidade\/nova-friburgo\/\" class=\"entities__list-itemLink\" data-track-click=\"Nova Friburgo\"> Nova Friburgo <\/a> <\/li>\n<li> <a href=\"https:\/\/g1.globo.com\/rj\/regiao-serrana\/cidade\/petropolis\/\" class=\"entities__list-itemLink\" data-track-click=\"Petr\u00f3polis\"> Petr\u00f3polis <\/a> <\/li>\n<\/ul>\n","protected":false},"excerpt":{"rendered":"<p>1 de 1&#013;Cursos na \u00e1rea de TI s\u00e3o oferecidos pela Firjan\/Senai em diversas cidades do estado do Rio \u2014 Foto: FIRJAN\/Divulga\u00e7\u00e3o Cursos na \u00e1rea de TI s\u00e3o oferecidos pela Firjan\/Senai em diversas cidades do estado do Rio \u2014 Foto: FIRJAN\/Divulga\u00e7\u00e3o V\u00e3o at\u00e9 segunda-feira (19), as inscri\u00e7\u00f5es para o preenchimento de 1 mil vagas gratuitas destinadas [&hellip;]<\/p>\n","protected":false},"author":1,"featured_media":0,"comment_status":"closed","ping_status":"closed","sticky":false,"template":"","format":"standard","meta":{"footnotes":""},"categories":[],"tags":[],"class_list":["post-49384","post","type-post","status-publish","format-standard","hentry"],"_links":{"self":[{"href":"https:\/\/blog.corretoraideal.com.br\/index.php\/wp-json\/wp\/v2\/posts\/49384","targetHints":{"allow":["GET"]}}],"collection":[{"href":"https:\/\/blog.corretoraideal.com.br\/index.php\/wp-json\/wp\/v2\/posts"}],"about":[{"href":"https:\/\/blog.corretoraideal.com.br\/index.php\/wp-json\/wp\/v2\/types\/post"}],"author":[{"embeddable":true,"href":"https:\/\/blog.corretoraideal.com.br\/index.php\/wp-json\/wp\/v2\/users\/1"}],"replies":[{"embeddable":true,"href":"https:\/\/blog.corretoraideal.com.br\/index.php\/wp-json\/wp\/v2\/comments?post=49384"}],"version-history":[{"count":1,"href":"https:\/\/blog.corretoraideal.com.br\/index.php\/wp-json\/wp\/v2\/posts\/49384\/revisions"}],"predecessor-version":[{"id":49386,"href":"https:\/\/blog.corretoraideal.com.br\/index.php\/wp-json\/wp\/v2\/posts\/49384\/revisions\/49386"}],"wp:attachment":[{"href":"https:\/\/blog.corretoraideal.com.br\/index.php\/wp-json\/wp\/v2\/media?parent=49384"}],"wp:term":[{"taxonomy":"category","embeddable":true,"href":"https:\/\/blog.corretoraideal.com.br\/index.php\/wp-json\/wp\/v2\/categories?post=49384"},{"taxonomy":"post_tag","embeddable":true,"href":"https:\/\/blog.corretoraideal.com.br\/index.php\/wp-json\/wp\/v2\/tags?post=49384"}],"curies":[{"name":"wp","href":"https:\/\/api.w.org\/{rel}","templated":true}]}}