{"id":49387,"date":"2023-06-16T18:30:08","date_gmt":"2023-06-16T18:30:08","guid":{"rendered":"https:\/\/blog.corretoraideal.com.br\/?p=49387"},"modified":"2023-06-16T18:30:08","modified_gmt":"2023-06-16T18:30:08","slug":"carro-zero-com-desconto-veja-os-valores-de-todos-os-modelos-na-lista-do-governo-economia-g1","status":"publish","type":"post","link":"https:\/\/blog.corretoraideal.com.br\/index.php\/2023\/06\/16\/carro-zero-com-desconto-veja-os-valores-de-todos-os-modelos-na-lista-do-governo-economia-g1\/","title":{"rendered":"Carro zero com desconto: veja os valores de todos os modelos na lista do governo | Economia | G1"},"content":{"rendered":"<p>      1 de 1&#013; \u2014 Foto: Carango    <\/p>\n<p> \u2014 Foto: Carango <\/p>\n<p> O Minist\u00e9rio do Desenvolvimento, Ind\u00fastria, Com\u00e9rcio e Servi\u00e7os (MDIC) divulgou nesta semana a lista de montadoras que participam do programa de subs\u00eddios de autom\u00f3veis, e tamb\u00e9m os modelos contemplados com descontos. <\/p>\n<p> Nove montadoras aderiam ao programa <a class href=\"https:\/\/g1.globo.com\/economia\/noticia\/2023\/06\/05\/alckmin-anuncia-programa-para-barateamento-do-carro-popular.ghtml\">lan\u00e7ado pelo governo federal na semana passada. <\/a>S\u00e3o elas: Renault, Volks, Toyota, Hyundai, Nissan, Honda, GM, Fiat e Peugeot. <\/p>\n<p> Com a lista divulgada pelo governo, o <a class href=\"https:\/\/g1.globo.com\/\"><strong>g1<\/strong><\/a><strong> <\/strong>levantou os novos pre\u00e7os de todos os modelos, j\u00e1 com os descontos prometidos pelas montadoras.  <\/p>\n<p> A reportagem identificou repeti\u00e7\u00f5es de modelos a algumas inconsist\u00eancias na lista divulgada pelo Mdic. Questionado sobre as quest\u00f5es e o motivo de a lista conter carros que ultrapassam de R$ 120 mil, valor m\u00e1ximo estipulado pela medida provis\u00f3ria, o minist\u00e9rio diz que os modelos que constam na tabela foram enviados pelas montadoras e erros ser\u00e3o retirados posteriormente. <\/p>\n<p><h2>Veja todos os modelos e o valor dos descontos<\/h2>\n<\/p>\n<p><h2>O programa<\/h2>\n<\/p>\n<p> O desconto varia de R$ 2 mil a at\u00e9 R$ 8 mil no pre\u00e7o dos ve\u00edculos de at\u00e9 R$ 120 mil. No total, o governo reservou R$ 1,5 bilh\u00e3o para o programa. Ser\u00e3o distribu\u00eddos assim: <\/p>\n<ul>\n<li>R$ 500 milh\u00f5es para autom\u00f3veis<\/li>\n<li>R$ 700 milh\u00f5es para caminh\u00f5es<\/li>\n<li>R$ 300 milh\u00f5es para vans e \u00f4nibus<\/li>\n<\/ul>\n<p> Quando atingir o R$ 1,5 bilh\u00e3o, o programa ser\u00e1 encerrado. <\/p>\n<p> As vendas de carros com desconto ser\u00e3o exclusivas para pessoas f\u00edsicas nos primeiros 15 dias, prazo que pode ser prorrogado por at\u00e9 60 dias, a depender da resposta do mercado. Depois disso, as empresas tamb\u00e9m poder\u00e3o se beneficiar do programa. <\/p>\n<p> As empresas do setor que aplicarem o desconto na venda ao consumidor receber\u00e3o um cr\u00e9dito tribut\u00e1rio. <\/p>\n<p> Nesta ter\u00e7a-feira, o presidente Luiz In\u00e1cio Lula da Silva (PT) citou estimativa da Associa\u00e7\u00e3o Nacional dos Fabricantes de Ve\u00edculos Automotores (Anfavea) de que o programa com desconto para compras de carros novos <a class href=\"https:\/\/g1.globo.com\/economia\/noticia\/2023\/06\/13\/lula-diz-que-programa-de-desconto-para-compras-de-carros-pode-durar-so-um-mes.ghtml\">pode durar apenas um m\u00eas.<\/a> <\/p>\n<p>&quot;Ent\u00e3o veja, reduzimos um pouco o pre\u00e7o do carro. Voc\u00ea viu, eu estava vendo uma not\u00edcia hoje que, j\u00e1 vai durar um m\u00eas e vai acabar o programa&quot;, declarou o presidente, na ocasi\u00e3o.<\/p>\n<p> Na semana passada, a Associa\u00e7\u00e3o Nacional dos Fabricantes de Ve\u00edculos Automotores (Anfavea) estimou que cerca de 100 mil a 110 mil autom\u00f3veis e comerciais leves dever\u00e3o usufruir dos descontos, antes do esgotamento dos cr\u00e9ditos tribut\u00e1rios disponibilizados pelo Minist\u00e9rio da Fazenda. <\/p>\n<p> &quot;Isso dever\u00e1 ocorrer em pouco mais de um m\u00eas, ou seja, bem antes dos 4 meses de prazo estipulado pela MP 1175&quot;, informou a Anfavea, em nota. <\/p>\n<p> De acordo com o Minist\u00e9rio do Desenvolvimento, foram utilizados, at\u00e9 o momento, R$ 150 milh\u00f5es em cr\u00e9ditos pelas montadoras, o que representa 30% do teto de R$ 500 milh\u00f5es que poder\u00e3o ser usados pelas empresas como cr\u00e9dito tribut\u00e1rio para venda de carros mais baratos. <\/p>\n<ul> <\/ul>\n","protected":false},"excerpt":{"rendered":"<p>1 de 1&#013; \u2014 Foto: Carango \u2014 Foto: Carango O Minist\u00e9rio do Desenvolvimento, Ind\u00fastria, Com\u00e9rcio e Servi\u00e7os (MDIC) divulgou nesta semana a lista de montadoras que participam do programa de subs\u00eddios de autom\u00f3veis, e tamb\u00e9m os modelos contemplados com descontos. Nove montadoras aderiam ao programa lan\u00e7ado pelo governo federal na semana passada. S\u00e3o elas: Renault, [&hellip;]<\/p>\n","protected":false},"author":1,"featured_media":0,"comment_status":"closed","ping_status":"closed","sticky":false,"template":"","format":"standard","meta":{"footnotes":""},"categories":[],"tags":[],"class_list":["post-49387","post","type-post","status-publish","format-standard","hentry"],"_links":{"self":[{"href":"https:\/\/blog.corretoraideal.com.br\/index.php\/wp-json\/wp\/v2\/posts\/49387","targetHints":{"allow":["GET"]}}],"collection":[{"href":"https:\/\/blog.corretoraideal.com.br\/index.php\/wp-json\/wp\/v2\/posts"}],"about":[{"href":"https:\/\/blog.corretoraideal.com.br\/index.php\/wp-json\/wp\/v2\/types\/post"}],"author":[{"embeddable":true,"href":"https:\/\/blog.corretoraideal.com.br\/index.php\/wp-json\/wp\/v2\/users\/1"}],"replies":[{"embeddable":true,"href":"https:\/\/blog.corretoraideal.com.br\/index.php\/wp-json\/wp\/v2\/comments?post=49387"}],"version-history":[{"count":1,"href":"https:\/\/blog.corretoraideal.com.br\/index.php\/wp-json\/wp\/v2\/posts\/49387\/revisions"}],"predecessor-version":[{"id":49389,"href":"https:\/\/blog.corretoraideal.com.br\/index.php\/wp-json\/wp\/v2\/posts\/49387\/revisions\/49389"}],"wp:attachment":[{"href":"https:\/\/blog.corretoraideal.com.br\/index.php\/wp-json\/wp\/v2\/media?parent=49387"}],"wp:term":[{"taxonomy":"category","embeddable":true,"href":"https:\/\/blog.corretoraideal.com.br\/index.php\/wp-json\/wp\/v2\/categories?post=49387"},{"taxonomy":"post_tag","embeddable":true,"href":"https:\/\/blog.corretoraideal.com.br\/index.php\/wp-json\/wp\/v2\/tags?post=49387"}],"curies":[{"name":"wp","href":"https:\/\/api.w.org\/{rel}","templated":true}]}}