{"id":49393,"date":"2023-06-16T21:29:53","date_gmt":"2023-06-16T21:29:53","guid":{"rendered":"https:\/\/blog.corretoraideal.com.br\/?p=49393"},"modified":"2023-06-16T21:29:53","modified_gmt":"2023-06-16T21:29:53","slug":"suspeito-de-dupla-tentativa-de-homicidio-e-preso-em-carapebus-no-rj-norte-fluminense-g1","status":"publish","type":"post","link":"https:\/\/blog.corretoraideal.com.br\/index.php\/2023\/06\/16\/suspeito-de-dupla-tentativa-de-homicidio-e-preso-em-carapebus-no-rj-norte-fluminense-g1\/","title":{"rendered":"Suspeito de dupla tentativa de homic\u00eddio \u00e9 preso em Carapebus, no RJ | Norte Fluminense | G1"},"content":{"rendered":"\n<p> Um homem de 21 anos apontado pela pol\u00edcia como autor de uma dupla tentativa de homic\u00eddio em <a class href=\"https:\/\/g1.globo.com\/rj\/regiao-dos-lagos\/cidade\/carapebus\/\">Carapebus<\/a>, no Norte Fluminense, foi preso nesta sexta-feira (16) em cumprimento a um mandado de pris\u00e3o pelos crimes de tentativa de duplo homic\u00eddio, tr\u00e1fico de drogas e associa\u00e7\u00e3o para o tr\u00e1fico. <\/p>\n<p> Segundo a pol\u00edcia, a pris\u00e3o aconteceu por volta das 6h30, na casa do suspeito, no bairro Botafoguinho, em Carapebus. O crime aconteceu no dia 2 de julho de 2022, no bairro Vila Paulina, no mesmo munic\u00edpio. <\/p>\n<p> De acordo com as investiga\u00e7\u00f5es, na \u00e9poca, o suspeito e um comparsa emboscaram as v\u00edtimas na rua, obrigando a se ajoelhar, e atiraram contra as v\u00edtimas. <\/p>\n<p> As v\u00edtimas, dois homens, conseguiram fugir mesmo ap\u00f3s serem atingidos pelos disparos, sobrevivendo ao ataque. A pris\u00e3o do homem foi resultado de um trabalho de intelig\u00eancia da 123\u00aa DP, com o apoio de policiais militares do 32\u00ba Batalh\u00e3o de Pol\u00edcia Militar e da Guarda Municipal de Carapebus. <\/p>\n<p> Durante a opera\u00e7\u00e3o para a pris\u00e3o, foram encontradas 40 muni\u00e7\u00f5es calibre 38 em posse do suspeito. Ele tamb\u00e9m foi autuado em flagrante pelo crime de posse ilegal de arma de fogo de uso permitido. Posteriormente, o indiv\u00edduo foi encaminhado para uma unidade prisional, onde permanecer\u00e1 \u00e0 disposi\u00e7\u00e3o da Justi\u00e7a. <\/p>\n<ul>\n<li> <a href=\"https:\/\/g1.globo.com\/rj\/regiao-dos-lagos\/cidade\/carapebus\/\" class=\"entities__list-itemLink\" data-track-click=\"Carapebus\"> Carapebus <\/a> <\/li>\n<\/ul>\n","protected":false},"excerpt":{"rendered":"<p>Um homem de 21 anos apontado pela pol\u00edcia como autor de uma dupla tentativa de homic\u00eddio em Carapebus, no Norte Fluminense, foi preso nesta sexta-feira (16) em cumprimento a um mandado de pris\u00e3o pelos crimes de tentativa de duplo homic\u00eddio, tr\u00e1fico de drogas e associa\u00e7\u00e3o para o tr\u00e1fico. Segundo a pol\u00edcia, a pris\u00e3o aconteceu por [&hellip;]<\/p>\n","protected":false},"author":1,"featured_media":0,"comment_status":"closed","ping_status":"closed","sticky":false,"template":"","format":"standard","meta":{"footnotes":""},"categories":[],"tags":[],"class_list":["post-49393","post","type-post","status-publish","format-standard","hentry"],"_links":{"self":[{"href":"https:\/\/blog.corretoraideal.com.br\/index.php\/wp-json\/wp\/v2\/posts\/49393","targetHints":{"allow":["GET"]}}],"collection":[{"href":"https:\/\/blog.corretoraideal.com.br\/index.php\/wp-json\/wp\/v2\/posts"}],"about":[{"href":"https:\/\/blog.corretoraideal.com.br\/index.php\/wp-json\/wp\/v2\/types\/post"}],"author":[{"embeddable":true,"href":"https:\/\/blog.corretoraideal.com.br\/index.php\/wp-json\/wp\/v2\/users\/1"}],"replies":[{"embeddable":true,"href":"https:\/\/blog.corretoraideal.com.br\/index.php\/wp-json\/wp\/v2\/comments?post=49393"}],"version-history":[{"count":1,"href":"https:\/\/blog.corretoraideal.com.br\/index.php\/wp-json\/wp\/v2\/posts\/49393\/revisions"}],"predecessor-version":[{"id":49395,"href":"https:\/\/blog.corretoraideal.com.br\/index.php\/wp-json\/wp\/v2\/posts\/49393\/revisions\/49395"}],"wp:attachment":[{"href":"https:\/\/blog.corretoraideal.com.br\/index.php\/wp-json\/wp\/v2\/media?parent=49393"}],"wp:term":[{"taxonomy":"category","embeddable":true,"href":"https:\/\/blog.corretoraideal.com.br\/index.php\/wp-json\/wp\/v2\/categories?post=49393"},{"taxonomy":"post_tag","embeddable":true,"href":"https:\/\/blog.corretoraideal.com.br\/index.php\/wp-json\/wp\/v2\/tags?post=49393"}],"curies":[{"name":"wp","href":"https:\/\/api.w.org\/{rel}","templated":true}]}}