{"id":49399,"date":"2023-06-17T00:30:53","date_gmt":"2023-06-17T00:30:53","guid":{"rendered":"https:\/\/blog.corretoraideal.com.br\/?p=49399"},"modified":"2023-06-17T00:30:53","modified_gmt":"2023-06-17T00:30:53","slug":"usuarios-relatam-instabilidade-no-whatsapp-instagram-e-facebook-nesta-sexta-tecnologia-g1","status":"publish","type":"post","link":"https:\/\/blog.corretoraideal.com.br\/index.php\/2023\/06\/17\/usuarios-relatam-instabilidade-no-whatsapp-instagram-e-facebook-nesta-sexta-tecnologia-g1\/","title":{"rendered":"Usu\u00e1rios relatam instabilidade no WhatsApp, Instagram e Facebook nesta sexta | Tecnologia | G1"},"content":{"rendered":"<p>      1 de 8&#013;Celular com aplicativos de redes sociais \u2014 Foto: PA Media    <\/p>\n<p> Celular com aplicativos de redes sociais \u2014 Foto: PA Media <\/p>\n<p> Usu\u00e1rios relataram instabilidade no <a class href=\"https:\/\/g1.globo.com\/tudo-sobre\/whatsapp\/\">WhatsApp<\/a>, <a class href=\"https:\/\/g1.globo.com\/tudo-sobre\/instagram\/\">Instagram<\/a> e <a class href=\"https:\/\/g1.globo.com\/tudo-sobre\/facebook\/\">Facebook<\/a> na tarde desta sexta-feira (16) e enfrentaram dificuldades para enviar \u00e1udios nos tr\u00eas aplicativos. <\/p>\n<p> Al\u00e9m disso, no WhatsApp, usu\u00e1rios afirmam s\u00f3 conseguir enviar textos, ocorrendo falha no caso de imagens, v\u00eddeos e figurinhas. <\/p>\n<p> No Facebook, usu\u00e1rios tamb\u00e9m relatam haver falhas na exibi\u00e7\u00e3o de imagens, tanto de foto, como de v\u00eddeos. J\u00e1 no Instagram, o principal problema seria na publica\u00e7\u00e3o de stories. <\/p>\n<p> Procurada pelo<a class href=\"https:\/\/g1.globo.com\/\"> <strong>g1<\/strong><\/a>, a <a class href=\"https:\/\/g1.globo.com\/tudo-sobre\/meta\/\">Meta<\/a>, dona das tr\u00eas redes sociais, afirmou que est\u00e1 ciente de que algumas pessoas est\u00e3o tendo problemas para acessar as plataformas. <\/p>\n<p> &quot;Estamos trabalhando para que tudo volte ao normal o mais r\u00e1pido poss\u00edvel e pedimos desculpas por qualquer inconveniente&quot;, disse a empresa, em nota. <\/p>\n<p> Os tr\u00eas servi\u00e7os tiveram relatos de instabilidade no Downdetector, que re\u00fane notifica\u00e7\u00f5es sobre falhas em aplicativos. No site, as notifica\u00e7\u00f5es tiveram um pico por volta de 16h30 e voltaram ao normal \u00e0s 17h40. <\/p>\n<p> A p\u00e1gina registrou um pico de 10 mil queixas sobre o WhatsApp. Parte dos usu\u00e1rios enfrentavam dificuldades no envio de mensagens e de \u00e1udios <\/p>\n<p>         2 de 8&#013;Usu\u00e1rios relatam instabilidade no WhatsApp \u2014 Foto: Downdetector\/ reprodu\u00e7\u00e3o    <\/p>\n<p> Usu\u00e1rios relatam instabilidade no WhatsApp \u2014 Foto: Downdetector\/ reprodu\u00e7\u00e3o <\/p>\n<p> Em rela\u00e7\u00e3o ao Instagram, eram mais de 1.800 notifica\u00e7\u00f5es de problemas, especialmente sobre o aplicativo, sendo que as recla\u00e7\u00f5es envolviam as dificuldades para postar na rede social. <\/p>\n<p>         3 de 8&#013;Usu\u00e1rios relatam instabilidade no Instagram nesta sexta-feira (16). \u2014 Foto: Downdetector \/ reprodu\u00e7\u00e3o    <\/p>\n<p> Usu\u00e1rios relatam instabilidade no Instagram nesta sexta-feira (16). \u2014 Foto: Downdetector \/ reprodu\u00e7\u00e3o <\/p>\n<p> Sobre o Facebook, houve pico de cerca de 500 relatos, sendo que a maioria apontava problemas na vers\u00e3o da rede social para navegador. <\/p>\n<p>         4 de 8&#013;Usu\u00e1rios relatam instabilidade no Facebook nesta sexta-feira \u2014 Foto: Downdetector \/ reprodu\u00e7\u00e3o    <\/p>\n<p> Usu\u00e1rios relatam instabilidade no Facebook nesta sexta-feira \u2014 Foto: Downdetector \/ reprodu\u00e7\u00e3o <\/p>\n<p> <strong>Leia tamb\u00e9m: <\/strong> <\/p>\n<ul>\n<li><strong>Como funcionam as alternativas ao WhatsApp:<\/strong><a class href=\"https:\/\/g1.globo.com\/tecnologia\/noticia\/2021\/10\/04\/whatsapp-fora-do-ar-como-funcionam-as-alternativas-sms-telegram-signal-twitter-e-discord.ghtml\"> SMS, Telegram, Signal, Twitter e Discord<\/a><\/li>\n<li><a class href=\"https:\/\/g1.globo.com\/tecnologia\/noticia\/2023\/06\/16\/como-funciona-o-alerta-do-android-que-notificou-tremor-de-terra-em-sao-paulo.ghtml\">Como funciona a tecnologia do celular que notificou tremor de terra em S\u00e3o Paulo<\/a><\/li>\n<li><a class href=\"https:\/\/g1.globo.com\/inovacao\/noticia\/2023\/06\/16\/o-que-se-sabe-sobre-1o-voo-comercial-da-virgin-galactic-ao-espaco.ghtml\">O que se sabe sobre 1\u00ba voo comercial da Virgin Galactic ao espa\u00e7o, marcado para este m\u00eas<\/a><\/li>\n<\/ul>\n<p><h2>Veja o que os usu\u00e1rios falaram sobre a falha nas redes<\/h2>\n<\/p>\n<p>         5 de 8&#013;Usu\u00e1rios reclamaram da dificuldade para enviar \u00e1udios pelo WhatsApp \u2014 Foto: Twitter\/Reprodu\u00e7\u00e3o    <\/p>\n<p> Usu\u00e1rios reclamaram da dificuldade para enviar \u00e1udios pelo WhatsApp \u2014 Foto: Twitter\/Reprodu\u00e7\u00e3o <\/p>\n<p>         6 de 8&#013;Moradores usaram o Twitter para reclamar da instabilidade no WhatsApp \u2014 Foto: Twitter\/Reprodu\u00e7\u00e3o    <\/p>\n<p> Moradores usaram o Twitter para reclamar da instabilidade no WhatsApp \u2014 Foto: Twitter\/Reprodu\u00e7\u00e3o <\/p>\n<p>         7 de 8&#013;Usu\u00e1ria no Twitter reclama da queda do WhatsApp \u2014 Foto: Reprodu\u00e7\u00e3o\/Twitter    <\/p>\n<p> Usu\u00e1ria no Twitter reclama da queda do WhatsApp \u2014 Foto: Reprodu\u00e7\u00e3o\/Twitter <\/p>\n<p>         8 de 8&#013;Usu\u00e1rios compartilharam memes ap\u00f3s instabilidade do WhatsApp \u2014 Foto: Twitter\/Reprodu\u00e7\u00e3o    <\/p>\n<p> Usu\u00e1rios compartilharam memes ap\u00f3s instabilidade do WhatsApp \u2014 Foto: Twitter\/Reprodu\u00e7\u00e3o <\/p>\n<ul>\n<li> <a href=\"https:\/\/g1.globo.com\/tudo-sobre\/facebook\/\" class=\"entities__list-itemLink\" data-track-click=\"Facebook\"> Facebook <\/a> <\/li>\n<li> <a href=\"https:\/\/g1.globo.com\/tudo-sobre\/instagram\/\" class=\"entities__list-itemLink\" data-track-click=\"Instagram\"> Instagram <\/a> <\/li>\n<li> <a href=\"https:\/\/g1.globo.com\/tudo-sobre\/meta\/\" class=\"entities__list-itemLink\" data-track-click=\"Meta\"> Meta <\/a> <\/li>\n<li> <a href=\"https:\/\/g1.globo.com\/tudo-sobre\/whatsapp\/\" class=\"entities__list-itemLink\" data-track-click=\"WhatsApp\"> WhatsApp <\/a> <\/li>\n<\/ul>\n","protected":false},"excerpt":{"rendered":"<p>1 de 8&#013;Celular com aplicativos de redes sociais \u2014 Foto: PA Media Celular com aplicativos de redes sociais \u2014 Foto: PA Media Usu\u00e1rios relataram instabilidade no WhatsApp, Instagram e Facebook na tarde desta sexta-feira (16) e enfrentaram dificuldades para enviar \u00e1udios nos tr\u00eas aplicativos. Al\u00e9m disso, no WhatsApp, usu\u00e1rios afirmam s\u00f3 conseguir enviar textos, ocorrendo [&hellip;]<\/p>\n","protected":false},"author":1,"featured_media":0,"comment_status":"closed","ping_status":"closed","sticky":false,"template":"","format":"standard","meta":{"footnotes":""},"categories":[],"tags":[],"class_list":["post-49399","post","type-post","status-publish","format-standard","hentry"],"_links":{"self":[{"href":"https:\/\/blog.corretoraideal.com.br\/index.php\/wp-json\/wp\/v2\/posts\/49399","targetHints":{"allow":["GET"]}}],"collection":[{"href":"https:\/\/blog.corretoraideal.com.br\/index.php\/wp-json\/wp\/v2\/posts"}],"about":[{"href":"https:\/\/blog.corretoraideal.com.br\/index.php\/wp-json\/wp\/v2\/types\/post"}],"author":[{"embeddable":true,"href":"https:\/\/blog.corretoraideal.com.br\/index.php\/wp-json\/wp\/v2\/users\/1"}],"replies":[{"embeddable":true,"href":"https:\/\/blog.corretoraideal.com.br\/index.php\/wp-json\/wp\/v2\/comments?post=49399"}],"version-history":[{"count":1,"href":"https:\/\/blog.corretoraideal.com.br\/index.php\/wp-json\/wp\/v2\/posts\/49399\/revisions"}],"predecessor-version":[{"id":49401,"href":"https:\/\/blog.corretoraideal.com.br\/index.php\/wp-json\/wp\/v2\/posts\/49399\/revisions\/49401"}],"wp:attachment":[{"href":"https:\/\/blog.corretoraideal.com.br\/index.php\/wp-json\/wp\/v2\/media?parent=49399"}],"wp:term":[{"taxonomy":"category","embeddable":true,"href":"https:\/\/blog.corretoraideal.com.br\/index.php\/wp-json\/wp\/v2\/categories?post=49399"},{"taxonomy":"post_tag","embeddable":true,"href":"https:\/\/blog.corretoraideal.com.br\/index.php\/wp-json\/wp\/v2\/tags?post=49399"}],"curies":[{"name":"wp","href":"https:\/\/api.w.org\/{rel}","templated":true}]}}