{"id":49402,"date":"2023-06-17T02:30:20","date_gmt":"2023-06-17T02:30:20","guid":{"rendered":"https:\/\/blog.corretoraideal.com.br\/?p=49402"},"modified":"2023-06-17T02:30:20","modified_gmt":"2023-06-17T02:30:20","slug":"macae-tem-a-tradicional-festa-de-glicerio-com-cavalgada-esporte-e-shows-norte-fluminense-g1","status":"publish","type":"post","link":"https:\/\/blog.corretoraideal.com.br\/index.php\/2023\/06\/17\/macae-tem-a-tradicional-festa-de-glicerio-com-cavalgada-esporte-e-shows-norte-fluminense-g1\/","title":{"rendered":"Maca\u00e9 tem a tradicional Festa de Glic\u00e9rio com cavalgada, esporte e shows | Norte Fluminense | G1"},"content":{"rendered":"<p>      1 de 1&#013;Na quinta-feira (16), programa\u00e7\u00e3o contou com show gospel de William Soares e Dj Pitch em Maca\u00e9 \u2014 Foto: Divulga\u00e7\u00e3o Prefeitura de Maca\u00e9    <\/p>\n<p> Na quinta-feira (16), programa\u00e7\u00e3o contou com show gospel de William Soares e Dj Pitch em Maca\u00e9 \u2014 Foto: Divulga\u00e7\u00e3o Prefeitura de Maca\u00e9 <\/p>\n<p> O fim de semana vai ser de muita m\u00fasica e anima\u00e7\u00e3o no distrito de Glic\u00e9rio, em <a class href=\"https:\/\/g1.globo.com\/rj\/regiao-dos-lagos\/cidade\/macae\/\">Maca\u00e9<\/a>, no Norte Fluminense. A tradicional Festa de Glic\u00e9rio est\u00e1 de volta, com programa\u00e7\u00e3o gratuita e variada, como shows, esportes, cavalgada e gastronomia t\u00edpica da localidade. <\/p>\n<p> O evento \u00e9 realizado pela Associa\u00e7\u00e3o de Moradores do Distrito de Glic\u00e9rio com apoio da Prefeitura. <\/p>\n<p> A festa come\u00e7ou na noite desta quinta-feira (15) com o show gospel de William Soares e Dj Pitch. <\/p>\n<p> Nesta sexta-feira (16), o DJ Surpresa abre o evento a partir das 18h. Em seguida, \u00e0s 20h, o Grupo Essencial promete agitar moradores e visitantes. A noite termina com a apresenta\u00e7\u00e3o do grupo regional de Bigu\u00e1. <\/p>\n<p> No s\u00e1bado (17), as atra\u00e7\u00f5es esportivas d\u00e3o o tom da festa, que come\u00e7a mais cedo. Veja a programa\u00e7\u00e3o: <\/p>\n<p> Futebol infantil tem in\u00edcio \u00e0s 8h30 no campo GFC, do Projeto Francisco Thomaz. A partir das 10h30 haver\u00e1 torneio de v\u00f4lei 4&#215;4 , organizado pelo Projeto V\u00f4lei Glic\u00e9rio. \u00c0s 15h \u00e9 a vez do futebol adulto, no campo do GFC. Durante a noite, a festa fica por conta do DJ Lucas Passos, \u00e0s 18h, e, \u00e0s 23h, ser\u00e1 a vez de Bira Bello. <\/p>\n<p> A tradicional cavalgada ter\u00e1 in\u00edcio \u00e0s 15h, com sa\u00edda do bar Chaparral-CDO. <\/p>\n<p> O encerramento ser\u00e1 no domingo (18), \u00e0s 10h, com Festival de Jiu-Jitsu, organizado pelo Projeto Lutando por Vidas. A partir das 15h, haver\u00e1 bingo para quem desejar participar. J\u00e1 \u00e0s 18h ter\u00e1 DJ Lucas Passos, com t\u00e9rmino \u00e0s 20h. <\/p>\n<ul>\n<li> <a href=\"https:\/\/g1.globo.com\/rj\/regiao-dos-lagos\/cidade\/macae\/\" class=\"entities__list-itemLink\" data-track-click=\"Maca\u00e9\"> Maca\u00e9 <\/a> <\/li>\n<\/ul>\n","protected":false},"excerpt":{"rendered":"<p>1 de 1&#013;Na quinta-feira (16), programa\u00e7\u00e3o contou com show gospel de William Soares e Dj Pitch em Maca\u00e9 \u2014 Foto: Divulga\u00e7\u00e3o Prefeitura de Maca\u00e9 Na quinta-feira (16), programa\u00e7\u00e3o contou com show gospel de William Soares e Dj Pitch em Maca\u00e9 \u2014 Foto: Divulga\u00e7\u00e3o Prefeitura de Maca\u00e9 O fim de semana vai ser de muita m\u00fasica [&hellip;]<\/p>\n","protected":false},"author":1,"featured_media":0,"comment_status":"closed","ping_status":"closed","sticky":false,"template":"","format":"standard","meta":{"footnotes":""},"categories":[],"tags":[],"class_list":["post-49402","post","type-post","status-publish","format-standard","hentry"],"_links":{"self":[{"href":"https:\/\/blog.corretoraideal.com.br\/index.php\/wp-json\/wp\/v2\/posts\/49402","targetHints":{"allow":["GET"]}}],"collection":[{"href":"https:\/\/blog.corretoraideal.com.br\/index.php\/wp-json\/wp\/v2\/posts"}],"about":[{"href":"https:\/\/blog.corretoraideal.com.br\/index.php\/wp-json\/wp\/v2\/types\/post"}],"author":[{"embeddable":true,"href":"https:\/\/blog.corretoraideal.com.br\/index.php\/wp-json\/wp\/v2\/users\/1"}],"replies":[{"embeddable":true,"href":"https:\/\/blog.corretoraideal.com.br\/index.php\/wp-json\/wp\/v2\/comments?post=49402"}],"version-history":[{"count":1,"href":"https:\/\/blog.corretoraideal.com.br\/index.php\/wp-json\/wp\/v2\/posts\/49402\/revisions"}],"predecessor-version":[{"id":49404,"href":"https:\/\/blog.corretoraideal.com.br\/index.php\/wp-json\/wp\/v2\/posts\/49402\/revisions\/49404"}],"wp:attachment":[{"href":"https:\/\/blog.corretoraideal.com.br\/index.php\/wp-json\/wp\/v2\/media?parent=49402"}],"wp:term":[{"taxonomy":"category","embeddable":true,"href":"https:\/\/blog.corretoraideal.com.br\/index.php\/wp-json\/wp\/v2\/categories?post=49402"},{"taxonomy":"post_tag","embeddable":true,"href":"https:\/\/blog.corretoraideal.com.br\/index.php\/wp-json\/wp\/v2\/tags?post=49402"}],"curies":[{"name":"wp","href":"https:\/\/api.w.org\/{rel}","templated":true}]}}