{"id":49409,"date":"2023-06-17T07:29:37","date_gmt":"2023-06-17T07:29:37","guid":{"rendered":"https:\/\/blog.corretoraideal.com.br\/?p=49409"},"modified":"2023-06-17T07:29:37","modified_gmt":"2023-06-17T07:29:37","slug":"homem-e-morto-dentro-de-casa-em-campos-no-rj-norte-fluminense-g1","status":"publish","type":"post","link":"https:\/\/blog.corretoraideal.com.br\/index.php\/2023\/06\/17\/homem-e-morto-dentro-de-casa-em-campos-no-rj-norte-fluminense-g1\/","title":{"rendered":"Homem \u00e9 morto dentro de casa em Campos, no RJ | Norte Fluminense | G1"},"content":{"rendered":"\n<p> Um homem foi encontrado morto dentro de casa, em <a class href=\"https:\/\/g1.globo.com\/rj\/norte-fluminense\/cidade\/campos-dos-goytacazes\/\">Campos dos Goytacazes<\/a>, no Norte Fluminense, nesta quarta-feira (14). <\/p>\n<p> A Pol\u00edcia Militar foi acionada por volta das 21h e disse que a m\u00e3e da v\u00edtima relatou que sentiu falta de v\u00e1rios pertences ao chegar e ver o filho, Maycon de Oliveira Batista, morto. <\/p>\n<p> Os agentes informaram que ela gritou, chamou pelo filho da porta da casa e, como ningu\u00e9m atendeu, invadiu a casa e o encontrou no ch\u00e3o com marcas de tiros, um total de dez tiros no peito, ainda de acordo com a Pol\u00edcia Militar. <\/p>\n<p> Entre os itens que a m\u00e3e sentiu falta est\u00e3o o celular, televis\u00e3o, microondas, liquidificador, sanduicheira e a moto do rapaz. <\/p>\n<p> A moto da v\u00edtima j\u00e1 foi encontrada na Rua Amaro dos Santos Barroso, no bairro de Donana, em um terreno abandonado. <\/p>\n<p> Nenhum suspeito foi preso e o caso segue sendo investigado pela 134\u00aa DP. <\/p>\n<p> A delegada titular respons\u00e1vel pelo caso, Dra. Natalia Patr\u00e3o, gravou um v\u00eddeo falando que foi feita per\u00edcia nos objetos que estavam dentro da casa onde aconteceu o crime e na motocicleta recuperada. <\/p>\n<p> Ela disse tamb\u00e9m que a pol\u00edcia j\u00e1 tem informa\u00e7\u00f5es sobre as pessoas que estavam com a v\u00edtima na noite do homic\u00eddio, mas informou que o restante dos dados sobre o caso segue em sigilo para n\u00e3o atrapalhar o andamento das investiga\u00e7\u00f5es. <\/p>\n<p> O corpo da v\u00edtima foi levado para o Instituto M\u00e9dico Legal. <\/p>\n<ul>\n<li> <a href=\"https:\/\/g1.globo.com\/rj\/norte-fluminense\/cidade\/campos-dos-goytacazes\/\" class=\"entities__list-itemLink\" data-track-click=\"Campos dos Goytacazes\"> Campos dos Goytacazes <\/a> <\/li>\n<\/ul>\n","protected":false},"excerpt":{"rendered":"<p>Um homem foi encontrado morto dentro de casa, em Campos dos Goytacazes, no Norte Fluminense, nesta quarta-feira (14). A Pol\u00edcia Militar foi acionada por volta das 21h e disse que a m\u00e3e da v\u00edtima relatou que sentiu falta de v\u00e1rios pertences ao chegar e ver o filho, Maycon de Oliveira Batista, morto. Os agentes informaram [&hellip;]<\/p>\n","protected":false},"author":1,"featured_media":0,"comment_status":"closed","ping_status":"closed","sticky":false,"template":"","format":"standard","meta":{"footnotes":""},"categories":[],"tags":[],"class_list":["post-49409","post","type-post","status-publish","format-standard","hentry"],"_links":{"self":[{"href":"https:\/\/blog.corretoraideal.com.br\/index.php\/wp-json\/wp\/v2\/posts\/49409","targetHints":{"allow":["GET"]}}],"collection":[{"href":"https:\/\/blog.corretoraideal.com.br\/index.php\/wp-json\/wp\/v2\/posts"}],"about":[{"href":"https:\/\/blog.corretoraideal.com.br\/index.php\/wp-json\/wp\/v2\/types\/post"}],"author":[{"embeddable":true,"href":"https:\/\/blog.corretoraideal.com.br\/index.php\/wp-json\/wp\/v2\/users\/1"}],"replies":[{"embeddable":true,"href":"https:\/\/blog.corretoraideal.com.br\/index.php\/wp-json\/wp\/v2\/comments?post=49409"}],"version-history":[{"count":1,"href":"https:\/\/blog.corretoraideal.com.br\/index.php\/wp-json\/wp\/v2\/posts\/49409\/revisions"}],"predecessor-version":[{"id":49411,"href":"https:\/\/blog.corretoraideal.com.br\/index.php\/wp-json\/wp\/v2\/posts\/49409\/revisions\/49411"}],"wp:attachment":[{"href":"https:\/\/blog.corretoraideal.com.br\/index.php\/wp-json\/wp\/v2\/media?parent=49409"}],"wp:term":[{"taxonomy":"category","embeddable":true,"href":"https:\/\/blog.corretoraideal.com.br\/index.php\/wp-json\/wp\/v2\/categories?post=49409"},{"taxonomy":"post_tag","embeddable":true,"href":"https:\/\/blog.corretoraideal.com.br\/index.php\/wp-json\/wp\/v2\/tags?post=49409"}],"curies":[{"name":"wp","href":"https:\/\/api.w.org\/{rel}","templated":true}]}}