{"id":49419,"date":"2023-06-17T14:29:44","date_gmt":"2023-06-17T14:29:44","guid":{"rendered":"https:\/\/blog.corretoraideal.com.br\/?p=49419"},"modified":"2023-06-17T14:29:44","modified_gmt":"2023-06-17T14:29:44","slug":"laranja-descubra-quem-veio-primeiro-a-fruta-ou-a-cor-agronegocios-g1","status":"publish","type":"post","link":"https:\/\/blog.corretoraideal.com.br\/index.php\/2023\/06\/17\/laranja-descubra-quem-veio-primeiro-a-fruta-ou-a-cor-agronegocios-g1\/","title":{"rendered":"&#039;Laranja&#039;: descubra quem veio primeiro, a fruta ou a cor | Agroneg\u00f3cios | G1"},"content":{"rendered":"<p>      1 de 1&#013;Laranjas passam por banho com shampoo, seguido de aplica\u00e7\u00e3o de cera em packing house em Limeira (SP). \u2014 Foto: F\u00e1bio Tito\/g1    <\/p>\n<p> Laranjas passam por banho com shampoo, seguido de aplica\u00e7\u00e3o de cera em packing house em Limeira (SP). \u2014 Foto: F\u00e1bio Tito\/g1 <\/p>\n<p> Voc\u00ea j\u00e1 se questionou qual foi a primeira &quot;laranja&quot;: a fruta ou a cor? A palavra foi usada primeiro para descrever a fruta e depois a tonalidade.  <\/p>\n<p> Antes disso, as coisas que possu\u00eda essa cor eram chamadas de &quot;amarelas-avermelhadas&quot;, explica Marcelo M\u00f3dolo, professor do departamento de Letras Cl\u00e1ssicas e Vern\u00e1culas na Universidade de S\u00e3o Paulo (<a class href=\"https:\/\/g1.globo.com\/educacao\/universidade\/usp\/\">USP<\/a>). <\/p>\n<p> Mas, a princ\u00edpio, nem a fruta se chamava &quot;laranja&quot;. Seu primeiro nome foi &quot;naranga&quot;, que significa laranjeira, aponta o professor. Com o passar do tempo, ela foi sendo modificada at\u00e9 chegar na forma que conhecemos hoje. <\/p>\n<p> A palavra foi adotada para se referir \u00e0 cor no s\u00e9culo 16, conforme a fruta se disseminava na \u00c1sia. Isso aconteceu pelo processo de referencia\u00e7\u00e3o, que \u00e9 quando as pessoas associam os nomes de coisas que se parecem. <\/p>\n<p> &quot;Por exemplo, era muito dif\u00edcil ouvir a minha m\u00e3e usar a palavra &#x27;CD&#x27;. Ela sempre falava assim: &#x27;pega o &#x27;disquinho&#x27; a\u00ed para gente colocar&#x27;. Porque ela era do tempo dos borrach\u00f5es de vinil, que era um disco. Ent\u00e3o, para ela, a classifica\u00e7\u00e3o seria um disco menor. \u00c9 um &#x27;disquinho&#x27;&quot;, comenta M\u00f3dolo. <\/p>\n<p> A mesma associa\u00e7\u00e3o aconteceu com a tonalidade. No primeiro momento, ela era chamada ainda de &quot;cor de laranja&quot;, s\u00f3 depois se tornando apenas &quot;laranja&quot;. <\/p>\n<ul>\n<li><strong>DE ONDE VEM O QUE EU COMO:<\/strong><a class href=\"https:\/\/g1.globo.com\/economia\/agronegocios\/agro-de-gente-pra-gente\/noticia\/2022\/08\/09\/de-onde-vem-o-que-eu-como-serie-do-g1-mostra-caminho-da-comida-ate-a-sua-mesa.ghtml\"> veja os v\u00eddeos da s\u00e9rie<\/a><\/li>\n<li><strong>Gente do campo:<\/strong><a class href=\"https:\/\/g1.globo.com\/economia\/agronegocios\/agro-a-industria-riqueza-do-brasil\/noticia\/2021\/02\/08\/gente-do-campo-serie-do-g1-apresenta-quem-faz-o-agronegocio-do-brasil.ghtml\"><strong> <\/strong>hist\u00f3rias de quem alimenta o pa\u00eds<\/a><\/li>\n<\/ul>\n<p><h2><strong>Veja curiosidades sobre a laranja (fruta)<\/strong><\/h2>\n<\/p>\n<p> <strong>\u2694\ufe0f Guerreira: <\/strong>a <a class href=\"https:\/\/g1.globo.com\/economia\/agronegocios\/agro-de-gente-pra-gente\/noticia\/2022\/08\/24\/de-onde-vem-o-que-eu-como-arvore-da-laranja-perde-infancia-para-fruta-chegar-saudavel-e-mais-rapido-a-mesa.ghtml\">fruta enfrenta uma doen\u00e7a diferente a cada 10 anos e vem de uma \u00e1rvore que perde a &quot;inf\u00e2ncia&quot; <\/a>para poder chegar saud\u00e1vel e mais r\u00e1pido \u00e0 sua mesa, juntando duas partes adultas de plantas diferentes para driblar doen\u00e7as e choques clim\u00e1ticos. <\/p>\n<p> <strong>? Fruta &quot;triste&quot;: <\/strong>j\u00e1 foram muitas as pragas que a laranja enfrentou e com nomes nada agrad\u00e1veis, uma delas foi <a class href=\"https:\/\/g1.globo.com\/economia\/agronegocios\/noticia\/2022\/09\/01\/como-o-limao-ajudou-a-salvar-a-safra-de-laranja-de-um-virus-chamado-tristeza.ghtml\">a tristeza dos citros, um v\u00edrus que entrou Brasil por meio de mudas trazidas do Jap\u00e3o<\/a> e que \u00e9 transmitido por um pulg\u00e3o preto. <\/p>\n<p> A doen\u00e7a foi apelidada de tristeza porque deixava as plantas, de fato, com um aspecto triste, murcho, sem vida. <\/p>\n<p> Quem salvou a laranja da tristeza foi o lim\u00e3o, mais especificamente o lim\u00e3o-cravo. Durante a d\u00e9cada de 1940, descobriu-se que este tipo de lim\u00e3o era resistente ao v\u00edrus da tristeza e, por isso, plantas de laranja passaram a ser enxertadas nele. <\/p>\n<p> <strong>? Laranja o ano inteiro: <\/strong>existem v\u00e1rios tipos de laranjas, cada uma tem a sua \u00e9poca. Safra da pera Rio, por exemplo, vai de maio a outubro; j\u00e1 a colheita da laranja-ba\u00eda \u00e9 mais forte entre maio e setembro. <a class href=\"https:\/\/g1.globo.com\/economia\/agronegocios\/noticia\/2022\/09\/01\/laranja-pera-lima-e-baia-veja-epoca-de-cada-uma-e-quando-precos-caem.ghtml\">Confira o calend\u00e1rio completo aqui<\/a>. <\/p>\n<p><h2>Saiba mais sobre a laranja:<\/h2>\n<\/p>\n<p> <strong>Conhe\u00e7a o caminho da fruta at\u00e9 a sua mesa:<\/strong> <\/p>\n<p>                   <img loading=\"lazy\" decoding=\"async\" class=\"aligncenter size-full wp-image-49421\" src=\"https:\/\/blog.corretoraideal.com.br\/wp-content\/uploads\/2023\/06\/de-onde-vem-o-que-eu-como-laranja.jpeg\" alt=\"De onde vem o que eu como: laranja\" width=\"800\" height=\"400\" \/>      <\/p>\n<p> De onde vem o que eu como: laranja <\/p>\n<p> <strong>Pera, lima e ba\u00eda: veja as diferen\u00e7as entre as laranjas<\/strong> <\/p>\n<p>                   <img loading=\"lazy\" decoding=\"async\" class=\"aligncenter size-full wp-image-49422\" src=\"https:\/\/blog.corretoraideal.com.br\/wp-content\/uploads\/2023\/06\/pera-lima-e-baia-veja-as-diferencas-entre-as-laranjas.jpeg\" alt=\"Pera, lima e ba\u00eda: veja as diferen\u00e7as entre as laranjas\" width=\"800\" height=\"400\" \/>      <\/p>\n<p> Pera, lima e ba\u00eda: veja as diferen\u00e7as entre as laranjas <\/p>\n<ul>\n<li> <a href=\"https:\/\/g1.globo.com\/educacao\/universidade\/usp\/\" class=\"entities__list-itemLink\" data-track-click=\"USP\"> USP <\/a> <\/li>\n<\/ul>\n","protected":false},"excerpt":{"rendered":"<p>1 de 1&#013;Laranjas passam por banho com shampoo, seguido de aplica\u00e7\u00e3o de cera em packing house em Limeira (SP). \u2014 Foto: F\u00e1bio Tito\/g1 Laranjas passam por banho com shampoo, seguido de aplica\u00e7\u00e3o de cera em packing house em Limeira (SP). \u2014 Foto: F\u00e1bio Tito\/g1 Voc\u00ea j\u00e1 se questionou qual foi a primeira &quot;laranja&quot;: a fruta [&hellip;]<\/p>\n","protected":false},"author":1,"featured_media":0,"comment_status":"closed","ping_status":"closed","sticky":false,"template":"","format":"standard","meta":{"footnotes":""},"categories":[],"tags":[],"class_list":["post-49419","post","type-post","status-publish","format-standard","hentry"],"_links":{"self":[{"href":"https:\/\/blog.corretoraideal.com.br\/index.php\/wp-json\/wp\/v2\/posts\/49419","targetHints":{"allow":["GET"]}}],"collection":[{"href":"https:\/\/blog.corretoraideal.com.br\/index.php\/wp-json\/wp\/v2\/posts"}],"about":[{"href":"https:\/\/blog.corretoraideal.com.br\/index.php\/wp-json\/wp\/v2\/types\/post"}],"author":[{"embeddable":true,"href":"https:\/\/blog.corretoraideal.com.br\/index.php\/wp-json\/wp\/v2\/users\/1"}],"replies":[{"embeddable":true,"href":"https:\/\/blog.corretoraideal.com.br\/index.php\/wp-json\/wp\/v2\/comments?post=49419"}],"version-history":[{"count":1,"href":"https:\/\/blog.corretoraideal.com.br\/index.php\/wp-json\/wp\/v2\/posts\/49419\/revisions"}],"predecessor-version":[{"id":49423,"href":"https:\/\/blog.corretoraideal.com.br\/index.php\/wp-json\/wp\/v2\/posts\/49419\/revisions\/49423"}],"wp:attachment":[{"href":"https:\/\/blog.corretoraideal.com.br\/index.php\/wp-json\/wp\/v2\/media?parent=49419"}],"wp:term":[{"taxonomy":"category","embeddable":true,"href":"https:\/\/blog.corretoraideal.com.br\/index.php\/wp-json\/wp\/v2\/categories?post=49419"},{"taxonomy":"post_tag","embeddable":true,"href":"https:\/\/blog.corretoraideal.com.br\/index.php\/wp-json\/wp\/v2\/tags?post=49419"}],"curies":[{"name":"wp","href":"https:\/\/api.w.org\/{rel}","templated":true}]}}