{"id":49427,"date":"2023-06-17T19:29:34","date_gmt":"2023-06-17T19:29:34","guid":{"rendered":"https:\/\/blog.corretoraideal.com.br\/?p=49427"},"modified":"2023-06-17T19:29:34","modified_gmt":"2023-06-17T19:29:34","slug":"lula-assina-decreto-que-regulamenta-novo-bolsa-familia-beneficio-tera-valor-extra-por-dependente-a-partir-de-junho-economia-g1","status":"publish","type":"post","link":"https:\/\/blog.corretoraideal.com.br\/index.php\/2023\/06\/17\/lula-assina-decreto-que-regulamenta-novo-bolsa-familia-beneficio-tera-valor-extra-por-dependente-a-partir-de-junho-economia-g1\/","title":{"rendered":"Lula assina decreto que regulamenta novo Bolsa Fam\u00edlia; benef\u00edcio ter\u00e1 valor extra por dependente a partir de junho | Economia | G1"},"content":{"rendered":"<p>      1 de 1&#013;O novo Bolsa Fam\u00edlia entrou em vigor em 2 de mar\u00e7o, a partir da publica\u00e7\u00e3o de uma medida provis\u00f3ria no Di\u00e1rio Oficial da Uni\u00e3o (DOU). \u2014 Foto: Governo Federal    <\/p>\n<p> O novo Bolsa Fam\u00edlia entrou em vigor em 2 de mar\u00e7o, a partir da publica\u00e7\u00e3o de uma medida provis\u00f3ria no Di\u00e1rio Oficial da Uni\u00e3o (DOU). \u2014 Foto: Governo Federal <\/p>\n<p> O presidente <a class href=\"https:\/\/g1.globo.com\/tudo-sobre\/luiz-inacio-lula-da-silva\/\">Luiz In\u00e1cio Lula da Silva<\/a> (PT) assinou na sexta-feira (16) o decreto 11.566, que regulamenta a gest\u00e3o e a administra\u00e7\u00e3o dos pagamentos do conjunto de benef\u00edcios que constituem o <a class href=\"https:\/\/g1.globo.com\/tudo-sobre\/bolsa-familia\/\">Programa Bolsa Fam\u00edlia<\/a> (PBF). <\/p>\n<p> A cesta de benef\u00edcios do programa \u00e9 composta por: <\/p>\n<ul>\n<li>Benef\u00edcio de Renda de Cidadania;<\/li>\n<li>Benef\u00edcio Complementar;<\/li>\n<li>Benef\u00edcio Primeira Inf\u00e2ncia;<\/li>\n<li> Benef\u00edcio Vari\u00e1vel Familiar;<\/li>\n<li>Benef\u00edcio Extraordin\u00e1rio de Transi\u00e7\u00e3o (em car\u00e1ter tempor\u00e1rio).<\/li>\n<\/ul>\n<p> Em vigor em 2 de mar\u00e7o, o novo Bolsa Fam\u00edlia teve o texto sobre gest\u00e3o e administra\u00e7\u00e3o aprovada pelo Senado Federal em 1\u00ba de junho e, agora, foi assinado pelo presidente. <\/p>\n<p><h2>Benef\u00edcios do programa<\/h2>\n<\/p>\n<p> O novo Bolsa Fam\u00edlia pode ser solicitado por fam\u00edlias com renda de at\u00e9 R$ 218 por pessoa e deve pagar um valor m\u00ednimo de R$ 600 por benefici\u00e1rio. <\/p>\n<p> Desde mar\u00e7o, o grupo familiar que tem crian\u00e7as menores de sete anos de idade recebe R$ 150 adicionais para cada uma, pelo Benef\u00edcio Primeira Inf\u00e2ncia. <\/p>\n<p> E, a partir de junho, ser\u00e1 dada uma complementa\u00e7\u00e3o pelo Benef\u00edcio Vari\u00e1vel Familiar, que pagar\u00e1 R$ 50 adicionais a dependentes de 7 a 18 anos na composi\u00e7\u00e3o familiar e a gestantes e lactantes. <\/p>\n<p>   <a href=\"https:\/\/g1.globo.com\/globonews\/playlist\/videos-flavia-oliveira-comenta-as-ultimas-noticias-da-economia.ghtml\">    50 v\u00eddeos      <\/a>       <\/p>\n<ul>\n<li> <a href=\"https:\/\/g1.globo.com\/tudo-sobre\/bolsa-familia\/\" class=\"entities__list-itemLink\" data-track-click=\"Bolsa Fam\u00edlia\"> Bolsa Fam\u00edlia <\/a> <\/li>\n<li> <a href=\"https:\/\/g1.globo.com\/tudo-sobre\/luiz-inacio-lula-da-silva\/\" class=\"entities__list-itemLink\" data-track-click=\"Luiz In\u00e1cio Lula da Silva\"> Luiz In\u00e1cio Lula da Silva <\/a> <\/li>\n<\/ul>\n","protected":false},"excerpt":{"rendered":"<p>1 de 1&#013;O novo Bolsa Fam\u00edlia entrou em vigor em 2 de mar\u00e7o, a partir da publica\u00e7\u00e3o de uma medida provis\u00f3ria no Di\u00e1rio Oficial da Uni\u00e3o (DOU). \u2014 Foto: Governo Federal O novo Bolsa Fam\u00edlia entrou em vigor em 2 de mar\u00e7o, a partir da publica\u00e7\u00e3o de uma medida provis\u00f3ria no Di\u00e1rio Oficial da Uni\u00e3o [&hellip;]<\/p>\n","protected":false},"author":1,"featured_media":0,"comment_status":"closed","ping_status":"closed","sticky":false,"template":"","format":"standard","meta":{"footnotes":""},"categories":[],"tags":[],"class_list":["post-49427","post","type-post","status-publish","format-standard","hentry"],"_links":{"self":[{"href":"https:\/\/blog.corretoraideal.com.br\/index.php\/wp-json\/wp\/v2\/posts\/49427","targetHints":{"allow":["GET"]}}],"collection":[{"href":"https:\/\/blog.corretoraideal.com.br\/index.php\/wp-json\/wp\/v2\/posts"}],"about":[{"href":"https:\/\/blog.corretoraideal.com.br\/index.php\/wp-json\/wp\/v2\/types\/post"}],"author":[{"embeddable":true,"href":"https:\/\/blog.corretoraideal.com.br\/index.php\/wp-json\/wp\/v2\/users\/1"}],"replies":[{"embeddable":true,"href":"https:\/\/blog.corretoraideal.com.br\/index.php\/wp-json\/wp\/v2\/comments?post=49427"}],"version-history":[{"count":1,"href":"https:\/\/blog.corretoraideal.com.br\/index.php\/wp-json\/wp\/v2\/posts\/49427\/revisions"}],"predecessor-version":[{"id":49429,"href":"https:\/\/blog.corretoraideal.com.br\/index.php\/wp-json\/wp\/v2\/posts\/49427\/revisions\/49429"}],"wp:attachment":[{"href":"https:\/\/blog.corretoraideal.com.br\/index.php\/wp-json\/wp\/v2\/media?parent=49427"}],"wp:term":[{"taxonomy":"category","embeddable":true,"href":"https:\/\/blog.corretoraideal.com.br\/index.php\/wp-json\/wp\/v2\/categories?post=49427"},{"taxonomy":"post_tag","embeddable":true,"href":"https:\/\/blog.corretoraideal.com.br\/index.php\/wp-json\/wp\/v2\/tags?post=49427"}],"curies":[{"name":"wp","href":"https:\/\/api.w.org\/{rel}","templated":true}]}}