{"id":49430,"date":"2023-06-18T00:29:37","date_gmt":"2023-06-18T00:29:37","guid":{"rendered":"https:\/\/blog.corretoraideal.com.br\/?p=49430"},"modified":"2023-06-18T00:29:37","modified_gmt":"2023-06-18T00:29:37","slug":"bolsa-familia-com-a-nova-regra-valor-medio-do-beneficio-passara-para-r-705-jornal-nacional-g1","status":"publish","type":"post","link":"https:\/\/blog.corretoraideal.com.br\/index.php\/2023\/06\/18\/bolsa-familia-com-a-nova-regra-valor-medio-do-beneficio-passara-para-r-705-jornal-nacional-g1\/","title":{"rendered":"Bolsa Fam\u00edlia: com a nova regra, valor m\u00e9dio do benef\u00edcio passar\u00e1 para R$ 705 | Jornal Nacional | G1"},"content":{"rendered":"\n<p> O valor m\u00e9dio do <a class href=\"https:\/\/g1.globo.com\/tudo-sobre\/bolsa-familia\/\">Bolsa Fam\u00edlia<\/a> vai aumentar. A partir de segunda-feira (19), o benef\u00edcio come\u00e7a a ser pago com novas regras, que foram definidas em um decreto assinado pelo presidente <a class href=\"https:\/\/g1.globo.com\/politica\/politico\/lula\/\">Lula<\/a>. <\/p>\n<p> Pelo celular, a dona de casa Camila de Oliveira soube da novidade. <\/p>\n<p> \u201cEntrei no aplicativo e conferi e vi que tinha aumento\u201d, conta. <\/p>\n<p> Ela, o marido e quatro filhos moram em uma casa na regi\u00e3o da Estrutural, a 15 km do Centro de Bras\u00edlia e dependem do Bolsa Fam\u00edlia para abastecer a despensa. <\/p>\n<p>\u201cS\u00f3 ele que trabalha. E, assim, \u00e0s vezes tem, \u00e0s vezes n\u00e3o tem servi\u00e7o. Vai ajudar bastante dentro de casa com quatro crian\u00e7as pequenas, vai ser muito importante para a gente\u201d, diz Camila.<\/p>\n<p> A partir de junho, o <strong>c\u00e1lculo do pagamento vai mudar<\/strong>. O governo vai passar a pagar <strong>R$ 142 por integrante de cada fam\u00edlia<\/strong>. Em lares com menos de quatro pessoas, o <strong>valor m\u00ednimo de R$ 600 ser\u00e1 garantido<\/strong>. Somado a isso, continuar\u00e3o a <strong>ser pagos R$ 150 por crian\u00e7a entre 0 e 7 anos incompletos<\/strong>. <\/p>\n<p> E, a partir de agora, mais <strong>R$ 50 por gestante ou crian\u00e7a ou adolescente entre 7 e 18 anos incompletos<\/strong><strong>.<\/strong> No caso de gravidez, o valor extra ser\u00e1 depositado por nove meses. <\/p>\n<p> O ministro do <strong>Desenvolvimento Social<\/strong>, Wellington Dias, explicou que o pagamento por integrante da fam\u00edlia, em vez de um valor \u00fanico, era uma reivindica\u00e7\u00e3o antiga. <\/p>\n<p>&quot;Uma fam\u00edlia de 10 pessoas adultas recebia antes do Aux\u00edlio Brasil R$ 600, que era ali R$ 60 per capita. Agora, essa fam\u00edlia de dez, ela vai para R$ 1420. Ou seja, ela tem ali uma condi\u00e7\u00e3o de uma renda que garante a condi\u00e7\u00e3o da alimenta\u00e7\u00e3o&quot;, diz Wellington Dias.<\/p>\n<p> Segundo o governo, com as novas regras, quase <strong>10 milh\u00f5es de fam\u00edlias<\/strong> ter\u00e3o aumento no valor do benef\u00edcio. O pagamento deste primeiro m\u00eas come\u00e7a a ser depositado a partir de segunda-feira (19) e vai at\u00e9 o dia 30 &#8211; de acordo com o <strong>N\u00famero de Identifica\u00e7\u00e3o Social<\/strong>, o <strong>NIS<\/strong>. <\/p>\n<p> Com a nova regra, o valor m\u00e9dio do benef\u00edcio, que em maio era de <strong>R$ 672<\/strong>, passar\u00e1 para <strong>R$ 705<\/strong>. <\/p>\n<p>\u201cO aumento que est\u00e1 vindo vai ser muito importante n\u00e3o s\u00f3 para mim, mas para todas as fam\u00edlias que v\u00e3o receber, porque a gente que tem filho pequeno sabe o quanto \u00e9 dif\u00edcil e tamb\u00e9m sem trabalhar fica mais dif\u00edcil ainda\u201d, completa Camila de Oliveira.<\/p>\n<p> <strong>LEIA TAMB\u00c9M<\/strong> <\/p>\n<ul>\n<li><a class href=\"https:\/\/g1.globo.com\/economia\/noticia\/2023\/06\/17\/novo-bolsa-familia-beneficio-extra-por-dependente-a-partir-de-junho.ghtml\"><strong>Lula assina decreto que regulamenta novo Bolsa Fam\u00edlia; benef\u00edcio ter\u00e1 valor extra por dependente a partir de junho<\/strong><\/a><\/li>\n<li><a class href=\"https:\/\/g1.globo.com\/economia\/noticia\/2023\/05\/18\/calendario-bolsa-familia-governo-divulga-a-agenda-de-pagamentos-em-maio-veja-quem-recebe.ghtml\"><strong>Calend\u00e1rio Bolsa Fam\u00edlia: governo divulga a agenda de pagamentos em maio; veja quem recebe<\/strong><\/a><\/li>\n<\/ul>\n<ul>\n<li> <a href=\"https:\/\/g1.globo.com\/tudo-sobre\/bolsa-familia\/\" class=\"entities__list-itemLink\" data-track-click=\"Bolsa Fam\u00edlia\"> Bolsa Fam\u00edlia <\/a> <\/li>\n<li> <a href=\"https:\/\/g1.globo.com\/politica\/politico\/lula\/\" class=\"entities__list-itemLink\" data-track-click=\"Lula\"> Lula <\/a> <\/li>\n<\/ul>\n","protected":false},"excerpt":{"rendered":"<p>O valor m\u00e9dio do Bolsa Fam\u00edlia vai aumentar. A partir de segunda-feira (19), o benef\u00edcio come\u00e7a a ser pago com novas regras, que foram definidas em um decreto assinado pelo presidente Lula. Pelo celular, a dona de casa Camila de Oliveira soube da novidade. \u201cEntrei no aplicativo e conferi e vi que tinha aumento\u201d, conta. [&hellip;]<\/p>\n","protected":false},"author":1,"featured_media":0,"comment_status":"closed","ping_status":"closed","sticky":false,"template":"","format":"standard","meta":{"footnotes":""},"categories":[],"tags":[],"class_list":["post-49430","post","type-post","status-publish","format-standard","hentry"],"_links":{"self":[{"href":"https:\/\/blog.corretoraideal.com.br\/index.php\/wp-json\/wp\/v2\/posts\/49430","targetHints":{"allow":["GET"]}}],"collection":[{"href":"https:\/\/blog.corretoraideal.com.br\/index.php\/wp-json\/wp\/v2\/posts"}],"about":[{"href":"https:\/\/blog.corretoraideal.com.br\/index.php\/wp-json\/wp\/v2\/types\/post"}],"author":[{"embeddable":true,"href":"https:\/\/blog.corretoraideal.com.br\/index.php\/wp-json\/wp\/v2\/users\/1"}],"replies":[{"embeddable":true,"href":"https:\/\/blog.corretoraideal.com.br\/index.php\/wp-json\/wp\/v2\/comments?post=49430"}],"version-history":[{"count":1,"href":"https:\/\/blog.corretoraideal.com.br\/index.php\/wp-json\/wp\/v2\/posts\/49430\/revisions"}],"predecessor-version":[{"id":49432,"href":"https:\/\/blog.corretoraideal.com.br\/index.php\/wp-json\/wp\/v2\/posts\/49430\/revisions\/49432"}],"wp:attachment":[{"href":"https:\/\/blog.corretoraideal.com.br\/index.php\/wp-json\/wp\/v2\/media?parent=49430"}],"wp:term":[{"taxonomy":"category","embeddable":true,"href":"https:\/\/blog.corretoraideal.com.br\/index.php\/wp-json\/wp\/v2\/categories?post=49430"},{"taxonomy":"post_tag","embeddable":true,"href":"https:\/\/blog.corretoraideal.com.br\/index.php\/wp-json\/wp\/v2\/tags?post=49430"}],"curies":[{"name":"wp","href":"https:\/\/api.w.org\/{rel}","templated":true}]}}