{"id":49436,"date":"2023-06-18T10:29:43","date_gmt":"2023-06-18T10:29:43","guid":{"rendered":"https:\/\/blog.corretoraideal.com.br\/?p=49436"},"modified":"2023-06-18T10:29:43","modified_gmt":"2023-06-18T10:29:43","slug":"agricultores-usam-drones-para-prevenir-e-combater-pragas-em-lavouras-do-es-agronegocios-no-espirito-santo-g1","status":"publish","type":"post","link":"https:\/\/blog.corretoraideal.com.br\/index.php\/2023\/06\/18\/agricultores-usam-drones-para-prevenir-e-combater-pragas-em-lavouras-do-es-agronegocios-no-espirito-santo-g1\/","title":{"rendered":"Agricultores usam drones para prevenir e combater pragas em lavouras do ES | Agroneg\u00f3cios no Esp\u00edrito Santo | G1"},"content":{"rendered":"<p>                <img loading=\"lazy\" decoding=\"async\" class=\"aligncenter size-full wp-image-49438\" src=\"https:\/\/blog.corretoraideal.com.br\/wp-content\/uploads\/2023\/06\/produtores-usam-drones-pra-prevenir-e-combater-pragas-nas-lavouras-do-es.jpeg\" alt=\"Produtores usam drones pra prevenir e combater pragas nas lavouras do ES\" width=\"800\" height=\"400\" \/>      <\/p>\n<p> Produtores usam drones pra prevenir e combater pragas nas lavouras do ES <\/p>\n<p> N\u00e3o \u00e9 de hoje que a tecnologia tem sido uma aliada dos produtores rurais de v\u00e1rias partes do pa\u00eds. No Esp\u00edrito Santo, em Marechal Floriano, na Regi\u00e3o Serrana, o uso de drones foi adotado para combater pragas e monitorar os cinco hectares de caf\u00e9 ar\u00e1bica de uma lavoura. Mas n\u00e3o para por a\u00ed! A tecnologia tamb\u00e9m tem sido utilizada na pecu\u00e1ria, em pesquisas e a\u00e7\u00f5es de fiscaliza\u00e7\u00e3o. <\/p>\n<ul>\n<li><a class href=\"https:\/\/api.whatsapp.com\/send?text=https:\/\/g1.globo.com\/es\/espirito-santo\/agronegocios\/noticia\/2023\/06\/18\/agricultores-usam-drones-para-prevenir-e-combater-pragas-em-lavouras-do-es.ghtml?utm_source%3Dwhatsapp%26utm_medium%3Dshare-engagement%26utm_campaign%3Dte-materias\" target=\"_blank\" rel=\"noopener noreferrer\"><strong>Compartilhe no WhatsApp<\/strong><\/a><\/li>\n<li><a class href=\"https:\/\/telegram.me\/share\/url?url=https:\/\/g1.globo.com\/es\/espirito-santo\/agronegocios\/noticia\/2023\/06\/18\/agricultores-usam-drones-para-prevenir-e-combater-pragas-em-lavouras-do-es.ghtml?utm_source%3Dtelegram%26utm_medium%3Dshare-engagement%26utm_campaign%3Dte-materias\" target=\"_blank\" rel=\"noopener noreferrer\"><strong>Compartilhe no Telegram <\/strong><\/a><\/li>\n<\/ul>\n<p> S\u00e3o os equipamentos que pulverizam os produtos necess\u00e1rios para o desenvolvimento dos 26 mil p\u00e9s de caf\u00e9 na propriedade de Jos\u00e9 Carlos Velten. <\/p>\n<p> At\u00e9 o ano passado, o pr\u00f3prio agricultor fazia o combate \u00e0s pragas e a aduba\u00e7\u00e3o de forma manual. Com mais mais de 30 quilos de material e equipamento nas costas, al\u00e9m do risco de intoxica\u00e7\u00e3o, nem sempre o resultado esperado era obtido. <\/p>\n<p>         1 de 6&#013;Drone usado em propriedade rural do ES \u2014 Foto: Reprodu\u00e7\u00e3o\/TV Gazeta    <\/p>\n<p> Drone usado em propriedade rural do ES \u2014 Foto: Reprodu\u00e7\u00e3o\/TV Gazeta <\/p>\n<p> Por ano, a produ\u00e7\u00e3o no cafezal \u00e9 de 150 sacas, por\u00e9m, em 2022, quase metade da produ\u00e7\u00e3o foi perdida e foram colhidas apenas 70 sacas devido ao problema da &quot;phoma&quot;, doen\u00e7a causada por um fungo que ataca os p\u00e9s de caf\u00e9, provocando manchas na folhagem, les\u00f5es nos ramos e perda dos gr\u00e3os durante a forma\u00e7\u00e3o. <\/p>\n<p> <a class href=\"https:\/\/chat.whatsapp.com\/LNKMKO4F2fw30x4S3gleVx\" target=\"_blank\" rel=\"noopener noreferrer\"><strong>? Entre para a comunidade do g1 ES no WhatsApp e receba nossas not\u00edcias <\/strong><\/a> <\/p>\n<p> A tecnologia, al\u00e9m de acabar com a doen\u00e7a, tamb\u00e9m reduziu o gasto do produtor. Al\u00e9m disso, com a pulveriza\u00e7\u00e3o com drone, em dois meses, as plantas est\u00e3o mais saud\u00e1veis e Jos\u00e9 Carlos vai conseguir recuperar a produ\u00e7\u00e3o. <\/p>\n<p>         2 de 6&#013;Jos\u00e9 Carlos Velten, agricultor da regi\u00e3o Serrana do ES \u2014 Foto: Reprodu\u00e7\u00e3o\/TV Gazeta    <\/p>\n<p> Jos\u00e9 Carlos Velten, agricultor da regi\u00e3o Serrana do ES \u2014 Foto: Reprodu\u00e7\u00e3o\/TV Gazeta <\/p>\n<p>&quot;Fiquei sabendo do uso do drone e a gente come\u00e7ou a utilizar. Gra\u00e7as a Deus est\u00e1 dando um resultado bom pra gente, pra sa\u00fade da gente, a gente n\u00e3o t\u00e1 ali em contato com o produto, n\u00e3o t\u00e1 gastando produto demais na lavoura, ent\u00e3o foi bem interessante. Aqui o meu custo, se eu fosse fazer manual, ou fosse pagar algu\u00e9m pra fazer, eu ia gastar tr\u00eas, quatro vezes mais que no drone. O drone, al\u00e9m dele ser eficaz, ele \u00e9 bem mais barato&quot;, disse o produtor. <\/p>\n<p><h2>ES \u00e9 2\u00ba do pa\u00eds em ranking de operadores de drone agr\u00edcola<\/h2>\n<\/p>\n<p>         3 de 6&#013;Drone em lavoura de caf\u00e9 no ES \u2014 Foto: Reprodu\u00e7\u00e3o\/TV Gazeta    <\/p>\n<p> Drone em lavoura de caf\u00e9 no ES \u2014 Foto: Reprodu\u00e7\u00e3o\/TV Gazeta <\/p>\n<p> Ao todo, o Brasil tem 146 operadores e 23 entidades autorizadas a oferecer o curso de aplica\u00e7\u00e3o de aeroagr\u00edcola remoto. <\/p>\n<p> De acordo com o Minist\u00e9rio da Agricultura, o Esp\u00edrito Santo \u00e9 o segundo estado brasileiro com maior n\u00famero de operadores de drone agr\u00edcola registrados. S\u00e3o 28, e o estado capixaba fica atr\u00e1s apenas de S\u00e3o Paulo, que tem 36 operadores. <\/p>\n<p> Minas Gerais ocupa a terceira posi\u00e7\u00e3o no ranking, com 15 operadores. <\/p>\n<p>  Operadores de drone agr\u00edcola no Brasil   <\/p>\n<p> Para ser operador de um drone agr\u00edcola \u00e9 necess\u00e1rio: <\/p>\n<ul>\n<li>Fazer um curso em alguma entidade registrado no Minist\u00e9rio da Agricultura;<\/li>\n<li>Depois de aprovado, ele deve se registrar no Minist\u00e9rio da Agricultura; <\/li>\n<li>Para conseguir o registro, o operador precisa de respons\u00e1vel t\u00e9cnico encarregado pela coordena\u00e7\u00e3o das atividades espec\u00edficas de sua \u00e1rea de atua\u00e7\u00e3o. <\/li>\n<\/ul>\n<p> Pela legisla\u00e7\u00e3o, a pulveriza\u00e7\u00e3o n\u00e3o pode ser feita perto de locais de preserva\u00e7\u00e3o ambiental. <\/p>\n<p> Formado em Engenharia Civil, Tiago Pessin \u00e9 o respons\u00e1vel pela opera\u00e7\u00e3o do drone na propriedade de Jos\u00e9 Carlos Velten. Ele disse que antes do voo \u00e9 feito um mapeamento da regi\u00e3o para que a aplica\u00e7\u00e3o do adubo qu\u00edmico ou defensivo agr\u00edcola seja precisa. <\/p>\n<p> O processo come\u00e7a na escolha do local de pouso do equipamento. A \u00e1rea precisa ser compat\u00edvel com o tamanho do drone. <\/p>\n<p>&quot;Existem produtos que t\u00eam restri\u00e7\u00e3o de aplica\u00e7\u00e3o em determinadas \u00e1reas. Ent\u00e3o, primeiro \u00e9 feita uma avalia\u00e7\u00e3o. Estando enquadrado, n\u00e3o sendo uma \u00e1rea de preserva\u00e7\u00e3o, respeitando-se o meio ambiente, sim, toda propriedade pode utilizar dessa tecnologia hoje, com a virtude de um drone dessa natureza. Hoje, a gente consegue com o emprego dessa tecnologia fazer essa \u00e1rea ser rent\u00e1vel e agregar valor \u00e0 essa propriedade&quot;, disse Tiago.<\/p>\n<p> O voo \u00e9 automatizado. O drone faz tudo sozinho, mas o operador precisa ficar atento. As condi\u00e7\u00f5es do tempo v\u00e3o determinar a efic\u00e1cia da aplica\u00e7\u00e3o. <\/p>\n<p>         4 de 6&#013;Tiago Pessin \u00e9 o respons\u00e1vel pela opera\u00e7\u00e3o do drone na propriedade de Jos\u00e9 Carlos Velten, em Marechal Floriano, ES \u2014 Foto: Reprodu\u00e7\u00e3o\/TV Gazeta    <\/p>\n<p> Tiago Pessin \u00e9 o respons\u00e1vel pela opera\u00e7\u00e3o do drone na propriedade de Jos\u00e9 Carlos Velten, em Marechal Floriano, ES \u2014 Foto: Reprodu\u00e7\u00e3o\/TV Gazeta <\/p>\n<p>&quot;Vento, temperatura, umidade relativa do ar, isso s\u00e3o fatores de extrema import\u00e2ncia. N\u00e3o se aplica defensivo fora dessas condi\u00e7\u00f5es clim\u00e1ticas ideais. Isso \u00e9 muito importante&quot;, disse. <\/p>\n<p> N\u00e3o \u00e9 s\u00f3 na pulveriza\u00e7\u00e3o que o drone tem se mostrado eficaz para agricultura de precis\u00e3o. O equipamento tamb\u00e9m tem a capacidade de dispersar sementes. <\/p>\n<p> &quot;Para os produtores de regi\u00e3o de montanhas, at\u00e9 ent\u00e3o os m\u00e9todos tradicionais eram a lan\u00e7o manual ou a matraca. Um hectare gastava-se dias pra fazer. Com o drone, a gente consegue em quest\u00e3o de minutos dispersar na \u00e1rea desejada. E a quest\u00e3o das c\u00e2meras, elas s\u00e3o muito importantes na hora da opera\u00e7\u00e3o do drone. Como as eleva\u00e7\u00f5es s\u00e3o muitas, eu preciso desse aux\u00edlio das c\u00e2meras frontal e traseira pra fazer realmente o ajuste do drone em rela\u00e7\u00e3o ao relevo, pra que esse voo tenha a qualidade e a efici\u00eancia maior, porque n\u00f3s queremos uma velocidade e altura de voo constantes dentro daquela \u00e1rea&quot;, disse. <\/p>\n<p> Os produtos aplicados na lavoura s\u00e3o indicados por t\u00e9cnicos agr\u00edcolas que v\u00e3o at\u00e9 a propriedade, fazem todo o levantamento do que tem que ser usado, o tipo de aduba\u00e7\u00e3o e o tipo de doen\u00e7a que tem naquela lavoura. <\/p>\n<p> Com o diagn\u00f3stico, o produtor vai contratar uma empresa credenciada para usar o drone na pulveriza\u00e7\u00e3o e, assim, fazer o controle fitossanit\u00e1rio e tamb\u00e9m uma aduba\u00e7\u00e3o foliar. Ubaldino Saraiva, pesquisador do Incaper, disse que o drone tamb\u00e9m tem sido adotado em outros cultivos. <\/p>\n<p>&quot;O produtor tirou esse peso das costas e agora est\u00e1 usando a tecnologia do drone. No Esp\u00edrito Santo, o caf\u00e9 conilon tamb\u00e9m est\u00e1 usando essa tecnologia do drone, o produtor de tomate t\u00e1 pulverizando as lavouras de tomate com o drone. Inclusive, o pessoal da banana tamb\u00e9m t\u00e1 usando&quot;, disse o pesquisador. <\/p>\n<p><h2>Drones s\u00e3o utilizados em a\u00e7\u00f5es de fiscaliza\u00e7\u00e3o, pecu\u00e1ria e em pesquisas<\/h2>\n<\/p>\n<p>         5 de 6&#013;Drones tamb\u00e9m s\u00e3o usados na pecu\u00e1ria no ES \u2014 Foto: Reprodu\u00e7\u00e3o\/TV Gazeta    <\/p>\n<p> Drones tamb\u00e9m s\u00e3o usados na pecu\u00e1ria no ES \u2014 Foto: Reprodu\u00e7\u00e3o\/TV Gazeta <\/p>\n<p> Em mar\u00e7o deste ano, o Instituto de Defesa Agropecu\u00e1ria e Florestal (Idaf) do estado divulgou a utiliza\u00e7\u00e3o de drones em a\u00e7\u00f5es de fiscaliza\u00e7\u00e3o. Ao todo, 65 equipamentos est\u00e3o em uso. Por meio dos drones, \u00e9 poss\u00edvel identificar \u00e1reas desmatadas e outras irregularidades em locais de dif\u00edcil acesso. <\/p>\n<p> Os drones tamb\u00e9m s\u00e3o utilizados na pecu\u00e1ria porque facilitam o monitoramento, contagem e tamb\u00e9m auxiliam na procura por animais perdidos e avalia\u00e7\u00e3o das condi\u00e7\u00f5es do pasto. <\/p>\n<p> Em pesquisas no campo, no Sul do estado, pesquisadores da Universidade Federal do Esp\u00edrito Santo (Ufes) j\u00e1 utilizam drones em estudos. Programas de computador ajudam a analisar as imagens a\u00e9reas e identificar o estado nutricional das lavouras e a qualidade da aduba\u00e7\u00e3o. <\/p>\n<p> Pesquisadores do Instituto Federal do Esp\u00edrito Santo (Ifes) tamb\u00e9m utilizaram drones em pesquisas sobre a qualidade da pimenta-rosa no Norte do estado. <\/p>\n<p>         6 de 6&#013;Pimenta-rosa monitorada por drone no ES \u2014 Foto: Reprodu\u00e7\u00e3o\/TV Gazeta    <\/p>\n<p> Pimenta-rosa monitorada por drone no ES \u2014 Foto: Reprodu\u00e7\u00e3o\/TV Gazeta <\/p>\n<p> O equipamento tem uma c\u00e2mera que capta caracter\u00edsticas que n\u00e3o s\u00e3o identificadas pelo olho humano. No computador \u00e9 poss\u00edvel avaliar a situa\u00e7\u00e3o do solo e a matura\u00e7\u00e3o dos frutos. <\/p>\n<p><h2>V\u00cdDEOS: tudo sobre o Esp\u00edrito Santo<\/h2>\n<\/p>\n<p>   <a href=\"https:\/\/g1.globo.com\/es\/espirito-santo\/edicao\/2021\/01\/29\/videos-tudo-sobre-o-es.ghtml\">    50 v\u00eddeos      <\/a>       <\/p>\n<ul>\n<li><a class href=\"http:\/\/g1.globo.com\/es\/espirito-santo\/ultimas-noticias\/\"><strong>Veja o plant\u00e3o de \u00faltimas not\u00edcias do g1 Esp\u00edrito Santo<\/strong><\/a><\/li>\n<\/ul>\n<ul> <\/ul>\n","protected":false},"excerpt":{"rendered":"<p>Produtores usam drones pra prevenir e combater pragas nas lavouras do ES N\u00e3o \u00e9 de hoje que a tecnologia tem sido uma aliada dos produtores rurais de v\u00e1rias partes do pa\u00eds. No Esp\u00edrito Santo, em Marechal Floriano, na Regi\u00e3o Serrana, o uso de drones foi adotado para combater pragas e monitorar os cinco hectares de [&hellip;]<\/p>\n","protected":false},"author":1,"featured_media":0,"comment_status":"closed","ping_status":"closed","sticky":false,"template":"","format":"standard","meta":{"footnotes":""},"categories":[],"tags":[],"class_list":["post-49436","post","type-post","status-publish","format-standard","hentry"],"_links":{"self":[{"href":"https:\/\/blog.corretoraideal.com.br\/index.php\/wp-json\/wp\/v2\/posts\/49436","targetHints":{"allow":["GET"]}}],"collection":[{"href":"https:\/\/blog.corretoraideal.com.br\/index.php\/wp-json\/wp\/v2\/posts"}],"about":[{"href":"https:\/\/blog.corretoraideal.com.br\/index.php\/wp-json\/wp\/v2\/types\/post"}],"author":[{"embeddable":true,"href":"https:\/\/blog.corretoraideal.com.br\/index.php\/wp-json\/wp\/v2\/users\/1"}],"replies":[{"embeddable":true,"href":"https:\/\/blog.corretoraideal.com.br\/index.php\/wp-json\/wp\/v2\/comments?post=49436"}],"version-history":[{"count":1,"href":"https:\/\/blog.corretoraideal.com.br\/index.php\/wp-json\/wp\/v2\/posts\/49436\/revisions"}],"predecessor-version":[{"id":49439,"href":"https:\/\/blog.corretoraideal.com.br\/index.php\/wp-json\/wp\/v2\/posts\/49436\/revisions\/49439"}],"wp:attachment":[{"href":"https:\/\/blog.corretoraideal.com.br\/index.php\/wp-json\/wp\/v2\/media?parent=49436"}],"wp:term":[{"taxonomy":"category","embeddable":true,"href":"https:\/\/blog.corretoraideal.com.br\/index.php\/wp-json\/wp\/v2\/categories?post=49436"},{"taxonomy":"post_tag","embeddable":true,"href":"https:\/\/blog.corretoraideal.com.br\/index.php\/wp-json\/wp\/v2\/tags?post=49436"}],"curies":[{"name":"wp","href":"https:\/\/api.w.org\/{rel}","templated":true}]}}