{"id":49440,"date":"2023-06-18T15:29:42","date_gmt":"2023-06-18T15:29:42","guid":{"rendered":"https:\/\/blog.corretoraideal.com.br\/?p=49440"},"modified":"2023-06-18T15:29:42","modified_gmt":"2023-06-18T15:29:42","slug":"reportagem-mostra-desafios-para-fiscalizar-desmatamento-no-cerrado-de-goias-globo-rural-g1","status":"publish","type":"post","link":"https:\/\/blog.corretoraideal.com.br\/index.php\/2023\/06\/18\/reportagem-mostra-desafios-para-fiscalizar-desmatamento-no-cerrado-de-goias-globo-rural-g1\/","title":{"rendered":"Reportagem mostra desafios para fiscalizar desmatamento no Cerrado de Goi\u00e1s | Globo Rural | G1"},"content":{"rendered":"<p>                <img loading=\"lazy\" decoding=\"async\" class=\"aligncenter size-full wp-image-49442\" src=\"https:\/\/blog.corretoraideal.com.br\/wp-content\/uploads\/2023\/06\/reportagem-mostra-desafios-para-fiscalizar-desmatamento-no-cerrado-de-goias-1.jpeg\" alt=\"Reportagem mostra desafios para fiscalizar desmatamento no Cerrado de Goi\u00e1s\" width=\"800\" height=\"400\" \/>      <\/p>\n<p> Reportagem mostra desafios para fiscalizar desmatamento no Cerrado de Goi\u00e1s <\/p>\n<p> O <a class href=\"https:\/\/g1.globo.com\/economia\/agronegocios\/globo-rural\/\">Globo Rural<\/a> acompanhou os desafios de funcion\u00e1rios do Parque Nacional da Chapada dos Veadeiros, em <a class href=\"https:\/\/g1.globo.com\/go\/goias\/cidade\/goias\/\">Goi\u00e1s<\/a>, para monitorar a\u00e7\u00f5es de grileiros e o desmatamento na regi\u00e3o. <\/p>\n<p> O local \u00e9 uma unidade de conserva\u00e7\u00e3o, abrigada pela vegeta\u00e7\u00e3o do Cerrado \u2013 segundo maior bioma do Brasil \u2013, que vem sofrendo com o desflorestamento. <\/p>\n<p> Imagens de sat\u00e9lite da Ag\u00eancia Espacial Europeia, por exemplo, mostram que o <strong>desmatamento no bioma ultrapassou 118 mil hectares em maio deste ano, um aumento de 35%<\/strong> em rela\u00e7\u00e3o ao mesmo m\u00eas de 2022. <\/p>\n<p> S\u00f3 neste ano, <strong>quase 100 quil\u00f4metros quadrados de Cerrado foram derrubados no estado de Goi\u00e1s<\/strong>, sendo que a maior parte ocorreu na Chapada dos Veadeiros. <\/p>\n<p><h2>Fiscaliza\u00e7\u00e3o<\/h2>\n<\/p>\n<p> Nossa equipe acompanhou o trabalho do diretor do parque nacional e turism\u00f3logo Lu\u00eds Neves. Ele contou que, desde o in\u00edcio do ano, a sua equipe investiga uma den\u00fancia de desmatamento \u00e0s margens do rio corrente. <\/p>\n<p> Ao caminhar com ele pelo parque, a reportagem se deparou, por exemplo, com uma nova estrada, rec\u00e9m-aberta, sem autoriza\u00e7\u00e3o das autoridades. <\/p>\n<p> Al\u00e9m disso, encontrou madeiras que foram retiradas do bioma e constru\u00e7\u00f5es irregulares de casas. <\/p>\n<p> Por outro lado, comunidades que vivem na regi\u00e3o adotam pr\u00e1ticas que preservam o local. \u00c9 o caso do Povo Kalunga, que est\u00e1 no territ\u00f3rio h\u00e1 mais de 340 anos. <\/p>\n<p> Dentro da terra deles, n\u00e3o \u00e9 permitido desmatar. Eles costumam, por exemplo, cultivar uma \u00e1rea por 5 ou 6 anos, e depois deixam a mata se regenerar. <\/p>\n<p> Para abrir uma nova \u00e1rea de plantio, precisam de uma autoriza\u00e7\u00e3o do Ibama (<a class href=\"https:\/\/g1.globo.com\/tudo-sobre\/ibama\/\">Instituto Brasileiro do Meio Ambiente e dos Recursos Naturais Renov\u00e1veis<\/a>). <\/p>\n<p> <strong>Confira a reportagem completa no v\u00eddeo acima.<\/strong> <\/p>\n<p><h2>V\u00eddeos mais assistidos do Globo Rural<\/h2>\n<\/p>\n<p>   <a href=\"https:\/\/g1.globo.com\/economia\/agronegocios\/globo-rural\/videos-globo-rural\/playlist\/videos-mais-assistidos-do-globo-rural.ghtml\">    50 v\u00eddeos      <\/a>   <\/p>\n<ul>\n<li> <a href=\"https:\/\/g1.globo.com\/go\/goias\/cidade\/goias\/\" class=\"entities__list-itemLink\" data-track-click=\"Goi\u00e1s\"> Goi\u00e1s <\/a> <\/li>\n<li> <a href=\"https:\/\/g1.globo.com\/tudo-sobre\/icmbio\/\" class=\"entities__list-itemLink\" data-track-click=\"ICMBio\"> ICMBio <\/a> <\/li>\n<li> <a href=\"https:\/\/g1.globo.com\/tudo-sobre\/ibama\/\" class=\"entities__list-itemLink\" data-track-click=\"Ibama\"> Ibama <\/a> <\/li>\n<\/ul>\n","protected":false},"excerpt":{"rendered":"<p>Reportagem mostra desafios para fiscalizar desmatamento no Cerrado de Goi\u00e1s O Globo Rural acompanhou os desafios de funcion\u00e1rios do Parque Nacional da Chapada dos Veadeiros, em Goi\u00e1s, para monitorar a\u00e7\u00f5es de grileiros e o desmatamento na regi\u00e3o. O local \u00e9 uma unidade de conserva\u00e7\u00e3o, abrigada pela vegeta\u00e7\u00e3o do Cerrado \u2013 segundo maior bioma do Brasil [&hellip;]<\/p>\n","protected":false},"author":1,"featured_media":0,"comment_status":"closed","ping_status":"closed","sticky":false,"template":"","format":"standard","meta":{"footnotes":""},"categories":[],"tags":[],"class_list":["post-49440","post","type-post","status-publish","format-standard","hentry"],"_links":{"self":[{"href":"https:\/\/blog.corretoraideal.com.br\/index.php\/wp-json\/wp\/v2\/posts\/49440","targetHints":{"allow":["GET"]}}],"collection":[{"href":"https:\/\/blog.corretoraideal.com.br\/index.php\/wp-json\/wp\/v2\/posts"}],"about":[{"href":"https:\/\/blog.corretoraideal.com.br\/index.php\/wp-json\/wp\/v2\/types\/post"}],"author":[{"embeddable":true,"href":"https:\/\/blog.corretoraideal.com.br\/index.php\/wp-json\/wp\/v2\/users\/1"}],"replies":[{"embeddable":true,"href":"https:\/\/blog.corretoraideal.com.br\/index.php\/wp-json\/wp\/v2\/comments?post=49440"}],"version-history":[{"count":1,"href":"https:\/\/blog.corretoraideal.com.br\/index.php\/wp-json\/wp\/v2\/posts\/49440\/revisions"}],"predecessor-version":[{"id":49443,"href":"https:\/\/blog.corretoraideal.com.br\/index.php\/wp-json\/wp\/v2\/posts\/49440\/revisions\/49443"}],"wp:attachment":[{"href":"https:\/\/blog.corretoraideal.com.br\/index.php\/wp-json\/wp\/v2\/media?parent=49440"}],"wp:term":[{"taxonomy":"category","embeddable":true,"href":"https:\/\/blog.corretoraideal.com.br\/index.php\/wp-json\/wp\/v2\/categories?post=49440"},{"taxonomy":"post_tag","embeddable":true,"href":"https:\/\/blog.corretoraideal.com.br\/index.php\/wp-json\/wp\/v2\/tags?post=49440"}],"curies":[{"name":"wp","href":"https:\/\/api.w.org\/{rel}","templated":true}]}}