{"id":49465,"date":"2023-06-19T14:29:47","date_gmt":"2023-06-19T14:29:47","guid":{"rendered":"https:\/\/blog.corretoraideal.com.br\/?p=49465"},"modified":"2023-06-19T14:29:47","modified_gmt":"2023-06-19T14:29:47","slug":"mulher-e-agredida-na-rua-em-sao-joao-da-barra-suspeito-foi-preso-norte-fluminense-g1","status":"publish","type":"post","link":"https:\/\/blog.corretoraideal.com.br\/index.php\/2023\/06\/19\/mulher-e-agredida-na-rua-em-sao-joao-da-barra-suspeito-foi-preso-norte-fluminense-g1\/","title":{"rendered":"Mulher \u00e9 agredida na rua em S\u00e3o Jo\u00e3o da Barra; suspeito foi preso | Norte Fluminense | G1"},"content":{"rendered":"<p>      1 de 1&#013;Viol\u00eancia foi flagrada em rua de S\u00e3o Jo\u00e3o da Barra \u2014 Foto: Reprodu\u00e7\u00e3o redes sociais    <\/p>\n<p> Viol\u00eancia foi flagrada em rua de S\u00e3o Jo\u00e3o da Barra \u2014 Foto: Reprodu\u00e7\u00e3o redes sociais <\/p>\n<p> Uma mulher foi agredida na rua em <a class href=\"https:\/\/g1.globo.com\/rj\/norte-fluminense\/cidade\/sao-joao-da-barra\/\">S\u00e3o Jo\u00e3o da Barra<\/a>, no Norte Fluminense, na noite deste \u00faltimo s\u00e1bado (17). O namorado, segundo a Pol\u00edcia Civil, foi preso, suspeito do crime. <\/p>\n<p> Algumas pessoas que estavam passando pelo local no momento das agress\u00f5es flagraram a viol\u00eancia. <\/p>\n<p> Nas imagens \u00e9 poss\u00edvel ver um homem dando tapas na mulher e depois segurando a cabe\u00e7a dela. <\/p>\n<p> A v\u00edtima foi atendida no hospital e liberada em seguida. O <strong>g1 <\/strong>apura a motiva\u00e7\u00e3o das agress\u00f5es e o v\u00ednculo existente entre as partes. <\/p>\n<p> O caso foi registrado na delegacia de Guarus, respons\u00e1vel pelo plant\u00e3o do fim de semana. <\/p>\n<ul>\n<li> <a href=\"https:\/\/g1.globo.com\/rj\/norte-fluminense\/cidade\/sao-joao-da-barra\/\" class=\"entities__list-itemLink\" data-track-click=\"S\u00e3o Jo\u00e3o da Barra\"> S\u00e3o Jo\u00e3o da Barra <\/a> <\/li>\n<\/ul>\n","protected":false},"excerpt":{"rendered":"<p>1 de 1&#013;Viol\u00eancia foi flagrada em rua de S\u00e3o Jo\u00e3o da Barra \u2014 Foto: Reprodu\u00e7\u00e3o redes sociais Viol\u00eancia foi flagrada em rua de S\u00e3o Jo\u00e3o da Barra \u2014 Foto: Reprodu\u00e7\u00e3o redes sociais Uma mulher foi agredida na rua em S\u00e3o Jo\u00e3o da Barra, no Norte Fluminense, na noite deste \u00faltimo s\u00e1bado (17). O namorado, segundo [&hellip;]<\/p>\n","protected":false},"author":1,"featured_media":0,"comment_status":"closed","ping_status":"closed","sticky":false,"template":"","format":"standard","meta":{"footnotes":""},"categories":[],"tags":[],"class_list":["post-49465","post","type-post","status-publish","format-standard","hentry"],"_links":{"self":[{"href":"https:\/\/blog.corretoraideal.com.br\/index.php\/wp-json\/wp\/v2\/posts\/49465","targetHints":{"allow":["GET"]}}],"collection":[{"href":"https:\/\/blog.corretoraideal.com.br\/index.php\/wp-json\/wp\/v2\/posts"}],"about":[{"href":"https:\/\/blog.corretoraideal.com.br\/index.php\/wp-json\/wp\/v2\/types\/post"}],"author":[{"embeddable":true,"href":"https:\/\/blog.corretoraideal.com.br\/index.php\/wp-json\/wp\/v2\/users\/1"}],"replies":[{"embeddable":true,"href":"https:\/\/blog.corretoraideal.com.br\/index.php\/wp-json\/wp\/v2\/comments?post=49465"}],"version-history":[{"count":1,"href":"https:\/\/blog.corretoraideal.com.br\/index.php\/wp-json\/wp\/v2\/posts\/49465\/revisions"}],"predecessor-version":[{"id":49467,"href":"https:\/\/blog.corretoraideal.com.br\/index.php\/wp-json\/wp\/v2\/posts\/49465\/revisions\/49467"}],"wp:attachment":[{"href":"https:\/\/blog.corretoraideal.com.br\/index.php\/wp-json\/wp\/v2\/media?parent=49465"}],"wp:term":[{"taxonomy":"category","embeddable":true,"href":"https:\/\/blog.corretoraideal.com.br\/index.php\/wp-json\/wp\/v2\/categories?post=49465"},{"taxonomy":"post_tag","embeddable":true,"href":"https:\/\/blog.corretoraideal.com.br\/index.php\/wp-json\/wp\/v2\/tags?post=49465"}],"curies":[{"name":"wp","href":"https:\/\/api.w.org\/{rel}","templated":true}]}}