{"id":49468,"date":"2023-06-19T16:30:03","date_gmt":"2023-06-19T16:30:03","guid":{"rendered":"https:\/\/blog.corretoraideal.com.br\/?p=49468"},"modified":"2023-06-19T16:30:03","modified_gmt":"2023-06-19T16:30:03","slug":"carro-zero-com-desconto-64-dos-recursos-para-bancar-programa-ja-foram-gastos-veja-a-lista-de-precos-economia-g1","status":"publish","type":"post","link":"https:\/\/blog.corretoraideal.com.br\/index.php\/2023\/06\/19\/carro-zero-com-desconto-64-dos-recursos-para-bancar-programa-ja-foram-gastos-veja-a-lista-de-precos-economia-g1\/","title":{"rendered":"Carro zero com desconto: 64% dos recursos para bancar programa j\u00e1 foram gastos; veja a lista de pre\u00e7os | Economia | G1"},"content":{"rendered":"<p>      1 de 1&#013;64% dos recursos para o programa de carros baratos j\u00e1 foram utilizados \u2014 Foto: Jornal Nacional\/ Reprodu\u00e7\u00e3o    <\/p>\n<p> 64% dos recursos para o programa de carros baratos j\u00e1 foram utilizados \u2014 Foto: Jornal Nacional\/ Reprodu\u00e7\u00e3o <\/p>\n<p> O Minist\u00e9rio do Desenvolvimento, Ind\u00fastria, Com\u00e9rcio e Servi\u00e7os (MDIC) informou nesta segunda-feira (19) que 64% dos recursos para financiamento do programa para baratear os carros populares j\u00e1 foram consumidos, ap\u00f3s uma disparada de 88% nas vendas no fim de semana. <\/p>\n<p> Segundo as informa\u00e7\u00f5es, as montadoras j\u00e1 solicitaram R$ 320 milh\u00f5es em cr\u00e9ditos tribut\u00e1rios dos R$ 500 milh\u00f5es dispon\u00edveis para os descontos ao consumidor pessoa f\u00edsica na compra de um ve\u00edculo zero. <\/p>\n<p> Nove montadoras participam do programa, com um total de <strong>266 vers\u00f5es<\/strong> de ve\u00edculos inclu\u00eddos pelas empresas na iniciativa, que correspondem a 32 modelos. <\/p>\n<p> <strong>Confira a lista atualizada de ve\u00edculos aqui:<\/strong> <\/p>\n<p> O desconto para autom\u00f3veis varia de R$ 2 mil a at\u00e9 R$ 8 mil no pre\u00e7o dos ve\u00edculos de at\u00e9 R$ 120 mil. As empresas do setor que aplicarem o desconto na venda ao consumidor receber\u00e3o um cr\u00e9dito tribut\u00e1rio, ou seja, poder\u00e3o abater os valores de impostos devidos ao governo. <\/p>\n<p> Segundo o MDIC, at\u00e9 o momento, os cr\u00e9ditos autorizados foram divididos da seguinte forma: <\/p>\n<ul>\n<li>FCA Fiat Chrysler: R$ 130 milh\u00f5es; <\/li>\n<li>Volks: R$ 50 milh\u00f5es<\/li>\n<li>Peugeot Citroen: R$ 40 milh\u00f5es; <\/li>\n<li>Renault: R$ 30 milh\u00f5es;<\/li>\n<li>GM e Hyundai: R$ 20 milh\u00f5es cada;<\/li>\n<li>Honda, Nissan e Toyota: R$ 10 milh\u00f5es cada.<\/li>\n<\/ul>\n<p><h2>Como calcular o desconto dos carros<\/h2>\n<\/p>\n<p>                   <img loading=\"lazy\" decoding=\"async\" class=\"aligncenter size-full wp-image-49470\" src=\"https:\/\/blog.corretoraideal.com.br\/wp-content\/uploads\/2023\/06\/desconto-para-carros-populares-veja-como-calcular.jpeg\" alt=\"Desconto para carros populares: veja como calcular\" width=\"800\" height=\"400\" \/>      <\/p>\n<p> Desconto para carros populares: veja como calcular <\/p>\n<p> Para saber quanto o comprador conseguir\u00e1 abater do pre\u00e7o, \u00e9 preciso somar uma quantidade m\u00ednima de pontos (veja como calcular abaixo). <\/p>\n<p> Para calcular o desconto de cada ve\u00edculo, \u00e9 necess\u00e1rio somar os pontos que ele tem em cada um dos crit\u00e9rios estabelecidos pelo governo. <\/p>\n<p> <strong>Para que um carro receba o desconto m\u00e1ximo, de R$ 8 mil, por exemplo, \u00e9 necess\u00e1rio chegar a, pelo menos, 90 pontos.<\/strong> <\/p>\n<p> Veja um exemplo: <\/p>\n<ul>\n<li>se a fonte de energia \u00e9 o etanol ou a eletricidade\/modelo h\u00edbrido, o carro faz 25 pontos;<\/li>\n<li>se tem um consumo energ\u00e9tico igual ou inferior a 1,40 MJ\/Km, faz mais 25 pontos;<\/li>\n<li>se o pre\u00e7o p\u00fablico sugerido for de R$ 70.000,01 a R$ 80 mil, faz 20 pontos;<\/li>\n<li>se a densidade produtiva (que equivale \u00e0 porcentagem daquele carro que foi produzido no Brasil) for de 65% a 74,99%, faz mais 20 pontos, totalizando 90 e alcan\u00e7ando o desconto de R$ 8 mil.<\/li>\n<\/ul>\n<p> <strong>Para ficar na faixa m\u00ednima de desconto, de R$ 2 mil, a pontua\u00e7\u00e3o precisa ficar abaixo de 69. Dessa forma, se o carro:<\/strong> <\/p>\n<ul>\n<li>\u00e9 flex (aceita gasolina e etanol), faz 20 pontos;<\/li>\n<li>tem um consumo energ\u00e9tico entre 1,61 e 2,00 MJ\/Km, faz 15 pontos;<\/li>\n<li>custa entre R$ 80.000,01 e R$ 90 mil, faz 18 pontos;<\/li>\n<li>tem uma densidade produtiva entre 60% e 64,99%, faz mais 15 pontos, totalizando 68 e recebendo o desconto m\u00ednimo.<\/li>\n<\/ul>\n<p> No total, s\u00e3o sete faixas de desconto, que variam de acordo com as seguintes pontua\u00e7\u00f5es: <\/p>\n<ul>\n<li><strong>R$ 8 mil<\/strong> para ve\u00edculos cuja soma dos pontos seja maior ou igual a 90;<\/li>\n<li><strong>R$ 7 mil<\/strong> para ve\u00edculos cuja soma dos pontos seja maior ou igual a 85 e inferior a 90;<\/li>\n<li><strong>R$ 6 mil<\/strong> para ve\u00edculos cuja soma dos pontos seja maior ou igual a 80 e um e inferior a 85;<\/li>\n<li><strong>R$ 5 mil<\/strong> para ve\u00edculos cuja soma dos pontos seja maior ou igual a 77 e inferior a 81;<\/li>\n<li><strong>R$ 4 mil<\/strong> para ve\u00edculos cuja soma dos pontos seja maior ou igual a 73 e inferior a 77;<\/li>\n<li><strong>R$ 3 mil<\/strong> para ve\u00edculos cuja soma dos pontos seja maior ou igual a 69 e inferior a 73;<\/li>\n<li><strong>R$ 2 mil<\/strong> para ve\u00edculos cuja soma dos pontos seja inferior a 69.<\/li>\n<\/ul>\n<p><h2>Descontos para caminh\u00f5es e \u00f4nibus<\/h2>\n<\/p>\n<p> O programa tamb\u00e9m \u00e9 destinado para o barateamento de caminh\u00f5es e \u00f4nibus, com um montante de R$ 700 milh\u00f5es destinados para a primeira categoria e de R$ 300 milh\u00f5es para a segunda. <\/p>\n<p> Segundo o Minist\u00e9rio, at\u00e9 agora, 14% dos recursos destinados para os caminh\u00f5es j\u00e1 foram utilizados, ou cerca de R$ 100 milh\u00f5es. Enquanto isso, 43%, ou R$ 130 milh\u00f5es, do programa para \u00f4nibus j\u00e1 foram utilizados. <\/p>\n<p> Nestas categorias, 10 montadoras aderiram ao programa para caminh\u00f5es e 13 para \u00f4nibus. <\/p>\n<ul> <\/ul>\n","protected":false},"excerpt":{"rendered":"<p>1 de 1&#013;64% dos recursos para o programa de carros baratos j\u00e1 foram utilizados \u2014 Foto: Jornal Nacional\/ Reprodu\u00e7\u00e3o 64% dos recursos para o programa de carros baratos j\u00e1 foram utilizados \u2014 Foto: Jornal Nacional\/ Reprodu\u00e7\u00e3o O Minist\u00e9rio do Desenvolvimento, Ind\u00fastria, Com\u00e9rcio e Servi\u00e7os (MDIC) informou nesta segunda-feira (19) que 64% dos recursos para financiamento [&hellip;]<\/p>\n","protected":false},"author":1,"featured_media":0,"comment_status":"closed","ping_status":"closed","sticky":false,"template":"","format":"standard","meta":{"footnotes":""},"categories":[],"tags":[],"class_list":["post-49468","post","type-post","status-publish","format-standard","hentry"],"_links":{"self":[{"href":"https:\/\/blog.corretoraideal.com.br\/index.php\/wp-json\/wp\/v2\/posts\/49468","targetHints":{"allow":["GET"]}}],"collection":[{"href":"https:\/\/blog.corretoraideal.com.br\/index.php\/wp-json\/wp\/v2\/posts"}],"about":[{"href":"https:\/\/blog.corretoraideal.com.br\/index.php\/wp-json\/wp\/v2\/types\/post"}],"author":[{"embeddable":true,"href":"https:\/\/blog.corretoraideal.com.br\/index.php\/wp-json\/wp\/v2\/users\/1"}],"replies":[{"embeddable":true,"href":"https:\/\/blog.corretoraideal.com.br\/index.php\/wp-json\/wp\/v2\/comments?post=49468"}],"version-history":[{"count":1,"href":"https:\/\/blog.corretoraideal.com.br\/index.php\/wp-json\/wp\/v2\/posts\/49468\/revisions"}],"predecessor-version":[{"id":49471,"href":"https:\/\/blog.corretoraideal.com.br\/index.php\/wp-json\/wp\/v2\/posts\/49468\/revisions\/49471"}],"wp:attachment":[{"href":"https:\/\/blog.corretoraideal.com.br\/index.php\/wp-json\/wp\/v2\/media?parent=49468"}],"wp:term":[{"taxonomy":"category","embeddable":true,"href":"https:\/\/blog.corretoraideal.com.br\/index.php\/wp-json\/wp\/v2\/categories?post=49468"},{"taxonomy":"post_tag","embeddable":true,"href":"https:\/\/blog.corretoraideal.com.br\/index.php\/wp-json\/wp\/v2\/tags?post=49468"}],"curies":[{"name":"wp","href":"https:\/\/api.w.org\/{rel}","templated":true}]}}