{"id":49476,"date":"2023-06-19T19:29:34","date_gmt":"2023-06-19T19:29:34","guid":{"rendered":"https:\/\/blog.corretoraideal.com.br\/?p=49476"},"modified":"2023-06-19T19:29:34","modified_gmt":"2023-06-19T19:29:34","slug":"macae-lanca-edital-para-cursos-de-capacitacao-com-cerca-de-500-vagas-norte-fluminense-g1","status":"publish","type":"post","link":"https:\/\/blog.corretoraideal.com.br\/index.php\/2023\/06\/19\/macae-lanca-edital-para-cursos-de-capacitacao-com-cerca-de-500-vagas-norte-fluminense-g1\/","title":{"rendered":"Maca\u00e9 lan\u00e7a edital para cursos de capacita\u00e7\u00e3o com cerca de 500 vagas | Norte Fluminense | G1"},"content":{"rendered":"\n<p> A Secretaria Adjunta de Qualifica\u00e7\u00e3o Profissional divulgou o edital 002\/2023, nesta segunda-feira (19), com a abertura das inscri\u00e7\u00f5es para os cursos de capacita\u00e7\u00e3o e aperfei\u00e7oamento profissional em <a class href=\"https:\/\/g1.globo.com\/rj\/regiao-dos-lagos\/cidade\/macae\/\">Maca\u00e9<\/a>, no Norte Fluminense. <\/p>\n<p> S\u00e3o oferecidas cerca de 500 vagas em 15 cursos na modalidade presencial, al\u00e9m de ingl\u00eas b\u00e1sico para mulheres. <\/p>\n<p> Os interessados poder\u00e3o se inscrever a partir desta quarta-feira (21) at\u00e9 quinta-feira (22) na sede do \u00f3rg\u00e3o, que fica na Rua Alfredo Backer, 363, Centro, das 9h \u00e0s 19h. <\/p>\n<p> J\u00e1 para o curso de Ingl\u00eas B\u00e1sico para Mulheres, as inscri\u00e7\u00f5es dever\u00e3o ser realizadas na Secretaria de Pol\u00edticas para as Mulheres, na Rua Dr. Luiz Belegard, 139, Imbetiba, das 9h \u00e0s 17h. <\/p>\n<p> Na sexta-feira (23), haver\u00e1 a divulga\u00e7\u00e3o e inscri\u00e7\u00e3o das vagas remanescentes, das 12h \u00e0s 19h, tamb\u00e9m na sede da Secretaria Adjunta de Qualifica\u00e7\u00e3o Profissional. Cada candidato poder\u00e1 se cadastrar em apenas um curso. <\/p>\n<p><h2>Pr\u00e9-requisitos<\/h2>\n<\/p>\n<ul>\n<li>O candidato precisa ter idade e escolaridade m\u00ednimas exigidas pelo curso escolhido no momento da inscri\u00e7\u00e3o;<\/li>\n<li>Conhecimentos pr\u00e9vios requisitados para alguns cursos;<\/li>\n<li>C\u00f3pia de um documento de identifica\u00e7\u00e3o com foto (Carteira de Identidade, carteira de trabalho ou habilita\u00e7\u00e3o), al\u00e9m da c\u00f3pia do CPF;<\/li>\n<li>C\u00f3pia do comprovante de escolaridade (Hist\u00f3rico Escolar, Declara\u00e7\u00e3o de matr\u00edcula para estudantes ou Declara\u00e7\u00e3o de s\u00e9rie cursada);<\/li>\n<li>C\u00f3pia do comprovante de resid\u00eancia;<\/li>\n<li>Candidatos menores de 18 anos dever\u00e3o ter sua matr\u00edcula realizada por um respons\u00e1vel legal.<\/li>\n<\/ul>\n<p><h2>Sobre os cursos<\/h2>\n<\/p>\n<p> Entre os cursos oferecidos est\u00e3o: Auxiliar Administrativo, Auxiliar de Log\u00edstica, Capacita\u00e7\u00e3o de Jovens para o Mundo do Trabalho, Rotinas Administrativas para Jovem Aprendiz, Auxiliar de Almoxarifado, Recep\u00e7\u00e3o, Ingl\u00eas b\u00e1sico para mulheres, Saloneiro, Plataformista, Eletricista Predial de Baixa Tens\u00e3o, Cuidador Infantil, Cuidador de Idoso, Recep\u00e7\u00e3o Hospitalar, Inform\u00e1tica b\u00e1sica e Pacote Microsoft Office.<a class href=\"https:\/\/www.macae.rj.gov.br\/midia\/conteudo\/arquivos\/1687005510.pdf\" target=\"_blank\" rel=\"noopener noreferrer\"> O edital completo pode ser acessado aqui.<\/a> <\/p>\n<p> O curso de Ingl\u00eas B\u00e1sico para Mulheres ter\u00e1 suas aulas realizadas na Secretaria de Pol\u00edticas para as Mulheres, no espa\u00e7o da Coordenadoria Espa\u00e7o Mulher Cidad\u00e3 Erosita Fran\u00e7a. <\/p>\n<ul>\n<li> <a href=\"https:\/\/g1.globo.com\/rj\/regiao-dos-lagos\/cidade\/macae\/\" class=\"entities__list-itemLink\" data-track-click=\"Maca\u00e9\"> Maca\u00e9 <\/a> <\/li>\n<\/ul>\n","protected":false},"excerpt":{"rendered":"<p>A Secretaria Adjunta de Qualifica\u00e7\u00e3o Profissional divulgou o edital 002\/2023, nesta segunda-feira (19), com a abertura das inscri\u00e7\u00f5es para os cursos de capacita\u00e7\u00e3o e aperfei\u00e7oamento profissional em Maca\u00e9, no Norte Fluminense. S\u00e3o oferecidas cerca de 500 vagas em 15 cursos na modalidade presencial, al\u00e9m de ingl\u00eas b\u00e1sico para mulheres. Os interessados poder\u00e3o se inscrever a [&hellip;]<\/p>\n","protected":false},"author":1,"featured_media":0,"comment_status":"closed","ping_status":"closed","sticky":false,"template":"","format":"standard","meta":{"footnotes":""},"categories":[],"tags":[],"class_list":["post-49476","post","type-post","status-publish","format-standard","hentry"],"_links":{"self":[{"href":"https:\/\/blog.corretoraideal.com.br\/index.php\/wp-json\/wp\/v2\/posts\/49476","targetHints":{"allow":["GET"]}}],"collection":[{"href":"https:\/\/blog.corretoraideal.com.br\/index.php\/wp-json\/wp\/v2\/posts"}],"about":[{"href":"https:\/\/blog.corretoraideal.com.br\/index.php\/wp-json\/wp\/v2\/types\/post"}],"author":[{"embeddable":true,"href":"https:\/\/blog.corretoraideal.com.br\/index.php\/wp-json\/wp\/v2\/users\/1"}],"replies":[{"embeddable":true,"href":"https:\/\/blog.corretoraideal.com.br\/index.php\/wp-json\/wp\/v2\/comments?post=49476"}],"version-history":[{"count":1,"href":"https:\/\/blog.corretoraideal.com.br\/index.php\/wp-json\/wp\/v2\/posts\/49476\/revisions"}],"predecessor-version":[{"id":49478,"href":"https:\/\/blog.corretoraideal.com.br\/index.php\/wp-json\/wp\/v2\/posts\/49476\/revisions\/49478"}],"wp:attachment":[{"href":"https:\/\/blog.corretoraideal.com.br\/index.php\/wp-json\/wp\/v2\/media?parent=49476"}],"wp:term":[{"taxonomy":"category","embeddable":true,"href":"https:\/\/blog.corretoraideal.com.br\/index.php\/wp-json\/wp\/v2\/categories?post=49476"},{"taxonomy":"post_tag","embeddable":true,"href":"https:\/\/blog.corretoraideal.com.br\/index.php\/wp-json\/wp\/v2\/tags?post=49476"}],"curies":[{"name":"wp","href":"https:\/\/api.w.org\/{rel}","templated":true}]}}