{"id":49479,"date":"2023-06-19T21:29:35","date_gmt":"2023-06-19T21:29:35","guid":{"rendered":"https:\/\/blog.corretoraideal.com.br\/?p=49479"},"modified":"2023-06-19T21:29:35","modified_gmt":"2023-06-19T21:29:35","slug":"relator-confirma-que-vai-retirar-fundeb-e-fundo-constitucional-do-df-da-nova-regra-fiscal-blog-ana-flor-g1","status":"publish","type":"post","link":"https:\/\/blog.corretoraideal.com.br\/index.php\/2023\/06\/19\/relator-confirma-que-vai-retirar-fundeb-e-fundo-constitucional-do-df-da-nova-regra-fiscal-blog-ana-flor-g1\/","title":{"rendered":"Relator confirma que vai retirar Fundeb e Fundo Constitucional do DF da nova regra fiscal | Blog Ana Flor | G1"},"content":{"rendered":"\n<p> O relator no Senado da nova regra fiscal, senador <a class href=\"https:\/\/g1.globo.com\/politica\/politico\/omar-aziz\/\">Omar Aziz<\/a> (PSD), confirmou que vai retirar o <a class href=\"https:\/\/g1.globo.com\/tudo-sobre\/fundeb\/\">Fundeb<\/a> e o <a class href=\"https:\/\/g1.globo.com\/df\/distrito-federal\/noticia\/2023\/05\/24\/fundo-constitucional-e-mantido-dentro-do-arcabouco-fiscal-bancada-do-df-alerta-para-perda-de-r-87-bi.ghtml\">Fundo Constitucional do Distrito Federal<\/a> (FCDF) do alcance da norma. <\/p>\n<p> Tamb\u00e9m conhecidas como arcabou\u00e7o fiscal, as novas regras buscam, de forma geral, limitar o crescimento das despesas do governo ao crescimento das receitas. <\/p>\n<p> Ficando de fora da regra, os dois fundos poder\u00e3o crescer acima desse limite de um ano para o outro. <\/p>\n<p> O Fundeb \u00e9 o Fundo de Manuten\u00e7\u00e3o e Desenvolvimento da Educa\u00e7\u00e3o B\u00e1sica: \u00e9 a principal fonte de financiamento do setor. <\/p>\n<p> J\u00e1 o FCDF \u00e9 destinado para o investimento em seguran\u00e7a, sa\u00fade e educa\u00e7\u00e3o no DF, por abrigar a capital do pa\u00eds. <\/p>\n<p> Parlamentares do DF estimam que, se o FCDF ficar na regra do arcabou\u00e7o, Bras\u00edlia perde R$ 87 bilh\u00f5es em 10 anos. <\/p>\n<p> Altera\u00e7\u00f5es no texto, que j\u00e1 foi aprovado pela C\u00e2mara, dever\u00e3o levar o projeto para ser apreciado novamente pelos deputados. O governo gostaria de resolver a tramita\u00e7\u00e3o j\u00e1 no Senado. <\/p>\n<p><h2>Per\u00edodo da infla\u00e7\u00e3o<\/h2>\n<\/p>\n<p> Aziz tamb\u00e9m informou que ainda n\u00e3o definiu qual per\u00edodo ser\u00e1 considerado para o c\u00e1lculo da infla\u00e7\u00e3o que servir\u00e1 de base para a aplica\u00e7\u00e3o da nova regra fiscal em 2024. <\/p>\n<p> No texto aprovado pela C\u00e2mara, o per\u00edodo \u00e9 de 12 meses fechados em junho de 2023. Mas h\u00e1 propostas dentro do Senado para que o per\u00edodo seja fechado em meses posteriores, como novembro de 2023. <\/p>\n<p> O presidente da C\u00e2mara, deputado <a class href=\"https:\/\/g1.globo.com\/politica\/politico\/arthur-lira\/\">Arthur Lira<\/a> (PP-AL), \u00e9 contra essa mudan\u00e7a. <\/p>\n<ul>\n<li> <a href=\"https:\/\/g1.globo.com\/politica\/politico\/arthur-lira\/\" class=\"entities__list-itemLink\" data-track-click=\"Arthur Lira\"> Arthur Lira <\/a> <\/li>\n<li> <a href=\"https:\/\/g1.globo.com\/tudo-sobre\/fundeb\/\" class=\"entities__list-itemLink\" data-track-click=\"Fundeb\"> Fundeb <\/a> <\/li>\n<li> <a href=\"https:\/\/g1.globo.com\/politica\/politico\/omar-aziz\/\" class=\"entities__list-itemLink\" data-track-click=\"Omar Aziz\"> Omar Aziz <\/a> <\/li>\n<\/ul>\n","protected":false},"excerpt":{"rendered":"<p>O relator no Senado da nova regra fiscal, senador Omar Aziz (PSD), confirmou que vai retirar o Fundeb e o Fundo Constitucional do Distrito Federal (FCDF) do alcance da norma. Tamb\u00e9m conhecidas como arcabou\u00e7o fiscal, as novas regras buscam, de forma geral, limitar o crescimento das despesas do governo ao crescimento das receitas. Ficando de [&hellip;]<\/p>\n","protected":false},"author":1,"featured_media":0,"comment_status":"closed","ping_status":"closed","sticky":false,"template":"","format":"standard","meta":{"footnotes":""},"categories":[],"tags":[],"class_list":["post-49479","post","type-post","status-publish","format-standard","hentry"],"_links":{"self":[{"href":"https:\/\/blog.corretoraideal.com.br\/index.php\/wp-json\/wp\/v2\/posts\/49479","targetHints":{"allow":["GET"]}}],"collection":[{"href":"https:\/\/blog.corretoraideal.com.br\/index.php\/wp-json\/wp\/v2\/posts"}],"about":[{"href":"https:\/\/blog.corretoraideal.com.br\/index.php\/wp-json\/wp\/v2\/types\/post"}],"author":[{"embeddable":true,"href":"https:\/\/blog.corretoraideal.com.br\/index.php\/wp-json\/wp\/v2\/users\/1"}],"replies":[{"embeddable":true,"href":"https:\/\/blog.corretoraideal.com.br\/index.php\/wp-json\/wp\/v2\/comments?post=49479"}],"version-history":[{"count":1,"href":"https:\/\/blog.corretoraideal.com.br\/index.php\/wp-json\/wp\/v2\/posts\/49479\/revisions"}],"predecessor-version":[{"id":49481,"href":"https:\/\/blog.corretoraideal.com.br\/index.php\/wp-json\/wp\/v2\/posts\/49479\/revisions\/49481"}],"wp:attachment":[{"href":"https:\/\/blog.corretoraideal.com.br\/index.php\/wp-json\/wp\/v2\/media?parent=49479"}],"wp:term":[{"taxonomy":"category","embeddable":true,"href":"https:\/\/blog.corretoraideal.com.br\/index.php\/wp-json\/wp\/v2\/categories?post=49479"},{"taxonomy":"post_tag","embeddable":true,"href":"https:\/\/blog.corretoraideal.com.br\/index.php\/wp-json\/wp\/v2\/tags?post=49479"}],"curies":[{"name":"wp","href":"https:\/\/api.w.org\/{rel}","templated":true}]}}