{"id":49511,"date":"2023-06-20T15:30:23","date_gmt":"2023-06-20T15:30:23","guid":{"rendered":"https:\/\/blog.corretoraideal.com.br\/?p=49511"},"modified":"2023-06-20T15:30:23","modified_gmt":"2023-06-20T15:30:23","slug":"profissionais-da-cultura-em-itaperuna-tem-ate-23-de-junho-para-fazer-cadastro-ou-atualizacao-de-dados-norte-fluminense-g1","status":"publish","type":"post","link":"https:\/\/blog.corretoraideal.com.br\/index.php\/2023\/06\/20\/profissionais-da-cultura-em-itaperuna-tem-ate-23-de-junho-para-fazer-cadastro-ou-atualizacao-de-dados-norte-fluminense-g1\/","title":{"rendered":"Profissionais da cultura em Itaperuna tem at\u00e9 23 de junho para fazer cadastro ou atualiza\u00e7\u00e3o de dados | Norte Fluminense | G1"},"content":{"rendered":"\n<p> Produtores culturais de <a class href=\"https:\/\/g1.globo.com\/rj\/norte-fluminense\/cidade\/itaperuna\/\">Itaperuna<\/a>, no Noroeste Fluminense, tem at\u00e9 a pr\u00f3xima sexta-feira (23) para se cadastrarem ou fazer a atualiza\u00e7\u00e3o dos dados junto \u00e0 Secretaria Municipal de Cultura. <\/p>\n<p> A convoca\u00e7\u00e3o \u00e9 necess\u00e1ria visto que o cadastro \u00e9 um requisito obrigat\u00f3rio para profissionais pleitearem a Lei Paulo Gustavo. <\/p>\n<p> Podem se cadastrar profissionais, espa\u00e7os e grupos que integram o universo produtivo da cultura na cidade. <\/p>\n<p> Os interessados em se cadastrar ou atualizar os dados devem comparecer \u00e0 Secretaria Municipal de Cultura, que fica na Avenida Cardoso Moreira, n\u00ba 485, 2\u00ba andar, no Centro (no antigo F\u00f3rum), das 8h \u00e0s 13h. <\/p>\n<ul>\n<li> <a href=\"https:\/\/g1.globo.com\/rj\/norte-fluminense\/cidade\/itaperuna\/\" class=\"entities__list-itemLink\" data-track-click=\"Itaperuna\"> Itaperuna <\/a> <\/li>\n<\/ul>\n","protected":false},"excerpt":{"rendered":"<p>Produtores culturais de Itaperuna, no Noroeste Fluminense, tem at\u00e9 a pr\u00f3xima sexta-feira (23) para se cadastrarem ou fazer a atualiza\u00e7\u00e3o dos dados junto \u00e0 Secretaria Municipal de Cultura. A convoca\u00e7\u00e3o \u00e9 necess\u00e1ria visto que o cadastro \u00e9 um requisito obrigat\u00f3rio para profissionais pleitearem a Lei Paulo Gustavo. Podem se cadastrar profissionais, espa\u00e7os e grupos que [&hellip;]<\/p>\n","protected":false},"author":1,"featured_media":0,"comment_status":"closed","ping_status":"closed","sticky":false,"template":"","format":"standard","meta":{"footnotes":""},"categories":[],"tags":[],"class_list":["post-49511","post","type-post","status-publish","format-standard","hentry"],"_links":{"self":[{"href":"https:\/\/blog.corretoraideal.com.br\/index.php\/wp-json\/wp\/v2\/posts\/49511","targetHints":{"allow":["GET"]}}],"collection":[{"href":"https:\/\/blog.corretoraideal.com.br\/index.php\/wp-json\/wp\/v2\/posts"}],"about":[{"href":"https:\/\/blog.corretoraideal.com.br\/index.php\/wp-json\/wp\/v2\/types\/post"}],"author":[{"embeddable":true,"href":"https:\/\/blog.corretoraideal.com.br\/index.php\/wp-json\/wp\/v2\/users\/1"}],"replies":[{"embeddable":true,"href":"https:\/\/blog.corretoraideal.com.br\/index.php\/wp-json\/wp\/v2\/comments?post=49511"}],"version-history":[{"count":1,"href":"https:\/\/blog.corretoraideal.com.br\/index.php\/wp-json\/wp\/v2\/posts\/49511\/revisions"}],"predecessor-version":[{"id":49513,"href":"https:\/\/blog.corretoraideal.com.br\/index.php\/wp-json\/wp\/v2\/posts\/49511\/revisions\/49513"}],"wp:attachment":[{"href":"https:\/\/blog.corretoraideal.com.br\/index.php\/wp-json\/wp\/v2\/media?parent=49511"}],"wp:term":[{"taxonomy":"category","embeddable":true,"href":"https:\/\/blog.corretoraideal.com.br\/index.php\/wp-json\/wp\/v2\/categories?post=49511"},{"taxonomy":"post_tag","embeddable":true,"href":"https:\/\/blog.corretoraideal.com.br\/index.php\/wp-json\/wp\/v2\/tags?post=49511"}],"curies":[{"name":"wp","href":"https:\/\/api.w.org\/{rel}","templated":true}]}}