{"id":49530,"date":"2023-06-20T22:29:51","date_gmt":"2023-06-20T22:29:51","guid":{"rendered":"https:\/\/blog.corretoraideal.com.br\/?p=49530"},"modified":"2023-06-20T22:29:51","modified_gmt":"2023-06-20T22:29:51","slug":"os-estados-que-mais-gastaram-com-educacao-e-saude-este-ano-segundo-relatorio-do-tesouro-economia-g1","status":"publish","type":"post","link":"https:\/\/blog.corretoraideal.com.br\/index.php\/2023\/06\/20\/os-estados-que-mais-gastaram-com-educacao-e-saude-este-ano-segundo-relatorio-do-tesouro-economia-g1\/","title":{"rendered":"Os Estados que mais gastaram com educa\u00e7\u00e3o e sa\u00fade este ano, segundo relat\u00f3rio do Tesouro | Economia | G1"},"content":{"rendered":"<p>      1 de 1&#013;Os Estados que mais gastaram com educa\u00e7\u00e3o e sa\u00fade este ano, segundo relat\u00f3rio do Tesouro \u2014 Foto: Mauro Pimentel\/AFP    <\/p>\n<p> Os Estados que mais gastaram com educa\u00e7\u00e3o e sa\u00fade este ano, segundo relat\u00f3rio do Tesouro \u2014 Foto: Mauro Pimentel\/AFP <\/p>\n<p> Os Estados do <a class href=\"https:\/\/g1.globo.com\/pr\/parana\/\">Paran\u00e1<\/a>, <a class href=\"https:\/\/g1.globo.com\/ac\/acre\/\">Acre<\/a> e <a class href=\"https:\/\/g1.globo.com\/pb\/paraiba\/\">Para\u00edba<\/a> tiveram os maiores gastos com educa\u00e7\u00e3o at\u00e9 abril deste ano, segundo dados divulgados nessa ter\u00e7a-feira (20) no Relat\u00f3rio Resumido de Execu\u00e7\u00e3o Or\u00e7ament\u00e1ria com Foco nos Estados + DF, do <a class href=\"https:\/\/g1.globo.com\/tudo-sobre\/tesouro-nacional\/\">Tesouro Nacional<\/a>, referente ao 2\u00ba bimestre de 2023. <\/p>\n<p> \u00c9 a primeira vez que o relat\u00f3rio traz um detalhamento das despesas liquidadas dos Estados por fun\u00e7\u00e3o, revelando quanto os entes gastam em suas \u00e1reas de atua\u00e7\u00e3o, como educa\u00e7\u00e3o, sa\u00fade, transporte, entre outras. <\/p>\n<p> De acordo com esse indicador, os maiores gastos em educa\u00e7\u00e3o foram realizados pelos Estados do Paran\u00e1 (24%), Acre (23%) e Para\u00edba (23%). O percentual \u00e9 calculado pelas despesas liquidadas por fun\u00e7\u00e3o, no caso educa\u00e7\u00e3o, em rela\u00e7\u00e3o \u00e0 despesa total at\u00e9 o acumulado do 2\u00ba bimestre. <\/p>\n<p> Os menores gastos em educa\u00e7\u00e3o, por sua vez, foram observados no Rio de Janeiro (9%), no Esp\u00edrito Santo (11%), em Alagoas (12%) e em Pernambuco (12%). <\/p>\n<p> Em sa\u00fade, at\u00e9 o segundo bimestre, os maiores percentuais gastos foram verificados no Tocantins (23%), em Roraima (22%) e no <a class href=\"https:\/\/g1.globo.com\/ap\/amapa\/cidade\/amapa\/\">Amap\u00e1<\/a> (20%), enquanto os menores foram registrados no Mato Grosso do Sul (8%), no Paran\u00e1 (9%) e <a class href=\"https:\/\/g1.globo.com\/sp\/sao-paulo\/cidade\/sao-paulo\/\">S\u00e3o Paulo<\/a> (9%). <\/p>\n<p><h2>Outras despesas e crescimento<\/h2>\n<\/p>\n<p> Al\u00e9m das fun\u00e7\u00f5es sa\u00fade e educa\u00e7\u00e3o, o relat\u00f3rio traz ainda detalhamento dos gastos nas \u00e1reas Judici\u00e1ria, Seguran\u00e7a P\u00fablica, Previd\u00eancia Social, Transporte, Administra\u00e7\u00e3o e outras despesas. <\/p>\n<p> O relat\u00f3rio tamb\u00e9m mostra que os Estados de Alagoas (11%), Piau\u00ed (9%) e Mato Grosso do Sul (8%) apresentaram os maiores crescimentos, em termos percentuais, de suas receitas correntes at\u00e9 o 2\u00ba bimestre de 2023 na compara\u00e7\u00e3o com o mesmo per\u00edodo de 2022, enquanto <a class href=\"https:\/\/g1.globo.com\/ap\/amapa\/cidade\/amapa\/\">Amap\u00e1<\/a> (-9%), <a class href=\"https:\/\/g1.globo.com\/sp\/sao-paulo\/cidade\/sao-paulo\/\">S\u00e3o Paulo<\/a> (-6%) e Rio de Janeiro (-3%) tiveram as maiores redu\u00e7\u00f5es desse indicador. <\/p>\n<p> Quando considerada a despesa corrente, os Estados que apresentaram maior crescimento no per\u00edodo analisado foram <a class href=\"https:\/\/g1.globo.com\/ap\/amapa\/cidade\/amapa\/\">Amap\u00e1<\/a> (26%), Rio Grande do Norte (20%), Cear\u00e1 (19%) e Acre (19%). J\u00e1 os entes que mais reduziram esse indicador no per\u00edodo foram Minas Gerais (-8%), <a class href=\"https:\/\/g1.globo.com\/sp\/sao-paulo\/cidade\/sao-paulo\/\">S\u00e3o Paulo<\/a> (-4%) e Distrito Federal (-2%). <\/p>\n<p> As despesas de pessoal tiveram a maior participa\u00e7\u00e3o na composi\u00e7\u00e3o das despesas correntes em rela\u00e7\u00e3o \u00e0 receita total em todos os Estados, com destaque para Rio Grande do Norte (73%), Rio Grande do Sul (71%) e Minas Gerais (59%). O segundo maior grupo de gasto dos entes foi em despesa de custeio, com os maiores n\u00edveis verificados no Amazonas (40%), Distrito Federal (31%) e em Goi\u00e1s (31%). <\/p>\n<ul>\n<li> <a href=\"https:\/\/g1.globo.com\/topico\/acre\" class=\"entities__list-itemLink\" data-track-click=\"Acre\"> Acre <\/a> <\/li>\n<li> <a href=\"https:\/\/g1.globo.com\/ap\/amapa\/cidade\/amapa\/\" class=\"entities__list-itemLink\" data-track-click=\"Amap\u00e1\"> Amap\u00e1 <\/a> <\/li>\n<li> <a href=\"https:\/\/g1.globo.com\/topico\/amazonas\" class=\"entities__list-itemLink\" data-track-click=\"Amazonas\"> Amazonas <\/a> <\/li>\n<li> <a href=\"https:\/\/g1.globo.com\/topico\/distrito-federal\" class=\"entities__list-itemLink\" data-track-click=\"Distrito Federal\"> Distrito Federal <\/a> <\/li>\n<li> <a href=\"https:\/\/g1.globo.com\/topico\/minas-gerais\" class=\"entities__list-itemLink\" data-track-click=\"Minas Gerais\"> Minas Gerais <\/a> <\/li>\n<li> <a href=\"https:\/\/g1.globo.com\/topico\/rio-grande-do-norte\" class=\"entities__list-itemLink\" data-track-click=\"Rio Grande do Norte\"> Rio Grande do Norte <\/a> <\/li>\n<li> <a href=\"https:\/\/g1.globo.com\/topico\/roraima\" class=\"entities__list-itemLink\" data-track-click=\"Roraima\"> Roraima <\/a> <\/li>\n<li> <a href=\"https:\/\/g1.globo.com\/sp\/sao-paulo\/cidade\/sao-paulo\/\" class=\"entities__list-itemLink\" data-track-click=\"S\u00e3o Paulo\"> S\u00e3o Paulo <\/a> <\/li>\n<li> <a href=\"https:\/\/g1.globo.com\/tudo-sobre\/tesouro-nacional\/\" class=\"entities__list-itemLink\" data-track-click=\"Tesouro Nacional\"> Tesouro Nacional <\/a> <\/li>\n<\/ul>\n","protected":false},"excerpt":{"rendered":"<p>1 de 1&#013;Os Estados que mais gastaram com educa\u00e7\u00e3o e sa\u00fade este ano, segundo relat\u00f3rio do Tesouro \u2014 Foto: Mauro Pimentel\/AFP Os Estados que mais gastaram com educa\u00e7\u00e3o e sa\u00fade este ano, segundo relat\u00f3rio do Tesouro \u2014 Foto: Mauro Pimentel\/AFP Os Estados do Paran\u00e1, Acre e Para\u00edba tiveram os maiores gastos com educa\u00e7\u00e3o at\u00e9 abril [&hellip;]<\/p>\n","protected":false},"author":1,"featured_media":0,"comment_status":"closed","ping_status":"closed","sticky":false,"template":"","format":"standard","meta":{"footnotes":""},"categories":[],"tags":[],"class_list":["post-49530","post","type-post","status-publish","format-standard","hentry"],"_links":{"self":[{"href":"https:\/\/blog.corretoraideal.com.br\/index.php\/wp-json\/wp\/v2\/posts\/49530","targetHints":{"allow":["GET"]}}],"collection":[{"href":"https:\/\/blog.corretoraideal.com.br\/index.php\/wp-json\/wp\/v2\/posts"}],"about":[{"href":"https:\/\/blog.corretoraideal.com.br\/index.php\/wp-json\/wp\/v2\/types\/post"}],"author":[{"embeddable":true,"href":"https:\/\/blog.corretoraideal.com.br\/index.php\/wp-json\/wp\/v2\/users\/1"}],"replies":[{"embeddable":true,"href":"https:\/\/blog.corretoraideal.com.br\/index.php\/wp-json\/wp\/v2\/comments?post=49530"}],"version-history":[{"count":1,"href":"https:\/\/blog.corretoraideal.com.br\/index.php\/wp-json\/wp\/v2\/posts\/49530\/revisions"}],"predecessor-version":[{"id":49532,"href":"https:\/\/blog.corretoraideal.com.br\/index.php\/wp-json\/wp\/v2\/posts\/49530\/revisions\/49532"}],"wp:attachment":[{"href":"https:\/\/blog.corretoraideal.com.br\/index.php\/wp-json\/wp\/v2\/media?parent=49530"}],"wp:term":[{"taxonomy":"category","embeddable":true,"href":"https:\/\/blog.corretoraideal.com.br\/index.php\/wp-json\/wp\/v2\/categories?post=49530"},{"taxonomy":"post_tag","embeddable":true,"href":"https:\/\/blog.corretoraideal.com.br\/index.php\/wp-json\/wp\/v2\/tags?post=49530"}],"curies":[{"name":"wp","href":"https:\/\/api.w.org\/{rel}","templated":true}]}}