{"id":49533,"date":"2023-06-21T01:29:49","date_gmt":"2023-06-21T01:29:49","guid":{"rendered":"https:\/\/blog.corretoraideal.com.br\/?p=49533"},"modified":"2023-06-21T01:29:49","modified_gmt":"2023-06-21T01:29:49","slug":"confira-as-vagas-de-emprego-disponiveis-esta-semana-em-campos-macae-e-itaperuna-norte-fluminense-g1","status":"publish","type":"post","link":"https:\/\/blog.corretoraideal.com.br\/index.php\/2023\/06\/21\/confira-as-vagas-de-emprego-disponiveis-esta-semana-em-campos-macae-e-itaperuna-norte-fluminense-g1\/","title":{"rendered":"Confira as vagas de emprego dispon\u00edveis esta semana em Campos, Maca\u00e9 e Itaperuna | Norte Fluminense | G1"},"content":{"rendered":"\n<p> As prefeituras de <a class href=\"https:\/\/g1.globo.com\/rj\/norte-fluminense\/cidade\/campos-dos-goytacazes\/\">Campos dos Goytacazes<\/a>, Maca\u00e9 e Itaperuna divulgaram as vagas de emprego desta semana disponibilizadas para as regi\u00f5es Norte e Noroeste do Estado do Rio. <\/p>\n<p> As oportunidades s\u00e3o atualizadas diariamente e h\u00e1 vagas para todos os n\u00edveis de escolaridade. <\/p>\n<p> Em Campos, h\u00e1 um total de 170 vagas em diferentes \u00e1reas, dentre elas: <\/p>\n<ul>\n<li>Atendimento ao cliente<\/li>\n<li>Corretor de im\u00f3veis<\/li>\n<li>Pedreiro<\/li>\n<li>Auxiliar administrativo<\/li>\n<li>Bombeiro hidr\u00e1ulico<\/li>\n<li>Eletricista<\/li>\n<\/ul>\n<p> Em Maca\u00e9, s\u00e3o 89 oportunidades, e algumas dessas vagas s\u00e3o para: <\/p>\n<ul>\n<li>Eletricista automotivo<\/li>\n<li>Auxiliar de cozinha<\/li>\n<li>Representante comercial<\/li>\n<li>Motorista de carreta<\/li>\n<li>Engenheiro<\/li>\n<li>Motoboy<\/li>\n<\/ul>\n<p> J\u00e1 em Itaperuna, duas vagas est\u00e3o dispon\u00edveis: <\/p>\n<ul>\n<li>Atendente com boa comunica\u00e7\u00e3o e se poss\u00edvel, experi\u00eancia com pe\u00e7as automotivas. Precisa saber inform\u00e1tica b\u00e1sica;<\/li>\n<li>Atendente de caixa com experi\u00eancia e conhecimento em inform\u00e1tica avan\u00e7ada.<\/li>\n<\/ul>\n<p> Os interessados nas oportunidades podem entrar em contato com os \u00f3rg\u00e3os atrav\u00e9s dos sites: <\/p>\n<p> <strong>Em Maca\u00e9 <\/strong>&#8211; <a class href=\"https:\/\/sistemas.macae.rj.gov.br:84\/trabalhoerenda\/index\/mural\" target=\"_blank\" rel=\"noopener noreferrer\">https:\/\/sistemas.macae.rj.gov.br:84\/trabalhoerenda\/index\/mural<\/a> <\/p>\n<p> <strong>Em Campos<\/strong> &#8211; <a class href=\"https:\/\/sistemas.campos.rj.gov.br\/sgbemp\/vagas\" target=\"_blank\" rel=\"noopener noreferrer\">https:\/\/sistemas.campos.rj.gov.br\/sgbemp\/vagas<\/a> <\/p>\n<p> <strong>Itaperuna &#8211;<\/strong> atrav\u00e9s do e-mail acessuastrabalhoitaperuna@gmail.com. Lembrando que, neste caso, quem n\u00e3o tem curr\u00edculo, pode comparecer pessoalmente ao Acessuas &#8211; Acesso ao Mundo do Trabalho, na Rua S\u00e3o Jos\u00e9, 104, no Centro de Itaperuna, munido com a identidade, CPF, comprovante de resid\u00eancia e carteira de trabalho (caso tenha), das 8h \u00e0s 17h, de segunda a sexta-feira. <\/p>\n<ul>\n<li> <a href=\"https:\/\/g1.globo.com\/rj\/norte-fluminense\/cidade\/campos-dos-goytacazes\/\" class=\"entities__list-itemLink\" data-track-click=\"Campos dos Goytacazes\"> Campos dos Goytacazes <\/a> <\/li>\n<\/ul>\n","protected":false},"excerpt":{"rendered":"<p>As prefeituras de Campos dos Goytacazes, Maca\u00e9 e Itaperuna divulgaram as vagas de emprego desta semana disponibilizadas para as regi\u00f5es Norte e Noroeste do Estado do Rio. As oportunidades s\u00e3o atualizadas diariamente e h\u00e1 vagas para todos os n\u00edveis de escolaridade. Em Campos, h\u00e1 um total de 170 vagas em diferentes \u00e1reas, dentre elas: Atendimento [&hellip;]<\/p>\n","protected":false},"author":1,"featured_media":0,"comment_status":"closed","ping_status":"closed","sticky":false,"template":"","format":"standard","meta":{"footnotes":""},"categories":[],"tags":[],"class_list":["post-49533","post","type-post","status-publish","format-standard","hentry"],"_links":{"self":[{"href":"https:\/\/blog.corretoraideal.com.br\/index.php\/wp-json\/wp\/v2\/posts\/49533","targetHints":{"allow":["GET"]}}],"collection":[{"href":"https:\/\/blog.corretoraideal.com.br\/index.php\/wp-json\/wp\/v2\/posts"}],"about":[{"href":"https:\/\/blog.corretoraideal.com.br\/index.php\/wp-json\/wp\/v2\/types\/post"}],"author":[{"embeddable":true,"href":"https:\/\/blog.corretoraideal.com.br\/index.php\/wp-json\/wp\/v2\/users\/1"}],"replies":[{"embeddable":true,"href":"https:\/\/blog.corretoraideal.com.br\/index.php\/wp-json\/wp\/v2\/comments?post=49533"}],"version-history":[{"count":1,"href":"https:\/\/blog.corretoraideal.com.br\/index.php\/wp-json\/wp\/v2\/posts\/49533\/revisions"}],"predecessor-version":[{"id":49535,"href":"https:\/\/blog.corretoraideal.com.br\/index.php\/wp-json\/wp\/v2\/posts\/49533\/revisions\/49535"}],"wp:attachment":[{"href":"https:\/\/blog.corretoraideal.com.br\/index.php\/wp-json\/wp\/v2\/media?parent=49533"}],"wp:term":[{"taxonomy":"category","embeddable":true,"href":"https:\/\/blog.corretoraideal.com.br\/index.php\/wp-json\/wp\/v2\/categories?post=49533"},{"taxonomy":"post_tag","embeddable":true,"href":"https:\/\/blog.corretoraideal.com.br\/index.php\/wp-json\/wp\/v2\/tags?post=49533"}],"curies":[{"name":"wp","href":"https:\/\/api.w.org\/{rel}","templated":true}]}}