{"id":49543,"date":"2023-06-21T06:34:47","date_gmt":"2023-06-21T06:34:47","guid":{"rendered":"https:\/\/blog.corretoraideal.com.br\/?p=49543"},"modified":"2023-06-21T06:34:47","modified_gmt":"2023-06-21T06:34:47","slug":"exame-de-paciente-que-morreu-com-suspeita-de-febre-maculosa-em-campos-rj-segue-em-analise-no-lacen-norte-fluminense-g1","status":"publish","type":"post","link":"https:\/\/blog.corretoraideal.com.br\/index.php\/2023\/06\/21\/exame-de-paciente-que-morreu-com-suspeita-de-febre-maculosa-em-campos-rj-segue-em-analise-no-lacen-norte-fluminense-g1\/","title":{"rendered":"Exame de paciente que morreu com suspeita de febre maculosa em Campos, RJ, segue em an\u00e1lise no Lacen | Norte Fluminense | G1"},"content":{"rendered":"<p>                <img loading=\"lazy\" decoding=\"async\" class=\"aligncenter size-full wp-image-49545\" src=\"https:\/\/blog.corretoraideal.com.br\/wp-content\/uploads\/2023\/06\/suspeita-de-morte-por-febre-maculosa-e-investigada-em-campos.jpeg\" alt=\"Suspeita de morte por febre maculosa \u00e9 investigada em Campos\" width=\"800\" height=\"400\" \/>      <\/p>\n<p> Suspeita de morte por febre maculosa \u00e9 investigada em Campos <\/p>\n<p> O exame de laborat\u00f3rio do paciente que morreu com suspeita de febre maculosa em <a class href=\"https:\/\/g1.globo.com\/rj\/norte-fluminense\/cidade\/campos-dos-goytacazes\/\">Campos dos Goytacazes<\/a>, no Norte Fluminense, est\u00e1 sendo analisado no Laborat\u00f3rio Central Noel Nutels de Sa\u00fade P\u00fablica (Lacen), localizado no Rio de Janeiro, e ainda n\u00e3o h\u00e1 resultado conclusivo. <\/p>\n<p> De acordo com o munic\u00edpio, o homem de 49 anos foi internado no Hospital dos Plantadores de Cana e morreu na \u00faltima quarta-feira (14). A suspeita \u00e9 que o caso possa estar relacionado \u00e0 febre maculosa. <\/p>\n<p> A fam\u00edlia do paciente e outras pessoas internadas no Hospital Plantadores de Cana est\u00e3o sendo monitoradas, e at\u00e9 o momento, ningu\u00e9m apresentou sintomas da doen\u00e7a. <\/p>\n<p> Por conta da aproxima\u00e7\u00e3o das f\u00e9rias escolares, \u00e9poca em que as pessoas costumam visitar \u00e1reas end\u00eamicas do carrapato, como \u00e1reas pr\u00f3ximas a rios e lagoas, a Secretaria Municipal de Sa\u00fade est\u00e1 orientando a popula\u00e7\u00e3o a tomar precau\u00e7\u00f5es. <\/p>\n<p> O subsecret\u00e1rio da Subsecretaria de Aten\u00e7\u00e3o B\u00e1sica, Vigil\u00e2ncia e Promo\u00e7\u00e3o da Sa\u00fade, o infectologista Rodrigo Carneiro, refor\u00e7a que n\u00e3o foram registrados casos confirmados da doen\u00e7a em Campos neste ano, que \u00e9 causada pela bact\u00e9ria Rickettsia rickettsii. Em 2022, foram notificados 58 casos, dos quais 9 foram confirmados e 6 resultaram em \u00f3bito. <\/p>\n<p><h2>Quais cuidados tomar?<\/h2>\n<\/p>\n<p> O subsecret\u00e1rio destaca a import\u00e2ncia de evitar o contato direto com \u00e1reas alagadas e com vegeta\u00e7\u00e3o alta. Caso o contato seja inevit\u00e1vel, \u00e9 recomendado tomar precau\u00e7\u00f5es, como higienizar o corpo e verificar a presen\u00e7a de carrapatos aderidos \u00e0 pele. <\/p>\n<p> Se um carrapato for encontrado fixado \u00e0 pele, \u00e9 essencial n\u00e3o esprem\u00ea-lo com as unhas para evitar contamina\u00e7\u00e3o. O ideal \u00e9 remov\u00ea-lo com cuidado, torcendo-o levemente com o aux\u00edlio de uma pin\u00e7a, segurando o aparelho bucal do carrapato, e n\u00e3o o seu corpo. <\/p>\n<p><h2>Quais s\u00e3o os sintomas da febre maculosa?<\/h2>\n<\/p>\n<p> Os principais sintomas da febre maculosa incluem febre alta, fortes dores de cabe\u00e7a, dores musculares e articulares, dor abdominal, diarreia, erup\u00e7\u00f5es cut\u00e2neas e altera\u00e7\u00f5es na urina, que pode ficar mais concentrada. Esses sintomas geralmente aparecem entre dois e 14 dias ap\u00f3s a picada do carrapato infectado. Animais como cavalos, capivaras, gamb\u00e1s e c\u00e3es que circulam em \u00e1reas infestadas por carrapatos-estrela tamb\u00e9m podem ser hospedeiros da bact\u00e9ria. <\/p>\n<p> O per\u00edodo entre a picada e o in\u00edcio dos sintomas varia de 2 a 14 dias, com m\u00e9dia de sete dias. A falta de tratamento adequado pode levar a uma letalidade da doen\u00e7a superior a 80%. Portanto, caso haja contato com carrapatos e apresenta\u00e7\u00e3o de sintomas mencionados, \u00e9 fundamental buscar atendimento m\u00e9dico imediato para a realiza\u00e7\u00e3o de exames detalhados visando \u00e0 identifica\u00e7\u00e3o da doen\u00e7a. <\/p>\n<p> Desde 2021, o munic\u00edpio de Campos tem sido monitorado como uma \u00e1rea de interesse para a febre maculosa no estado do Rio de Janeiro. Por isso, tem sido realizada capacita\u00e7\u00e3o dos profissionais da rede p\u00fablica de sa\u00fade para melhor enfrentamento da doen\u00e7a. <\/p>\n<ul>\n<li> <a href=\"https:\/\/g1.globo.com\/rj\/norte-fluminense\/cidade\/campos-dos-goytacazes\/\" class=\"entities__list-itemLink\" data-track-click=\"Campos dos Goytacazes\"> Campos dos Goytacazes <\/a> <\/li>\n<\/ul>\n","protected":false},"excerpt":{"rendered":"<p>Suspeita de morte por febre maculosa \u00e9 investigada em Campos O exame de laborat\u00f3rio do paciente que morreu com suspeita de febre maculosa em Campos dos Goytacazes, no Norte Fluminense, est\u00e1 sendo analisado no Laborat\u00f3rio Central Noel Nutels de Sa\u00fade P\u00fablica (Lacen), localizado no Rio de Janeiro, e ainda n\u00e3o h\u00e1 resultado conclusivo. De acordo [&hellip;]<\/p>\n","protected":false},"author":1,"featured_media":0,"comment_status":"closed","ping_status":"closed","sticky":false,"template":"","format":"standard","meta":{"footnotes":""},"categories":[],"tags":[],"class_list":["post-49543","post","type-post","status-publish","format-standard","hentry"],"_links":{"self":[{"href":"https:\/\/blog.corretoraideal.com.br\/index.php\/wp-json\/wp\/v2\/posts\/49543","targetHints":{"allow":["GET"]}}],"collection":[{"href":"https:\/\/blog.corretoraideal.com.br\/index.php\/wp-json\/wp\/v2\/posts"}],"about":[{"href":"https:\/\/blog.corretoraideal.com.br\/index.php\/wp-json\/wp\/v2\/types\/post"}],"author":[{"embeddable":true,"href":"https:\/\/blog.corretoraideal.com.br\/index.php\/wp-json\/wp\/v2\/users\/1"}],"replies":[{"embeddable":true,"href":"https:\/\/blog.corretoraideal.com.br\/index.php\/wp-json\/wp\/v2\/comments?post=49543"}],"version-history":[{"count":1,"href":"https:\/\/blog.corretoraideal.com.br\/index.php\/wp-json\/wp\/v2\/posts\/49543\/revisions"}],"predecessor-version":[{"id":49546,"href":"https:\/\/blog.corretoraideal.com.br\/index.php\/wp-json\/wp\/v2\/posts\/49543\/revisions\/49546"}],"wp:attachment":[{"href":"https:\/\/blog.corretoraideal.com.br\/index.php\/wp-json\/wp\/v2\/media?parent=49543"}],"wp:term":[{"taxonomy":"category","embeddable":true,"href":"https:\/\/blog.corretoraideal.com.br\/index.php\/wp-json\/wp\/v2\/categories?post=49543"},{"taxonomy":"post_tag","embeddable":true,"href":"https:\/\/blog.corretoraideal.com.br\/index.php\/wp-json\/wp\/v2\/tags?post=49543"}],"curies":[{"name":"wp","href":"https:\/\/api.w.org\/{rel}","templated":true}]}}