{"id":49547,"date":"2023-06-21T07:30:06","date_gmt":"2023-06-21T07:30:06","guid":{"rendered":"https:\/\/blog.corretoraideal.com.br\/?p=49547"},"modified":"2023-06-21T07:30:06","modified_gmt":"2023-06-21T07:30:06","slug":"aeroporto-de-congonhas-inaugura-sala-multissensorial-para-passageiros-neurodivergentes-com-piscina-de-bolas-iluminadas-e-maquina-de-bolhinhas-de-sabao-sao-paulo-g1","status":"publish","type":"post","link":"https:\/\/blog.corretoraideal.com.br\/index.php\/2023\/06\/21\/aeroporto-de-congonhas-inaugura-sala-multissensorial-para-passageiros-neurodivergentes-com-piscina-de-bolas-iluminadas-e-maquina-de-bolhinhas-de-sabao-sao-paulo-g1\/","title":{"rendered":"Aeroporto de Congonhas inaugura sala multissensorial para passageiros neurodivergentes com piscina de bolas iluminadas e m\u00e1quina de bolhinhas de sab\u00e3o | S\u00e3o Paulo | G1"},"content":{"rendered":"<p>      1 de 2&#013;Sala multissensorial no aeroporto de Congonhas \u2014 Foto: Reprodu\u00e7\u00e3o\/TV Globo    <\/p>\n<p> Sala multissensorial no aeroporto de Congonhas \u2014 Foto: Reprodu\u00e7\u00e3o\/TV Globo <\/p>\n<p> Uma sala multissensorial foi inaugurada nesta segunda-feira (19) no Aeroporto de Congonhas, em S\u00e3o Paulo (SP), com o objetivo de ampliar a inclus\u00e3o e facilitar a experi\u00eancia de pessoas neurodivergentes. <\/p>\n<p> O espa\u00e7o foi projetado para ampliar a inclus\u00e3o e facilitar a experi\u00eancia de pessoas neurodivergentes durante o per\u00edodo em que aguardam nos terminais para o embarque nos voos. As salas possuem ilumina\u00e7\u00e3o especial, pain\u00e9is de atividades e mobili\u00e1rio projetado para proporcionar conforto e tranquilidade. O Aeroporto Santos Dumont, no Rio de Janeiro, tamb\u00e9m ganhou uma sala dessas. <\/p>\n<p> A inaugura\u00e7\u00e3o teve a presen\u00e7a do ministro de Portos e Aeroportos, Marcio Fran\u00e7a, e do presidente da Infraero, Rog\u00e9rio Barzellay. Neste domingo (18), foi comemorado o dia do orgulho autista. <\/p>\n<p><h2>Leia tamb\u00e9m:<\/h2>\n<\/p>\n<ul>\n<li><a class href=\"https:\/\/g1.globo.com\/sp\/sao-paulo\/noticia\/2023\/06\/19\/gemeos-autistas-se-apaixonam-pela-rede-globo-e-fascinio-os-leva-a-desenvolver-comunicacao.ghtml\">G\u00eameos autistas se apaixonam pela Rede Globo e fasc\u00ednio os leva a desenvolver comunica\u00e7\u00e3o<\/a><\/li>\n<\/ul>\n<p> O ambiente ganhou piscina de bolas iluminadas, m\u00e1quina de bolhinhas de sab\u00e3o e projetor de efeitos e v\u00eddeo. O espa\u00e7o fica localizado na sala de embarque, pr\u00f3ximo ao port\u00e3o 4. <\/p>\n<p> Para utiliza\u00e7\u00e3o da sala, os interessados devem procurar os balc\u00f5es das empresas a\u00e9reas para que sejam acompanhados e orientados sobre a melhor maneira de como utilizar os ambientes. <\/p>\n<p> De acordo com o ministro, a iniciativa vai ao encontro de uma das principais bandeiras do governo federal, que \u00e9 tornar a avia\u00e7\u00e3o mais acess\u00edvel a todos. <\/p>\n<p> \u201cQueremos que todos os passageiros, sem exce\u00e7\u00e3o, possam se sentir bem atendidos e seguros\u201d, afirma o ministro, em nota divulgada pela Infraero. <\/p>\n<p>         2 de 2&#013;Inaugura\u00e7\u00e3o de sala sensorial no Aeroporto de Congonhas \u2014 Foto: Reprodu\u00e7\u00e3o\/TV Globo    <\/p>\n<p> Inaugura\u00e7\u00e3o de sala sensorial no Aeroporto de Congonhas \u2014 Foto: Reprodu\u00e7\u00e3o\/TV Globo <\/p>\n<ul> <\/ul>\n","protected":false},"excerpt":{"rendered":"<p>1 de 2&#013;Sala multissensorial no aeroporto de Congonhas \u2014 Foto: Reprodu\u00e7\u00e3o\/TV Globo Sala multissensorial no aeroporto de Congonhas \u2014 Foto: Reprodu\u00e7\u00e3o\/TV Globo Uma sala multissensorial foi inaugurada nesta segunda-feira (19) no Aeroporto de Congonhas, em S\u00e3o Paulo (SP), com o objetivo de ampliar a inclus\u00e3o e facilitar a experi\u00eancia de pessoas neurodivergentes. O espa\u00e7o foi [&hellip;]<\/p>\n","protected":false},"author":1,"featured_media":0,"comment_status":"closed","ping_status":"closed","sticky":false,"template":"","format":"standard","meta":{"footnotes":""},"categories":[],"tags":[],"class_list":["post-49547","post","type-post","status-publish","format-standard","hentry"],"_links":{"self":[{"href":"https:\/\/blog.corretoraideal.com.br\/index.php\/wp-json\/wp\/v2\/posts\/49547","targetHints":{"allow":["GET"]}}],"collection":[{"href":"https:\/\/blog.corretoraideal.com.br\/index.php\/wp-json\/wp\/v2\/posts"}],"about":[{"href":"https:\/\/blog.corretoraideal.com.br\/index.php\/wp-json\/wp\/v2\/types\/post"}],"author":[{"embeddable":true,"href":"https:\/\/blog.corretoraideal.com.br\/index.php\/wp-json\/wp\/v2\/users\/1"}],"replies":[{"embeddable":true,"href":"https:\/\/blog.corretoraideal.com.br\/index.php\/wp-json\/wp\/v2\/comments?post=49547"}],"version-history":[{"count":1,"href":"https:\/\/blog.corretoraideal.com.br\/index.php\/wp-json\/wp\/v2\/posts\/49547\/revisions"}],"predecessor-version":[{"id":49549,"href":"https:\/\/blog.corretoraideal.com.br\/index.php\/wp-json\/wp\/v2\/posts\/49547\/revisions\/49549"}],"wp:attachment":[{"href":"https:\/\/blog.corretoraideal.com.br\/index.php\/wp-json\/wp\/v2\/media?parent=49547"}],"wp:term":[{"taxonomy":"category","embeddable":true,"href":"https:\/\/blog.corretoraideal.com.br\/index.php\/wp-json\/wp\/v2\/categories?post=49547"},{"taxonomy":"post_tag","embeddable":true,"href":"https:\/\/blog.corretoraideal.com.br\/index.php\/wp-json\/wp\/v2\/tags?post=49547"}],"curies":[{"name":"wp","href":"https:\/\/api.w.org\/{rel}","templated":true}]}}