{"id":49566,"date":"2023-06-21T13:30:03","date_gmt":"2023-06-21T13:30:03","guid":{"rendered":"https:\/\/blog.corretoraideal.com.br\/?p=49566"},"modified":"2023-06-21T13:30:03","modified_gmt":"2023-06-21T13:30:03","slug":"ibovespa-abre-com-volatilidade-em-quarta-feira-de-copom-economia-g1","status":"publish","type":"post","link":"https:\/\/blog.corretoraideal.com.br\/index.php\/2023\/06\/21\/ibovespa-abre-com-volatilidade-em-quarta-feira-de-copom-economia-g1\/","title":{"rendered":"Ibovespa abre com volatilidade em quarta-feira de Copom | Economia | G1"},"content":{"rendered":"<p>      1 de 1&#013;Ibovespa \u2014 Foto: Burak The Weekender\/Pexels    <\/p>\n<p> Ibovespa \u2014 Foto: Burak The Weekender\/Pexels <\/p>\n<p> O <a class href=\"https:\/\/g1.globo.com\/tudo-sobre\/ibovespa\/\">Ibovespa<\/a>, principal \u00edndice da bolsa de valores de S\u00e3o Paulo, a <a class href=\"https:\/\/g1.globo.com\/tudo-sobre\/bmf-bovespa\/\">B3<\/a>, abriu com volatilidade nesta quarta-feira (21), oscilando entre altas e baixas, com investidores aguardando a decis\u00e3o do Comit\u00ea de Pol\u00edtica Monet\u00e1ria (<a class href=\"https:\/\/g1.globo.com\/tudo-sobre\/copom\/\">Copom<\/a>) do <a class href=\"https:\/\/g1.globo.com\/tudo-sobre\/banco-central-do-brasil\/\">Banco Central do Brasil<\/a> (BC), sobre os rumos da Selic, taxa b\u00e1sica de juros. As expectativas s\u00e3o de que os juros permane\u00e7am no mesmo patamar at\u00e9 agosto. <\/p>\n<p> \u00c0s 10h08, o \u00edndice ca\u00eda 0,03%, aos 119.583 pontos<strong>.<\/strong> <a class href=\"https:\/\/valor.globo.com\/valor-data\/\">Veja mais cota\u00e7\u00f5es<\/a>. <\/p>\n<p> No dia anterior, o Ibovespa teve baixa de 0,20%, aos 119.622 pontos. Com o resultado, o \u00edndice passou a acumular altas de: <\/p>\n<ul>\n<li><strong>0,73% na semana;<\/strong><\/li>\n<li><strong>10,42% no m\u00eas;<\/strong><\/li>\n<li><strong>9,01% no ano.<\/strong><\/li>\n<\/ul>\n<p><h2><strong>O que est\u00e1 mexendo com os mercados?<\/strong><\/h2>\n<\/p>\n<p> Embora uma manuten\u00e7\u00e3o da taxa Selic em 13,75% ao ano seja amplamente esperada e j\u00e1 esteja precificada pelo mercado, o principal foco de aten\u00e7\u00e3o dos investidores ser\u00e1 o comunicado do Copom, que \u00e9 divulgado logo ap\u00f3s o fim da reuni\u00e3o. <\/p>\n<p> No documento, o Comit\u00ea oferece uma perspectiva ao mercado de quais ser\u00e3o seus pr\u00f3ximos passos em rela\u00e7\u00e3o aos rumos da pol\u00edtica monet\u00e1ria no pa\u00eds. <\/p>\n<p> As proje\u00e7\u00f5es da grande maioria dos bancos e outras institui\u00e7\u00f5es financeiras apontam para os juros come\u00e7ando a cair em agosto. <\/p>\n<p> Segundo a \u00faltima edi\u00e7\u00e3o do Boletim Focus, relat\u00f3rio do BC que traz uma mediana das expectativas de economistas para indicadores econ\u00f4micos brasileiros, a taxa Selic deve encerrar o ano em 12,25% ao ano &#8211; ou 1,50% a menos do patamar atual. <\/p>\n<p> No exterior, o dia conta com poucos destaques na agenda econ\u00f4mica. O principal deles \u00e9 o discurso de Jerome Powell, presidente do Federal Reserve (<a class href=\"https:\/\/g1.globo.com\/tudo-sobre\/fed\/\">Fed<\/a>, o banco central americano), que fala na C\u00e2mara dos Deputados dos <a class href=\"https:\/\/g1.globo.com\/tudo-sobre\/estados-unidos\/\">Estados Unidos<\/a> no fim da manh\u00e3. <\/p>\n<p> Investidores sempre acompanham esses discursos, pois podem trazer sinaliza\u00e7\u00f5es sobre a trajet\u00f3ria das taxas de juros na maior economia do mundo. Atualmente, as taxas est\u00e3o entre 5,00% e 5,25% ao ano, ap\u00f3s o Fed optar por mant\u00ea-las inalteradas em sua \u00faltima reuni\u00e3o, na semana passada. <\/p>\n<p> No entanto, a institui\u00e7\u00e3o j\u00e1 destacou que pode voltar a aumentar os juros do pa\u00eds nos pr\u00f3ximos meses caso a infla\u00e7\u00e3o volte a subir com mais for\u00e7a. <\/p>\n<ul>\n<li> <a href=\"https:\/\/g1.globo.com\/tudo-sobre\/bmf-bovespa\/\" class=\"entities__list-itemLink\" data-track-click=\"B3\"> B3 <\/a> <\/li>\n<li> <a href=\"https:\/\/g1.globo.com\/tudo-sobre\/banco-central-do-brasil\/\" class=\"entities__list-itemLink\" data-track-click=\"Banco Central do Brasil\"> Banco Central do Brasil <\/a> <\/li>\n<li> <a href=\"https:\/\/g1.globo.com\/tudo-sobre\/copom\/\" class=\"entities__list-itemLink\" data-track-click=\"Copom\"> Copom <\/a> <\/li>\n<li> <a href=\"https:\/\/g1.globo.com\/tudo-sobre\/estados-unidos\/\" class=\"entities__list-itemLink\" data-track-click=\"Estados Unidos\"> Estados Unidos <\/a> <\/li>\n<li> <a href=\"https:\/\/g1.globo.com\/tudo-sobre\/fed\/\" class=\"entities__list-itemLink\" data-track-click=\"FED\"> FED <\/a> <\/li>\n<li> <a href=\"https:\/\/g1.globo.com\/tudo-sobre\/ibovespa\/\" class=\"entities__list-itemLink\" data-track-click=\"Ibovespa\"> Ibovespa <\/a> <\/li>\n<li> <a href=\"https:\/\/g1.globo.com\/tudo-sobre\/petrobras\/\" class=\"entities__list-itemLink\" data-track-click=\"Petrobras\"> Petrobras <\/a> <\/li>\n<li> <a href=\"https:\/\/g1.globo.com\/tudo-sobre\/senado-federal\/\" class=\"entities__list-itemLink\" data-track-click=\"Senado\"> Senado <\/a> <\/li>\n<li> <a href=\"https:\/\/g1.globo.com\/tudo-sobre\/vale\/\" class=\"entities__list-itemLink\" data-track-click=\"Vale\"> Vale <\/a> <\/li>\n<\/ul>\n","protected":false},"excerpt":{"rendered":"<p>1 de 1&#013;Ibovespa \u2014 Foto: Burak The Weekender\/Pexels Ibovespa \u2014 Foto: Burak The Weekender\/Pexels O Ibovespa, principal \u00edndice da bolsa de valores de S\u00e3o Paulo, a B3, abriu com volatilidade nesta quarta-feira (21), oscilando entre altas e baixas, com investidores aguardando a decis\u00e3o do Comit\u00ea de Pol\u00edtica Monet\u00e1ria (Copom) do Banco Central do Brasil (BC), [&hellip;]<\/p>\n","protected":false},"author":1,"featured_media":0,"comment_status":"closed","ping_status":"closed","sticky":false,"template":"","format":"standard","meta":{"footnotes":""},"categories":[],"tags":[],"class_list":["post-49566","post","type-post","status-publish","format-standard","hentry"],"_links":{"self":[{"href":"https:\/\/blog.corretoraideal.com.br\/index.php\/wp-json\/wp\/v2\/posts\/49566","targetHints":{"allow":["GET"]}}],"collection":[{"href":"https:\/\/blog.corretoraideal.com.br\/index.php\/wp-json\/wp\/v2\/posts"}],"about":[{"href":"https:\/\/blog.corretoraideal.com.br\/index.php\/wp-json\/wp\/v2\/types\/post"}],"author":[{"embeddable":true,"href":"https:\/\/blog.corretoraideal.com.br\/index.php\/wp-json\/wp\/v2\/users\/1"}],"replies":[{"embeddable":true,"href":"https:\/\/blog.corretoraideal.com.br\/index.php\/wp-json\/wp\/v2\/comments?post=49566"}],"version-history":[{"count":1,"href":"https:\/\/blog.corretoraideal.com.br\/index.php\/wp-json\/wp\/v2\/posts\/49566\/revisions"}],"predecessor-version":[{"id":49568,"href":"https:\/\/blog.corretoraideal.com.br\/index.php\/wp-json\/wp\/v2\/posts\/49566\/revisions\/49568"}],"wp:attachment":[{"href":"https:\/\/blog.corretoraideal.com.br\/index.php\/wp-json\/wp\/v2\/media?parent=49566"}],"wp:term":[{"taxonomy":"category","embeddable":true,"href":"https:\/\/blog.corretoraideal.com.br\/index.php\/wp-json\/wp\/v2\/categories?post=49566"},{"taxonomy":"post_tag","embeddable":true,"href":"https:\/\/blog.corretoraideal.com.br\/index.php\/wp-json\/wp\/v2\/tags?post=49566"}],"curies":[{"name":"wp","href":"https:\/\/api.w.org\/{rel}","templated":true}]}}