{"id":49575,"date":"2023-06-21T17:29:50","date_gmt":"2023-06-21T17:29:50","guid":{"rendered":"https:\/\/blog.corretoraideal.com.br\/?p=49575"},"modified":"2023-06-21T17:29:50","modified_gmt":"2023-06-21T17:29:50","slug":"apos-prisao-de-brasileiras-na-alemanha-governo-anuncia-programa-de-reforco-da-seguranca-em-aeroportos-politica-g1","status":"publish","type":"post","link":"https:\/\/blog.corretoraideal.com.br\/index.php\/2023\/06\/21\/apos-prisao-de-brasileiras-na-alemanha-governo-anuncia-programa-de-reforco-da-seguranca-em-aeroportos-politica-g1\/","title":{"rendered":"Ap\u00f3s pris\u00e3o de brasileiras na Alemanha, governo anuncia programa de refor\u00e7o da seguran\u00e7a em aeroportos | Pol\u00edtica | G1"},"content":{"rendered":"\n<p> O governo lan\u00e7ou nesta quarta-feira (21) um programa para aumentar a seguran\u00e7a de passageiros e bagagens em todos os aeroportos nacionais. A iniciativa vai come\u00e7ar no terminal de Guarulhos, em S\u00e3o Paulo, e o investimento inicial previsto \u00e9 de R$ 40 milh\u00f5es. <\/p>\n<p> Com o nome de &quot;Aeroportos + Seguros&quot;, o programa prev\u00ea a instala\u00e7\u00e3o de mais c\u00e2meras no check-in, inspe\u00e7\u00e3o de bagagens, instala\u00e7\u00e3o de novos equipamentos de raio-x, scanners corporais e detectores de l\u00edquidos e explosivos, entre outras. <\/p>\n<p> Segundo o governo, as medidas ser\u00e3o implementadas de forma escalonada, da seguinte forma: <\/p>\n<p> <strong>Em at\u00e9 6 meses<\/strong> <\/p>\n<ul>\n<li>Implementa\u00e7\u00e3o de c\u00e2meras de seguran\u00e7a; <\/li>\n<li>Identifica\u00e7\u00e3o com chave de acesso individualizado ao sistema de bagagem no terminal internacional; <\/li>\n<li>Restri\u00e7\u00e3o de uso de celulares e tablets em \u00e1reas restritas; <\/li>\n<li>Entrada centralizada no terminal de cargas; <\/li>\n<li>Acesso biom\u00e9trico de funcion\u00e1rios nas \u00e1reas restritas e\/ ou controladas no terminal 2 do aeroporto de Guarulhos. <\/li>\n<\/ul>\n<p> <strong>Em at\u00e9 12 meses<\/strong> <\/p>\n<ul>\n<li>Acesso biom\u00e9trico de funcion\u00e1rios nas \u00e1reas restritas e\/ou controladas nos demais terminais; <\/li>\n<li>Sistema de monitoramento; <\/li>\n<li>Recebimento de equipamentos de seguran\u00e7a pela concession\u00e1ria do aeroporto via conv\u00eanio com a autoridade americana de aeroportos; <\/li>\n<li>Aquisi\u00e7\u00e3o de outros equipamentos que n\u00e3o fazem parte do conv\u00eanio. <\/li>\n<\/ul>\n<p> <strong>Em at\u00e9 18 meses<\/strong> <\/p>\n<ul>\n<li>Refor\u00e7o de seguran\u00e7a na inspe\u00e7\u00e3o de passageiros; <\/li>\n<li>Incremento da vigil\u00e2ncia nos canais de funcion\u00e1rios do aeroporto; <\/li>\n<li>Aumento da prote\u00e7\u00e3o e inspe\u00e7\u00e3o das bagagens despachadas. <\/li>\n<\/ul>\n<p> Segundo o governo, o programa deve ser expandido para os aeroportos que recebem voos internacionais at\u00e9 dezembro de 2025. O investimento total \u00e9 estimado em cerca de R$ 240 milh\u00f5es, de acordo com o ministro de Portos e Aeroportos, M\u00e1rcio Fran\u00e7a. <\/p>\n<p> &quot;Trabalhadores que trabalham na parte interna dos aeroportos s\u00e3o muito mais vulner\u00e1veis que os servidores p\u00fablicos porque eles n\u00e3o t\u00eam qualquer tipo de prote\u00e7\u00e3o&quot;, afirmou o ministro. <\/p>\n<p>                   <img loading=\"lazy\" decoding=\"async\" class=\"aligncenter size-full wp-image-49577\" src=\"https:\/\/blog.corretoraideal.com.br\/wp-content\/uploads\/2023\/06\/chegam-brasileiras-que-ficaram-presas-na-alemanha-depois-que-a-bagagem-delas-foi-trocada.jpeg\" alt=\"Chegam brasileiras que ficaram presas na Alemanha, depois que a bagagem delas foi trocada\" width=\"800\" height=\"400\" \/>      <\/p>\n<p> Chegam brasileiras que ficaram presas na Alemanha, depois que a bagagem delas foi trocada <\/p>\n<p> Fran\u00e7a mencionou o caso das <a class href=\"https:\/\/g1.globo.com\/go\/goias\/noticia\/2023\/04\/14\/brasileiras-que-foram-presas-na-alemanha-apos-terem-malas-trocadas-por-bagagens-com-drogas-chegam-ao-brasil.ghtml\">brasileiras presas na Alemanha por tr\u00e1fico de drogas depois de terem as etiquetas de suas bagagens trocadas<\/a> em Guarulhos. <\/p>\n<p> &quot;Sempre que surge uma novidade como nesse epis\u00f3dio, n\u00f3s temos que ir aprimorando. Esse aprimoramento \u00e9 dever nosso porque n\u00f3s cobramos das pessoas uma taxa para que elas tenham conosco a garantia de que \u00e9 um servi\u00e7o p\u00fablico, que a rigor est\u00e1 sendo feito por outra empresa&quot;, disse. <\/p>\n<p> De acordo com o ministro da Justi\u00e7a e Seguran\u00e7a P\u00fablica, Fl\u00e1vio Dino, as medidas devem ser estendidas aos portos nacionais. <\/p>\n<p> &quot;Vamos muito em breve fortalecer essa parceria com o Minist\u00e9rio de Portos e Aeroportos com o an\u00fancio de um trabalho conjunto no setor portu\u00e1rio, temos guarda portu\u00e1ria que integra o Susp [Sistema \u00danico de Seguran\u00e7a P\u00fablica], queremos que se estenda ao segmento&quot;, afirmou. <\/p>\n<ul> <\/ul>\n","protected":false},"excerpt":{"rendered":"<p>O governo lan\u00e7ou nesta quarta-feira (21) um programa para aumentar a seguran\u00e7a de passageiros e bagagens em todos os aeroportos nacionais. A iniciativa vai come\u00e7ar no terminal de Guarulhos, em S\u00e3o Paulo, e o investimento inicial previsto \u00e9 de R$ 40 milh\u00f5es. Com o nome de &quot;Aeroportos + Seguros&quot;, o programa prev\u00ea a instala\u00e7\u00e3o de [&hellip;]<\/p>\n","protected":false},"author":1,"featured_media":0,"comment_status":"closed","ping_status":"closed","sticky":false,"template":"","format":"standard","meta":{"footnotes":""},"categories":[],"tags":[],"class_list":["post-49575","post","type-post","status-publish","format-standard","hentry"],"_links":{"self":[{"href":"https:\/\/blog.corretoraideal.com.br\/index.php\/wp-json\/wp\/v2\/posts\/49575","targetHints":{"allow":["GET"]}}],"collection":[{"href":"https:\/\/blog.corretoraideal.com.br\/index.php\/wp-json\/wp\/v2\/posts"}],"about":[{"href":"https:\/\/blog.corretoraideal.com.br\/index.php\/wp-json\/wp\/v2\/types\/post"}],"author":[{"embeddable":true,"href":"https:\/\/blog.corretoraideal.com.br\/index.php\/wp-json\/wp\/v2\/users\/1"}],"replies":[{"embeddable":true,"href":"https:\/\/blog.corretoraideal.com.br\/index.php\/wp-json\/wp\/v2\/comments?post=49575"}],"version-history":[{"count":1,"href":"https:\/\/blog.corretoraideal.com.br\/index.php\/wp-json\/wp\/v2\/posts\/49575\/revisions"}],"predecessor-version":[{"id":49578,"href":"https:\/\/blog.corretoraideal.com.br\/index.php\/wp-json\/wp\/v2\/posts\/49575\/revisions\/49578"}],"wp:attachment":[{"href":"https:\/\/blog.corretoraideal.com.br\/index.php\/wp-json\/wp\/v2\/media?parent=49575"}],"wp:term":[{"taxonomy":"category","embeddable":true,"href":"https:\/\/blog.corretoraideal.com.br\/index.php\/wp-json\/wp\/v2\/categories?post=49575"},{"taxonomy":"post_tag","embeddable":true,"href":"https:\/\/blog.corretoraideal.com.br\/index.php\/wp-json\/wp\/v2\/tags?post=49575"}],"curies":[{"name":"wp","href":"https:\/\/api.w.org\/{rel}","templated":true}]}}