{"id":49579,"date":"2023-06-21T18:29:38","date_gmt":"2023-06-21T18:29:38","guid":{"rendered":"https:\/\/blog.corretoraideal.com.br\/?p=49579"},"modified":"2023-06-21T18:29:38","modified_gmt":"2023-06-21T18:29:38","slug":"anatel-permite-que-operadoras-ativem-5g-em-mais-187-municipios-economia-g1","status":"publish","type":"post","link":"https:\/\/blog.corretoraideal.com.br\/index.php\/2023\/06\/21\/anatel-permite-que-operadoras-ativem-5g-em-mais-187-municipios-economia-g1\/","title":{"rendered":"Anatel permite que operadoras ativem 5G em mais 187 munic\u00edpios | Economia | G1"},"content":{"rendered":"\n<p> A Ag\u00eancia Nacional de Telecomunica\u00e7\u00f5es (<a class href=\"https:\/\/g1.globo.com\/tudo-sobre\/anatel\/\">Anatel<\/a>) vai liberar a faixa do 5G a mais 187 munic\u00edpios a partir de 26 de junho. As empresas podem solicitar a ativa\u00e7\u00e3o do sinal nesses locais. <\/p>\n<p> Com a decis\u00e3o desta quarta-feira (21), todos os 1.610 munic\u00edpios previstos para receber o 5G at\u00e9 o final de junho j\u00e1 est\u00e3o com a faixa liberada. <\/p>\n<p> <a class href=\"https:\/\/informacoes.anatel.gov.br\/paineis\/espectro-e-orbita\/gaispi-liberacao-e-planejamento-3-5-ghz\" target=\"_blank\" rel=\"noopener noreferrer\">Veja aqui a lista completa<\/a> <\/p>\n<p> Segundo a Anatel, com a medida, 141 milh\u00f5es de pessoas passam a ter acesso \u00e0 tecnologia, o que corresponde a 66,4% da popula\u00e7\u00e3o brasileira. <\/p>\n<p> A partir de julho, outros munic\u00edpios poder\u00e3o ter a faixa liberada antes do previsto. A Siga Antenado \u00e9 a entidade formada pelas principais vencedoras do leil\u00e3o do 5G para fazer a \u201climpeza da faixa\u201d que ser\u00e1 usada pela nova tecnologia. <\/p>\n<p> Antes do leil\u00e3o, a faixa do espectro de 3,5 giga-hertz \u2013que funciona como uma avenida por onde trafegam os dados\u2014era usada por antenas parab\u00f3licas para recep\u00e7\u00e3o do sinal de TV aberta e por servi\u00e7os de sat\u00e9lites. <\/p>\n<p> A Siga Antenado tem um cronograma para fazer a instala\u00e7\u00e3o de novas antenas, em outra faixa do espectro, e filtros. O objetivo \u00e9 impedir a interfer\u00eancia no sinal do 5G. <\/p>\n<p> As pessoas que t\u00eam antenas parab\u00f3licas precisam adaptar o equipamento. Aqueles que est\u00e3o inscritos no Cad\u00danico podem solicitar o kit gratuito \u00e0 Siga Antenado. <\/p>\n<p> Saiba mais no <a class href=\"https:\/\/g1.globo.com\/tecnologia\/noticia\/2022\/12\/01\/5g-afeta-sinal-de-tv-na-parabolica-antiga-guia-traz-tudo-sobre-a-mudanca-e-quem-pode-pedir-nova-antena-gratuita.ghtml#kit\">guia do g1<\/a>: <\/p>\n<ul>\n<li><a class href=\"https:\/\/g1.globo.com\/tecnologia\/noticia\/2022\/12\/01\/5g-afeta-sinal-de-tv-na-parabolica-antiga-guia-traz-tudo-sobre-a-mudanca-e-quem-pode-pedir-nova-antena-gratuita.ghtml#trocarnatena\">Vou precisar trocar de antena?<\/a><\/li>\n<li><a class href=\"https:\/\/g1.globo.com\/tecnologia\/noticia\/2022\/12\/01\/5g-afeta-sinal-de-tv-na-parabolica-antiga-guia-traz-tudo-sobre-a-mudanca-e-quem-pode-pedir-nova-antena-gratuita.ghtml#diferenciarantenas\">Qual a diferen\u00e7a entre a parab\u00f3lica antiga e a nova parab\u00f3lica?<\/a><\/li>\n<li><a class href=\"https:\/\/g1.globo.com\/tecnologia\/noticia\/2022\/12\/01\/5g-afeta-sinal-de-tv-na-parabolica-antiga-guia-traz-tudo-sobre-a-mudanca-e-quem-pode-pedir-nova-antena-gratuita.ghtml#kit\">Posso pedir a nova parab\u00f3lica de gra\u00e7a?<\/a><\/li>\n<\/ul>\n<p>                   <img loading=\"lazy\" decoding=\"async\" class=\"aligncenter size-full wp-image-49581\" src=\"https:\/\/blog.corretoraideal.com.br\/wp-content\/uploads\/2023\/06\/entenda-a-relacao-entre-5g-o-sinal-de-tv-e-antenas-parabolicas-em-5-pontos.jpeg\" alt=\"Entenda a rela\u00e7\u00e3o entre 5G, o sinal de TV e antenas parab\u00f3licas em 5 pontos\" width=\"800\" height=\"400\" \/>      <\/p>\n<p> Entenda a rela\u00e7\u00e3o entre 5G, o sinal de TV e antenas parab\u00f3licas em 5 pontos <\/p>\n<ul>\n<li> <a href=\"https:\/\/g1.globo.com\/tudo-sobre\/anatel\/\" class=\"entities__list-itemLink\" data-track-click=\"Anatel\"> Anatel <\/a> <\/li>\n<\/ul>\n","protected":false},"excerpt":{"rendered":"<p>A Ag\u00eancia Nacional de Telecomunica\u00e7\u00f5es (Anatel) vai liberar a faixa do 5G a mais 187 munic\u00edpios a partir de 26 de junho. As empresas podem solicitar a ativa\u00e7\u00e3o do sinal nesses locais. Com a decis\u00e3o desta quarta-feira (21), todos os 1.610 munic\u00edpios previstos para receber o 5G at\u00e9 o final de junho j\u00e1 est\u00e3o com [&hellip;]<\/p>\n","protected":false},"author":1,"featured_media":0,"comment_status":"closed","ping_status":"closed","sticky":false,"template":"","format":"standard","meta":{"footnotes":""},"categories":[],"tags":[],"class_list":["post-49579","post","type-post","status-publish","format-standard","hentry"],"_links":{"self":[{"href":"https:\/\/blog.corretoraideal.com.br\/index.php\/wp-json\/wp\/v2\/posts\/49579","targetHints":{"allow":["GET"]}}],"collection":[{"href":"https:\/\/blog.corretoraideal.com.br\/index.php\/wp-json\/wp\/v2\/posts"}],"about":[{"href":"https:\/\/blog.corretoraideal.com.br\/index.php\/wp-json\/wp\/v2\/types\/post"}],"author":[{"embeddable":true,"href":"https:\/\/blog.corretoraideal.com.br\/index.php\/wp-json\/wp\/v2\/users\/1"}],"replies":[{"embeddable":true,"href":"https:\/\/blog.corretoraideal.com.br\/index.php\/wp-json\/wp\/v2\/comments?post=49579"}],"version-history":[{"count":1,"href":"https:\/\/blog.corretoraideal.com.br\/index.php\/wp-json\/wp\/v2\/posts\/49579\/revisions"}],"predecessor-version":[{"id":49582,"href":"https:\/\/blog.corretoraideal.com.br\/index.php\/wp-json\/wp\/v2\/posts\/49579\/revisions\/49582"}],"wp:attachment":[{"href":"https:\/\/blog.corretoraideal.com.br\/index.php\/wp-json\/wp\/v2\/media?parent=49579"}],"wp:term":[{"taxonomy":"category","embeddable":true,"href":"https:\/\/blog.corretoraideal.com.br\/index.php\/wp-json\/wp\/v2\/categories?post=49579"},{"taxonomy":"post_tag","embeddable":true,"href":"https:\/\/blog.corretoraideal.com.br\/index.php\/wp-json\/wp\/v2\/tags?post=49579"}],"curies":[{"name":"wp","href":"https:\/\/api.w.org\/{rel}","templated":true}]}}