{"id":49587,"date":"2023-06-21T21:29:33","date_gmt":"2023-06-21T21:29:33","guid":{"rendered":"https:\/\/blog.corretoraideal.com.br\/?p=49587"},"modified":"2023-06-21T21:29:33","modified_gmt":"2023-06-21T21:29:33","slug":"campos-esta-com-inscricoes-abertas-para-a-xv-conferencia-municipal-de-assistencia-social-norte-fluminense-g1","status":"publish","type":"post","link":"https:\/\/blog.corretoraideal.com.br\/index.php\/2023\/06\/21\/campos-esta-com-inscricoes-abertas-para-a-xv-conferencia-municipal-de-assistencia-social-norte-fluminense-g1\/","title":{"rendered":"Campos est\u00e1 com inscri\u00e7\u00f5es abertas para a XV Confer\u00eancia Municipal de Assist\u00eancia Social | Norte Fluminense | G1"},"content":{"rendered":"<p>      1 de 1&#013;Confer\u00eancia visa aprimorar os servi\u00e7os de assist\u00eancia social na cidade de Campos \u2014 Foto: C\u00e9sar Ferreira\/Prefeitura de Campos    <\/p>\n<p> Confer\u00eancia visa aprimorar os servi\u00e7os de assist\u00eancia social na cidade de Campos \u2014 Foto: C\u00e9sar Ferreira\/Prefeitura de Campos <\/p>\n<p> <a class href=\"https:\/\/g1.globo.com\/rj\/norte-fluminense\/cidade\/campos-dos-goytacazes\/\">Campos dos Goytacazes<\/a>, no Norte Fluminense, est\u00e1 com inscri\u00e7\u00f5es abertas para a XV Confer\u00eancia Municipal de Assist\u00eancia Social. Interessados podem se inscrever at\u00e9 o dia 7 de julho por meio de <a class href=\"https:\/\/docs.google.com\/forms\/d\/e\/1FAIpQLScmPXTnQ2j2w-LxYUQjwYOSwEYoixMrBshAiBIYB-rojqv_YQ\/viewform\" target=\"_blank\" rel=\"noopener noreferrer\">formul\u00e1rio dispon\u00edvel no site da Prefeitura.<\/a> A inscri\u00e7\u00f5es foram abertas nesta ter\u00e7a-feira (20). <\/p>\n<p> O objetivo da Confer\u00eancia \u00e9 discutir e desenvolver propostas para aprimorar assist\u00eancia social no munic\u00edpio. S\u00e3o 300 vagas dispon\u00edveis e a ideia \u00e9 reunir profissionais da \u00e1rea, representantes do poder p\u00fablico e da sociedade civil, al\u00e9m de entidades assistenciais. De acordo com a Prefeitura, cerca de 30 pessoas atendidas pela assist\u00eancia social do munic\u00edpio receber\u00e3o convite para participa\u00e7\u00e3o no evento. <\/p>\n<p> O evento \u00e9 realizado pelo Conselho Municipal de Assist\u00eancia Social (CMAS) e Secretaria Municipal de Desenvolvimento Humano e Social (SMDHS) e vai ocorrer nos dias 12 e 13 de julho, na Universidade C\u00e2ndido Mendes. <\/p>\n<p> O tema da Confer\u00eancia deste ano \u00e9 a \u201cReconstru\u00e7\u00e3o do SUAS: O SUAS que temos e o SUAS que queremos\u201d. <\/p>\n<p> O evento na cidade antecede as confer\u00eancias estadual e nacional e conta com palestras, mesas e discuss\u00f5es. <\/p>\n<p><h2>Temas debatidos<\/h2>\n<\/p>\n<p> Cinco eixos que j\u00e1 s\u00e3o definidos pelo Conselho Nacional de Assist\u00eancia Social ser\u00e3o debatidos entre os participantes, que s\u00e3o: financiamento; controle social; articula\u00e7\u00e3o entre os segmentos; servi\u00e7os, programas e projetos; benef\u00edcio e transfer\u00eancia de renda. <\/p>\n<p> No dia 12 de julho, a ONG Orquestrando a Vida vai se apresentar fazendo a abertura do evento, a partir das 18h30. Em seguida, ser\u00e1 aberta uma mesa de discuss\u00f5es sobre o pr\u00f3prio tema da Confer\u00eancia. No segundo dia, os debates ser\u00e3o sobre a extrema pobreza e a fome. <\/p>\n<p> <strong>Eixos que foram estabelecidos pelo Conselho Nacional de Assist\u00eancia Social (CNAS):<\/strong> <\/p>\n<ul>\n<li><strong>EIXO 1 &#8211; FINANCIAMENTO: <\/strong>Financiamento e or\u00e7amento de natureza obrigat\u00f3ria, como instrumento para uma gest\u00e3o de compromisso e responsabilidades dos entes federativos para garantia dos direitos socioassistenciais contemplando as especificidades regionais do pa\u00eds;<\/li>\n<li><strong>EIXO 2 &#8211; CONTROLE SOCIAL:<\/strong> Qualifica\u00e7\u00e3o e estrutura\u00e7\u00e3o das inst\u00e2ncias de Controle Social com diretrizes democr\u00e1ticas e participativas;<\/li>\n<li><strong>EIXO 3 \u2013 ARTICULA\u00c7\u00c3O ENTRE OS SEGMENTOS: <\/strong>Como potencializar a participa\u00e7\u00e3o social no SUAS?<\/li>\n<li><strong>EIXO 4 \u2013 SERVI\u00c7OS, PROGRAMAS E PROJETOS:<\/strong> Universaliza\u00e7\u00e3o do acesso e a integra\u00e7\u00e3o das <strong>ofertas dos servi\u00e7os e direitos no SUAS;<\/strong><\/li>\n<li><strong>EIXO 5 \u2013 BENEF\u00cdCIO E TRANSFER\u00caNCIA DE RENDA: <\/strong>A import\u00e2ncia dos benef\u00edcios socioassistenciais e o direito a garantia de renda como prote\u00e7\u00e3o social na reconfigura\u00e7\u00e3o do SUAS.<\/li>\n<\/ul>\n<ul>\n<li> <a href=\"https:\/\/g1.globo.com\/rj\/norte-fluminense\/cidade\/campos-dos-goytacazes\/\" class=\"entities__list-itemLink\" data-track-click=\"Campos dos Goytacazes\"> Campos dos Goytacazes <\/a> <\/li>\n<\/ul>\n","protected":false},"excerpt":{"rendered":"<p>1 de 1&#013;Confer\u00eancia visa aprimorar os servi\u00e7os de assist\u00eancia social na cidade de Campos \u2014 Foto: C\u00e9sar Ferreira\/Prefeitura de Campos Confer\u00eancia visa aprimorar os servi\u00e7os de assist\u00eancia social na cidade de Campos \u2014 Foto: C\u00e9sar Ferreira\/Prefeitura de Campos Campos dos Goytacazes, no Norte Fluminense, est\u00e1 com inscri\u00e7\u00f5es abertas para a XV Confer\u00eancia Municipal de Assist\u00eancia [&hellip;]<\/p>\n","protected":false},"author":1,"featured_media":0,"comment_status":"closed","ping_status":"closed","sticky":false,"template":"","format":"standard","meta":{"footnotes":""},"categories":[],"tags":[],"class_list":["post-49587","post","type-post","status-publish","format-standard","hentry"],"_links":{"self":[{"href":"https:\/\/blog.corretoraideal.com.br\/index.php\/wp-json\/wp\/v2\/posts\/49587","targetHints":{"allow":["GET"]}}],"collection":[{"href":"https:\/\/blog.corretoraideal.com.br\/index.php\/wp-json\/wp\/v2\/posts"}],"about":[{"href":"https:\/\/blog.corretoraideal.com.br\/index.php\/wp-json\/wp\/v2\/types\/post"}],"author":[{"embeddable":true,"href":"https:\/\/blog.corretoraideal.com.br\/index.php\/wp-json\/wp\/v2\/users\/1"}],"replies":[{"embeddable":true,"href":"https:\/\/blog.corretoraideal.com.br\/index.php\/wp-json\/wp\/v2\/comments?post=49587"}],"version-history":[{"count":1,"href":"https:\/\/blog.corretoraideal.com.br\/index.php\/wp-json\/wp\/v2\/posts\/49587\/revisions"}],"predecessor-version":[{"id":49589,"href":"https:\/\/blog.corretoraideal.com.br\/index.php\/wp-json\/wp\/v2\/posts\/49587\/revisions\/49589"}],"wp:attachment":[{"href":"https:\/\/blog.corretoraideal.com.br\/index.php\/wp-json\/wp\/v2\/media?parent=49587"}],"wp:term":[{"taxonomy":"category","embeddable":true,"href":"https:\/\/blog.corretoraideal.com.br\/index.php\/wp-json\/wp\/v2\/categories?post=49587"},{"taxonomy":"post_tag","embeddable":true,"href":"https:\/\/blog.corretoraideal.com.br\/index.php\/wp-json\/wp\/v2\/tags?post=49587"}],"curies":[{"name":"wp","href":"https:\/\/api.w.org\/{rel}","templated":true}]}}